{"id":117321,"date":"2021-05-24T15:36:55","date_gmt":"2021-05-24T19:36:55","guid":{"rendered":"https:\/\/linitiative.ca\/International\/certificat-numerique-de-circulation-au-maroc-les-choses-se-precisent\/"},"modified":"2021-05-24T15:36:55","modified_gmt":"2021-05-24T19:36:55","slug":"certificat-numerique-de-circulation-au-maroc-les-choses-se-precisent","status":"publish","type":"post","link":"https:\/\/linitiative.ca\/International\/certificat-numerique-de-circulation-au-maroc-les-choses-se-precisent\/","title":{"rendered":"Certificat num\u00e9rique de circulation au Maroc :  les choses se pr\u00e9cisent"},"content":{"rendered":"<p><strong>Une r\u00e9union interminist\u00e9rielle relative \u00e0 l\u2019examen de la mise en \u0153uvre du certificat num\u00e9rique de circulation, a \u00e9t\u00e9 r\u00e9cemment tenue au si\u00e8ge du Minist\u00e8re de l\u2019Int\u00e9rieur \u00e0 Rabat. Cette rencontre, qui a r\u00e9uni plusieurs responsables des minist\u00e8re des Affaires \u00e9trang\u00e8res, minist\u00e8re du Tourisme et du Transport A\u00e9rien, minist\u00e8re de la Sant\u00e9 et celui de l\u2019Int\u00e9rieur, a permis de discuter des points cl\u00e9s li\u00e9s \u00e0 la mise en place du Certificat num\u00e9rique de circulation.<\/strong><\/p>\n<div class=\"c10\">\n<\/div>\n<p>L\u2019objectif de cette r\u00e9union \u00e9tait la pr\u00e9sentation du projet de certificat de circulation concernant la vaccination. Ainsi, les discussions ont tourn\u00e9 autour de l\u2019invitation formul\u00e9e par la Commission europ\u00e9enne au MAECAMRE (Minist\u00e8re des Affaires \u00c9trang\u00e8res, de la Coop\u00e9ration Africaine et des Marocains R\u00e9sidant \u00e0 l\u2019\u00c9tranger) en vue de cr\u00e9er un Comit\u00e9 mixte pour traiter de l\u2019interop\u00e9rabilit\u00e9 et la reconnaissance mutuelle des certificats marocain et europ\u00e9en et de l\u2019\u00e9tude de l\u2019opportunit\u00e9 de d\u00e9livrer le certificat de circulation concernant les tests PCR par les laboratoires agr\u00e9\u00e9s par le Minist\u00e8re de la Sant\u00e9. Dans le d\u00e9tail, le certificat de vaccination comprend trois composantes. Il s\u2019agit d\u2019abord des donn\u00e9es d\u2019identit\u00e9 (Num\u00e9ro CNIE ou CS, num\u00e9ro Passeport, nom &amp; pr\u00e9nom, genre et nationalit\u00e9), et ensuite des donn\u00e9es d\u2019authentification pr\u00e9sent\u00e9es sous forme de codes \u00e0 barres 2D utilisant un double m\u00e9canisme de cryptage.<\/p>\n<p><strong>Lire aussi| <a href=\"https:\/\/www.challenge.ma\/vaccination-anti-covid-plusieurs-cas-de-myocardite-recenses-chez-des-personnes-ayant-recu-les-vaccins-pfizer-et-moderna-185532\/\">Vaccination anti-covid : plusieurs cas de myocardite recens\u00e9s chez des personnes ayant re\u00e7u les vaccins Pfizer et Moderna<\/a><\/strong><\/p>\n<p>En ce qui concerne l\u2019\u00e9dition et la v\u00e9rification du certificat de vaccination, il est \u00e0 noter que le certificat de vaccination est disponible en deux formats (PDF imprimable et smartphone), et ce via deux canaux principaux. A travers le web via le portail <a href=\"http:\/\/www.liqahcorona.ma\">http:\/\/www.liqahcorona.ma<\/a> o\u00f9 les citoyens peuvent t\u00e9l\u00e9charger les certificats de vaccination apr\u00e8s authentification via les donn\u00e9es personnelles et un code OTP, et aussi via les guichets du Minist\u00e8re de l\u2019Int\u00e9rieur (Plus de 2000 points). \u00ab\u00a0La personne vaccin\u00e9e peut se pr\u00e9senter au niveau des guichets des annexes administratives pour r\u00e9cup\u00e9rer son certificat de vaccination\u00a0\u00bb, explique-t-on. Notons que le processus est totalement digitalis\u00e9. \u00ab\u00a0Le certificat comprend un QR Code aux normes internationales, dont la lecture et l\u2019authentification se font via une application d\u00e9velopp\u00e9e \u00e0 cet usage et utilisable sur un simple smartphone ou lecteur de code \u00e0 barres. Cette application peut \u00eatre mise \u00e0 disposition de tout organisme public (autorit\u00e9 local, police, gendarmerie etc.) ou d\u2019entit\u00e9s priv\u00e9es cibl\u00e9es (compagnies a\u00e9riennes, restaurants, etc.)\u00a0\u00bb, d\u00e9taille le minist\u00e8re.<\/p>\n<p><strong>Lire aussi| <a href=\"https:\/\/www.challenge.ma\/coronavirus-le-certificat-sanitaire-pour-voyager-dans-lue-effectif-des-le-1er-juillet-185489\/\">Coronavirus : le certificat sanitaire pour voyager dans l\u2019UE effectif d\u00e8s le 1er juillet<\/a><\/strong><\/p>\n<p>Les d\u00e9cisions issues de cette r\u00e9union portent sur la mise en place d\u2019une application standardis\u00e9e pour la lecture des codes QR contenus dans les certificats pour des fins d\u2019authentification et ce, afin de faciliter l\u2019interop\u00e9rabilit\u00e9 et la reconnaissance mutuelle des certificats sanitaires marocains et internationaux. Il est aussi question de produire un deuxi\u00e8me certificat sur la base des tests PCR au niveau de l\u2019application cr\u00e9\u00e9e conjointement par le Minist\u00e8re de l\u2019Int\u00e9rieur et le Minist\u00e8re de la Sant\u00e9 sur la base des informations fournies par les laboratoires agr\u00e9\u00e9s, ou charger les lesdits laboratoires \u00e0 le cr\u00e9er eux-m\u00eames en y int\u00e9grant un code QR pour l\u2019authentification. Il s\u2019agit aussi d\u2019inviter ult\u00e9rieurement les services de s\u00e9curit\u00e9, notamment la DGSN et la GR (Gendarmerie Royale ) aux prochaines r\u00e9unions, apr\u00e8s validation des projets de certificats relatifs \u00e0 la vaccination et aux tests PCR.<\/p>\n<p>Auteur: challenge<br \/>\n<a href=\"https:\/\/www.challenge.ma\/certificat-numerique-de-circulation-les-choses-se-precisent-185551\/\">Cliquez ici pour lire l&rsquo;article depuis sa source.<\/a><\/p>\n","protected":false},"excerpt":{"rendered":"<p>Une r\u00e9union interminist\u00e9rielle relative \u00e0 l\u2019examen de la mise en \u0153uvre du certificat num\u00e9rique de circulation, a \u00e9t\u00e9 r\u00e9cemment tenue au si\u00e8ge du Minist\u00e8re de l\u2019Int\u00e9rieur \u00e0 Rabat. Cette rencontre, qui a r\u00e9uni plusieurs responsables des minist\u00e8re des Affaires \u00e9trang\u00e8res, minist\u00e8re du Tourisme et du Transport A\u00e9rien, minist\u00e8re de la Sant\u00e9 et celui de l\u2019Int\u00e9rieur, [&hellip;]<\/p>\n","protected":false},"author":1787,"featured_media":0,"comment_status":"closed","ping_status":"closed","sticky":false,"template":"","format":"standard","meta":{"fifu_image_url":"","fifu_image_alt":"","footnotes":""},"categories":[78,54],"tags":[],"class_list":["post-117321","post","type-post","status-publish","format-standard","hentry","category-economie","category-maroc"],"_links":{"self":[{"href":"https:\/\/linitiative.ca\/International\/wp-json\/wp\/v2\/posts\/117321","targetHints":{"allow":["GET"]}}],"collection":[{"href":"https:\/\/linitiative.ca\/International\/wp-json\/wp\/v2\/posts"}],"about":[{"href":"https:\/\/linitiative.ca\/International\/wp-json\/wp\/v2\/types\/post"}],"author":[{"embeddable":true,"href":"https:\/\/linitiative.ca\/International\/wp-json\/wp\/v2\/users\/1787"}],"replies":[{"embeddable":true,"href":"https:\/\/linitiative.ca\/International\/wp-json\/wp\/v2\/comments?post=117321"}],"version-history":[{"count":0,"href":"https:\/\/linitiative.ca\/International\/wp-json\/wp\/v2\/posts\/117321\/revisions"}],"wp:attachment":[{"href":"https:\/\/linitiative.ca\/International\/wp-json\/wp\/v2\/media?parent=117321"}],"wp:term":[{"taxonomy":"category","embeddable":true,"href":"https:\/\/linitiative.ca\/International\/wp-json\/wp\/v2\/categories?post=117321"},{"taxonomy":"post_tag","embeddable":true,"href":"https:\/\/linitiative.ca\/International\/wp-json\/wp\/v2\/tags?post=117321"}],"curies":[{"name":"wp","href":"https:\/\/api.w.org\/{rel}","templated":true}]}}