{"id":117324,"date":"2021-05-24T16:52:35","date_gmt":"2021-05-24T20:52:35","guid":{"rendered":"https:\/\/linitiative.ca\/International\/affaire-du-coup-detat-riadh-jrad-le-document-fuite-est-une-scene-mal-tournee\/"},"modified":"2021-05-24T16:52:35","modified_gmt":"2021-05-24T20:52:35","slug":"affaire-du-coup-detat-riadh-jrad-le-document-fuite-est-une-scene-mal-tournee","status":"publish","type":"post","link":"https:\/\/linitiative.ca\/International\/affaire-du-coup-detat-riadh-jrad-le-document-fuite-est-une-scene-mal-tournee\/","title":{"rendered":"Affaire du coup d\u2019Etat-Riadh Jrad : \u201cLe document fuit\u00e9 est une sc\u00e8ne mal tourn\u00e9e\u201d"},"content":{"rendered":"<div class=\"post-cont-in left relative\">\n<div id=\"post-info-wrap\" class=\"left relative post-info-out\">\n<div class=\"post-info-img left relative\"><img decoding=\"async\" alt=\"\" src=\"https:\/\/secure.gravatar.com\/avatar\/ea481d7287ad38ca1787f44b5bb1b70e?s=50&amp;d=mm&amp;r=g\" srcset=\"https:\/\/secure.gravatar.com\/avatar\/ea481d7287ad38ca1787f44b5bb1b70e?s=100&amp;d=mm&amp;r=g 2x\" class=\"avatar avatar-50 photo\" height=\"50\" width=\"50\" loading=\"lazy\"\/><\/div>\n<div class=\"post-info-in\">\n<div class=\"post-info-right left relative post-info-name left relative\"><span><span class=\"post-info-text\">Par<\/span> <span class=\"author-name vcard fn author\"><a href=\"https:\/\/www.tunisienumerique.com\/author\/rania-ben-slimane\/\" title=\"Articles par rania ben slimane\" rel=\"author\">rania ben slimane<\/a><\/span><\/span> <span class=\"post-date updated\"><time class=\"post-date updated\" datetime=\"2021-05-24\">\u00a0| Il y a 13 secondes<\/time><\/span><br \/>\n<meta itemprop=\"dateModified\" content=\"2021-05-24\"\/><\/div>\n<div class=\"left relative\"><button id=\"listenButton1\" class=\"responsivevoice-button\" type=\"button\" value=\"Play\" title=\"\u00c9coutez l'article\"><span>\ud83d\udd0a \u00c9coutez l&rsquo;article<\/span><\/button>\n<\/div>\n<\/div>\n<\/div>\n<p>Lors de son intervention dans une \u00e9mission diffus\u00e9e sur Attessia TV ce soir 24 mai 2021, le chroniqueur Riadh Jrad a estim\u00e9 que le Chef de la Coalition El Karama, Saifeddine makhlouf a entam\u00e9 une affaire contre la Cheffe du Cabinet pr\u00e9sidentiel Nadia Akacha en se basant sur l\u2019article de The Middle East rien que pour maquiller le mensonge.<\/p>\n<div class=\"code-block code-block-1 c4\">\n <ins class=\"adsbygoogle c3\" data-ad-layout=\"in-article\" data-ad-format=\"fluid\" data-ad-client=\"ca-pub-2102118777505746\" data-ad-slot=\"7301775417\"\/>\n<\/div>\n<p>En effet, le site britannique The Middle East a publi\u00e9 un document fuit\u00e9, selon lequel le pr\u00e9sident Kais Saied pr\u00e9pare un coup d\u2019Etat en \u00ab\u00a0douceur\u00a0\u00bb.<\/p>\n<p>\u00ab Une mascarade \u00bb selon Ridha Jrad car aucune signature n\u2019y est appos\u00e9e et ne porte aucune r\u00e9f\u00e9rence au Cabinet de la pr\u00e9sidence.<\/p>\n<p>Selon le chroniqueur, Kais Saied a promis de prot\u00e9ger et respecter la Constitution r\u00e9dig\u00e9e principalement par les d\u00e9put\u00e9s d\u2019Ennahdha. De ce fait, l\u2019activation de l\u2019article n\u00b080 est constitutionnelle.<\/p>\n<p>Concernant le site d\u2019information The Middle East Eye, Jrad a indiqu\u00e9 que son r\u00e9dacteur en chef \u00a0David Herst , occupait le m\u00eame poste au journal britannique The Guardian financ\u00e9 par Jamel Bsisou, un ancien fonctionnaire charg\u00e9 des ressources Humaines \u00e0 la chaine priv\u00e9e qatarie El Jazeera sponsor des fr\u00e8res musulmans.<\/p>\n<p>Il a ajout\u00e9 que ce site britannique soutien Rached Ghannouchi et enjolive son image indiquant que ce dernier leur a accord\u00e9 une interview exclusif en f\u00e9vrier 2021.<\/p>\n<p>D\u2019autre part, il a not\u00e9 que les titres d\u2019articles publi\u00e9s sur ce site critique la politique du pr\u00e9sident Kais Saied et accuse les Emirats Arabes Unis et l\u2019Arabie Saoudite d\u2019ing\u00e9rence politique en Tunisie ( <em>car ils soutiennent la cheffe du PDL, Abir Moussi<\/em>).<\/p>\n<p>Dans son analyse, Jrad a accus\u00e9 le parti Ennahdha, particuli\u00e8rement le gendre de Ghannouchi, Rafik Abdessalem d\u2019\u00eatre l\u2019instigateur de cette campagne de lynchage m\u00e9diatique dans le cadre d\u2019une \u00ab attaque anticip\u00e9e \u00bb contre les opposants du Cheikh.<\/p>\n<p>En outre, il a appel\u00e9 le cabinet de la pr\u00e9sidence \u00e0 publier un communiqu\u00e9 \u00e0 cet effet pour \u00e9clairer l\u2019opinion publique.<\/p>\n<div class=\"swp_social_panel swp_horizontal_panel swp_flat_fresh swp_default_full_color swp_individual_full_color swp_other_full_color scale-100 scale-\" data-min-width=\"1100\" data-float-color=\"#ffffff\" data-float=\"bottom\" data-float-mobile=\"bottom\" data-transition=\"slide\">\n<div class=\"nc_tweetContainer swp_share_button total_shares total_sharesalt\"><span class=\"swp_count\">0 <span class=\"swp_label\">Partages<\/span><\/span><\/div>\n<\/div>\n<p><strong>Que se passe-t-il en Tunisie?<\/strong><br \/>Nous expliquons sur notre <a href=\"https:\/\/www.youtube.com\/channel\/UCRzypVq0B_yBad5eGrwBx0Q?sub_confirmation=1\" target=\"_blank\" rel=\"noopener\">cha\u00eene YouTube<\/a> . <a href=\"https:\/\/www.youtube.com\/channel\/UCRzypVq0B_yBad5eGrwBx0Q?sub_confirmation=1\" target=\"_blank\" rel=\"noopener\">Abonnez-vous!<\/a><\/p>\n<div class=\"mvp-org-wrap\" itemprop=\"publisher\">\n<div class=\"mvp-org-logo\" itemprop=\"logo\"><img decoding=\"async\" src=\"https:\/\/www.tunisienumerique.com\/wp-content\/uploads\/2017\/02\/logo_tunisie_numerique.png\"\/><br \/>\n<meta itemprop=\"url\" content=\"https:\/\/www.tunisienumerique.com\/wp-content\/uploads\/2017\/02\/logo_tunisie_numerique.png\"\/><\/div>\n<p><meta content=\"Tunisie\"\/><\/div>\n<div class=\"post-tags\"><span class=\"post-tags-header\">Sujets Connexes:<\/span><span itemprop=\"keywords\"><a href=\"https:\/\/www.tunisienumerique.com\/tunisie-actualite\/abir-moussi\/\" rel=\"tag\">abir moussi<\/a>, <a href=\"https:\/\/www.tunisienumerique.com\/tunisie-actualite\/affaire-du-coup-detat\/\" rel=\"tag\">Affaire du coup d&rsquo;Etat<\/a>, <a href=\"https:\/\/www.tunisienumerique.com\/tunisie-actualite\/article\/\" rel=\"tag\">article<\/a>, <a href=\"https:\/\/www.tunisienumerique.com\/tunisie-actualite\/document-fuite\/\" rel=\"tag\">document fuit\u00e9<\/a>, <a href=\"https:\/\/www.tunisienumerique.com\/tunisie-actualite\/ennahdha\/\" rel=\"tag\">Ennahdha<\/a>, <a href=\"https:\/\/www.tunisienumerique.com\/tunisie-actualite\/nadia-akacha\/\" rel=\"tag\">Nadia Akacha<\/a>, <a href=\"https:\/\/www.tunisienumerique.com\/tunisie-actualite\/rached-ghannouchi\/\" rel=\"tag\">Rached Ghannouchi<\/a>, <a href=\"https:\/\/www.tunisienumerique.com\/tunisie-actualite\/rafik-abdessalem\/\" rel=\"tag\">Rafik Abdessalem<\/a>, <a href=\"https:\/\/www.tunisienumerique.com\/tunisie-actualite\/riadh-jrad\/\" rel=\"tag\">riadh jrad<\/a>, <a href=\"https:\/\/www.tunisienumerique.com\/tunisie-actualite\/seifeddine-makhlouf\/\" rel=\"tag\">seifeddine makhlouf<\/a>, <a href=\"https:\/\/www.tunisienumerique.com\/tunisie-actualite\/the-middle-east-eye\/\" rel=\"tag\">the middle east eye<\/a>, <a href=\"https:\/\/www.tunisienumerique.com\/tunisie-actualite\/tunisie\/\" rel=\"tag\">Tunisie<\/a><\/span><\/div>\n<div class=\"mvp-related-posts left relative\">\n<h4 class=\"post-header\"><span class=\"post-header\">Lire aussi<\/span><\/h4>\n<\/div>\n<div id=\"article-ad\">\n <ins class=\"adsbygoogle c5\" data-ad-client=\"ca-pub-2102118777505746\" data-ad-slot=\"6513972734\" data-ad-format=\"auto\" data-full-width-responsive=\"true\"\/>\n<\/div>\n<\/div>\n<div id=\"post-sidebar-wrap\">\n <ins class=\"adsbygoogle c5\" data-ad-client=\"ca-pub-2102118777505746\" data-ad-slot=\"6168283410\" data-ad-format=\"auto\" data-full-width-responsive=\"true\"\/>\n<\/div>\n<p>Auteur: rania ben slimane<br \/>\n<a href=\"https:\/\/www.tunisienumerique.com\/affaire-du-coup-detat-riadh-jrad-le-document-fuite-est-une-scene-mal-tournee\/\">Cliquez ici pour lire l&rsquo;article depuis sa source.<\/a><\/p>\n","protected":false},"excerpt":{"rendered":"<p>Par rania ben slimane \u00a0| Il y a 13 secondes \ud83d\udd0a \u00c9coutez l&rsquo;article Lors de son intervention dans une \u00e9mission diffus\u00e9e sur Attessia TV ce soir 24 mai 2021, le chroniqueur Riadh Jrad a estim\u00e9 que le Chef de la Coalition El Karama, Saifeddine makhlouf a entam\u00e9 une affaire contre la Cheffe du Cabinet pr\u00e9sidentiel [&hellip;]<\/p>\n","protected":false},"author":1789,"featured_media":0,"comment_status":"closed","ping_status":"closed","sticky":false,"template":"","format":"standard","meta":{"fifu_image_url":"https:\/\/secure.gravatar.com\/avatar\/ea481d7287ad38ca1787f44b5bb1b70e?s=50&d=mm&r=g","fifu_image_alt":"Affaire du coup d\u2019Etat-Riadh Jrad : \u201cLe document fuit\u00e9 est une sc\u00e8ne mal tourn\u00e9e\u201d","footnotes":""},"categories":[73,55],"tags":[],"class_list":["post-117324","post","type-post","status-publish","format-standard","hentry","category-actualite","category-tunisie"],"_links":{"self":[{"href":"https:\/\/linitiative.ca\/International\/wp-json\/wp\/v2\/posts\/117324","targetHints":{"allow":["GET"]}}],"collection":[{"href":"https:\/\/linitiative.ca\/International\/wp-json\/wp\/v2\/posts"}],"about":[{"href":"https:\/\/linitiative.ca\/International\/wp-json\/wp\/v2\/types\/post"}],"author":[{"embeddable":true,"href":"https:\/\/linitiative.ca\/International\/wp-json\/wp\/v2\/users\/1789"}],"replies":[{"embeddable":true,"href":"https:\/\/linitiative.ca\/International\/wp-json\/wp\/v2\/comments?post=117324"}],"version-history":[{"count":0,"href":"https:\/\/linitiative.ca\/International\/wp-json\/wp\/v2\/posts\/117324\/revisions"}],"wp:attachment":[{"href":"https:\/\/linitiative.ca\/International\/wp-json\/wp\/v2\/media?parent=117324"}],"wp:term":[{"taxonomy":"category","embeddable":true,"href":"https:\/\/linitiative.ca\/International\/wp-json\/wp\/v2\/categories?post=117324"},{"taxonomy":"post_tag","embeddable":true,"href":"https:\/\/linitiative.ca\/International\/wp-json\/wp\/v2\/tags?post=117324"}],"curies":[{"name":"wp","href":"https:\/\/api.w.org\/{rel}","templated":true}]}}