{"id":117325,"date":"2021-05-24T16:53:18","date_gmt":"2021-05-24T20:53:18","guid":{"rendered":"https:\/\/linitiative.ca\/International\/tunisie-rafaa-tabib-mechichi-et-les-libyens-ont-humilie-les-tunisiens\/"},"modified":"2021-05-24T16:53:18","modified_gmt":"2021-05-24T20:53:18","slug":"tunisie-rafaa-tabib-mechichi-et-les-libyens-ont-humilie-les-tunisiens","status":"publish","type":"post","link":"https:\/\/linitiative.ca\/International\/tunisie-rafaa-tabib-mechichi-et-les-libyens-ont-humilie-les-tunisiens\/","title":{"rendered":"Tunisie \u2013 Rafa\u00e2 Tabib\u00a0: Mechichi et les libyens ont humili\u00e9 les tunisiens\u00a0!"},"content":{"rendered":"<div class=\"post-cont-in left relative\">\n<div id=\"post-info-wrap\" class=\"left relative post-info-out\">\n<div class=\"post-info-img left relative\"><img decoding=\"async\" alt=\"\" src=\"https:\/\/secure.gravatar.com\/avatar\/96253f4a657b482a18e837c1252096c2?s=50&amp;d=mm&amp;r=g\" srcset=\"https:\/\/secure.gravatar.com\/avatar\/96253f4a657b482a18e837c1252096c2?s=100&amp;d=mm&amp;r=g 2x\" class=\"avatar avatar-50 photo\" height=\"50\" width=\"50\" loading=\"lazy\"\/><\/div>\n<div class=\"post-info-in\">\n<div class=\"post-info-right left relative post-info-name left relative\"><span><span class=\"post-info-text\">Par<\/span> <span class=\"author-name vcard fn author\"><a href=\"https:\/\/www.tunisienumerique.com\/author\/saber\/\" title=\"Articles par Saber .\" rel=\"author\">Saber .<\/a><\/span><\/span> <span class=\"post-date updated\"><time class=\"post-date updated\" datetime=\"2021-05-24\">\u00a0| Il y a 3 minutes<\/time><\/span><br \/>\n<meta itemprop=\"dateModified\" content=\"2021-05-24\"\/><\/div>\n<div class=\"left relative\"><button id=\"listenButton1\" class=\"responsivevoice-button\" type=\"button\" value=\"Play\" title=\"\u00c9coutez l'article\"><span>\ud83d\udd0a \u00c9coutez l&rsquo;article<\/span><\/button>\n<\/div>\n<\/div>\n<\/div>\n<p>L\u2019expert en affaires libyennes, Rafa\u00e2 Tabib, a annonc\u00e9, ce lundi, dans son intervention sur une radio priv\u00e9e, que, contrairement \u00e0 ce que pr\u00e9tendent les officiels, la derni\u00e8re visite du chef du gouvernement et de l\u2019\u00e9norme d\u00e9l\u00e9gation qui l\u2019a accompagn\u00e9, en Libye, n\u2019a rapport\u00e9 aucun r\u00e9sultat positif palpable.<\/p>\n<div class=\"code-block code-block-1 c4\">\n <ins class=\"adsbygoogle c3\" data-ad-layout=\"in-article\" data-ad-format=\"fluid\" data-ad-client=\"ca-pub-2102118777505746\" data-ad-slot=\"7301775417\"\/>\n<\/div>\n<p>Tabib a assur\u00e9 que cette visite a, au contraire, \u00e9t\u00e9 une occasion pour les autorit\u00e9s libyennes, avec le consentement honteux du chef du gouvernement, d\u2019humilier les tunisiens comme jamais ils ne l\u2019ont \u00e9t\u00e9.<\/p>\n<p>Il a ajout\u00e9 que la mani\u00e8re hautaine dont les libyens se sont comport\u00e9 avec la d\u00e9l\u00e9gation tunisienne, et leur fa\u00e7on d\u2019annoncer des gestes de charit\u00e9 envers les tunisiens \u00e9tait plus qu\u2019humiliante, comme, par exemple quand ils ont propos\u00e9 d\u2019aider les h\u00f4pitaux du sud tunisien.<\/p>\n<p>Tabib a, aussi, fait part de son \u00e9tonnement de l\u2019absence de r\u00e9action de Mechichi quand il a \u00e9t\u00e9 somm\u00e9 par son homologue libyen, de rendre l\u2019argent saisi aux libyens, dans les banques tunisiennes, sur ordre des autorit\u00e9s internationales, dans le cadre de lutte contre le blanchiment d\u2019argent, sans qu\u2019il ait r\u00e9pliqu\u00e9 en demandant les milliards de dettes du r\u00e9gime libyen envers les cliniques tunisiennes.<\/p>\n<p>Tabib a fait part de sa d\u00e9ception que les tunisiens aient rat\u00e9 l\u2019opportunit\u00e9 de mieux pr\u00e9parer leur d\u00e9placement, puisqu\u2019ils auraient pu d\u00e9crocher plus d\u2019un contrat, s\u2019ils avaient pr\u00e9parer des dossiers solides en rapport avec des projets de reconstruction du pays, dont le financement a \u00e9t\u00e9 d\u00e9bloqu\u00e9 par des bailleurs \u00e9trangers, comme les projets de r\u00e9novation du r\u00e9seau \u00e9lectrique de l\u2019ouest libyen, comme cela a \u00e9t\u00e9 fait par l\u2019Egypte et la Turquie, dans les r\u00e9gions est du pays.<\/p>\n<p>Tabib a conseill\u00e9, par ailleurs, les autorit\u00e9s tunisiennes, de coordonner avec les investisseurs \u00e9trangers, qui ont besoin de la pr\u00e9sence et l\u2019exp\u00e9rience tunisiennes sur le terrain libyen.<\/p>\n<div class=\"swp_social_panel swp_horizontal_panel swp_flat_fresh swp_default_full_color swp_individual_full_color swp_other_full_color scale-100 scale-\" data-min-width=\"1100\" data-float-color=\"#ffffff\" data-float=\"bottom\" data-float-mobile=\"bottom\" data-transition=\"slide\">\n<div class=\"nc_tweetContainer swp_share_button total_shares total_sharesalt\"><span class=\"swp_count\">0 <span class=\"swp_label\">Partages<\/span><\/span><\/div>\n<\/div>\n<p><strong>Que se passe-t-il en Tunisie?<\/strong><br \/>Nous expliquons sur notre <a href=\"https:\/\/www.youtube.com\/channel\/UCRzypVq0B_yBad5eGrwBx0Q?sub_confirmation=1\" target=\"_blank\" rel=\"noopener\">cha\u00eene YouTube<\/a> . <a href=\"https:\/\/www.youtube.com\/channel\/UCRzypVq0B_yBad5eGrwBx0Q?sub_confirmation=1\" target=\"_blank\" rel=\"noopener\">Abonnez-vous!<\/a><\/p>\n<div class=\"mvp-org-wrap\" itemprop=\"publisher\">\n<div class=\"mvp-org-logo\" itemprop=\"logo\"><img decoding=\"async\" src=\"https:\/\/www.tunisienumerique.com\/wp-content\/uploads\/2017\/02\/logo_tunisie_numerique.png\"\/><br \/>\n<meta itemprop=\"url\" content=\"https:\/\/www.tunisienumerique.com\/wp-content\/uploads\/2017\/02\/logo_tunisie_numerique.png\"\/><\/div>\n<p><meta content=\"Tunisie\"\/><\/div>\n<div class=\"mvp-related-posts left relative\">\n<h4 class=\"post-header\"><span class=\"post-header\">Lire aussi<\/span><\/h4>\n<\/div>\n<div id=\"article-ad\">\n <ins class=\"adsbygoogle c5\" data-ad-client=\"ca-pub-2102118777505746\" data-ad-slot=\"6513972734\" data-ad-format=\"auto\" data-full-width-responsive=\"true\"\/>\n<\/div>\n<\/div>\n<div id=\"post-sidebar-wrap\">\n <ins class=\"adsbygoogle c5\" data-ad-client=\"ca-pub-2102118777505746\" data-ad-slot=\"6168283410\" data-ad-format=\"auto\" data-full-width-responsive=\"true\"\/>\n<\/div>\n<p>Auteur: Saber .<br \/>\n<a href=\"https:\/\/www.tunisienumerique.com\/tunisie-rafaa-tabib-mechichi-et-les-libyens-ont-humilie-les-tunisiens\/\">Cliquez ici pour lire l&rsquo;article depuis sa source.<\/a><\/p>\n","protected":false},"excerpt":{"rendered":"<p>Par Saber . \u00a0| Il y a 3 minutes \ud83d\udd0a \u00c9coutez l&rsquo;article L\u2019expert en affaires libyennes, Rafa\u00e2 Tabib, a annonc\u00e9, ce lundi, dans son intervention sur une radio priv\u00e9e, que, contrairement \u00e0 ce que pr\u00e9tendent les officiels, la derni\u00e8re visite du chef du gouvernement et de l\u2019\u00e9norme d\u00e9l\u00e9gation qui l\u2019a accompagn\u00e9, en Libye, n\u2019a rapport\u00e9 [&hellip;]<\/p>\n","protected":false},"author":1789,"featured_media":0,"comment_status":"closed","ping_status":"closed","sticky":false,"template":"","format":"standard","meta":{"fifu_image_url":"https:\/\/secure.gravatar.com\/avatar\/96253f4a657b482a18e837c1252096c2?s=50&d=mm&r=g","fifu_image_alt":"Tunisie \u2013 Rafa\u00e2 Tabib\u00a0: Mechichi et les libyens ont humili\u00e9 les tunisiens\u00a0!","footnotes":""},"categories":[73,55],"tags":[],"class_list":["post-117325","post","type-post","status-publish","format-standard","hentry","category-actualite","category-tunisie"],"_links":{"self":[{"href":"https:\/\/linitiative.ca\/International\/wp-json\/wp\/v2\/posts\/117325","targetHints":{"allow":["GET"]}}],"collection":[{"href":"https:\/\/linitiative.ca\/International\/wp-json\/wp\/v2\/posts"}],"about":[{"href":"https:\/\/linitiative.ca\/International\/wp-json\/wp\/v2\/types\/post"}],"author":[{"embeddable":true,"href":"https:\/\/linitiative.ca\/International\/wp-json\/wp\/v2\/users\/1789"}],"replies":[{"embeddable":true,"href":"https:\/\/linitiative.ca\/International\/wp-json\/wp\/v2\/comments?post=117325"}],"version-history":[{"count":0,"href":"https:\/\/linitiative.ca\/International\/wp-json\/wp\/v2\/posts\/117325\/revisions"}],"wp:attachment":[{"href":"https:\/\/linitiative.ca\/International\/wp-json\/wp\/v2\/media?parent=117325"}],"wp:term":[{"taxonomy":"category","embeddable":true,"href":"https:\/\/linitiative.ca\/International\/wp-json\/wp\/v2\/categories?post=117325"},{"taxonomy":"post_tag","embeddable":true,"href":"https:\/\/linitiative.ca\/International\/wp-json\/wp\/v2\/tags?post=117325"}],"curies":[{"name":"wp","href":"https:\/\/api.w.org\/{rel}","templated":true}]}}