{"id":117326,"date":"2021-05-24T17:18:19","date_gmt":"2021-05-24T21:18:19","guid":{"rendered":"https:\/\/linitiative.ca\/International\/tunisie-le-pdl-organise-une-manifestation-pour-sauver-les-institutions-de-letat\/"},"modified":"2021-05-24T17:18:19","modified_gmt":"2021-05-24T21:18:19","slug":"tunisie-le-pdl-organise-une-manifestation-pour-sauver-les-institutions-de-letat","status":"publish","type":"post","link":"https:\/\/linitiative.ca\/International\/tunisie-le-pdl-organise-une-manifestation-pour-sauver-les-institutions-de-letat\/","title":{"rendered":"Tunisie \u2013 Le PDL organise une manifestation pour \u00ab\u00a0sauver les institutions de l\u2019Etat\u00a0\u00bb\u00a0!"},"content":{"rendered":"<div class=\"post-cont-in left relative\">\n<div id=\"post-info-wrap\" class=\"left relative post-info-out\">\n<div class=\"post-info-img left relative\"><img decoding=\"async\" alt=\"\" src=\"https:\/\/secure.gravatar.com\/avatar\/047123be9d5e8513774383916ee72db2?s=50&amp;d=mm&amp;r=g\" srcset=\"https:\/\/secure.gravatar.com\/avatar\/047123be9d5e8513774383916ee72db2?s=100&amp;d=mm&amp;r=g 2x\" class=\"avatar avatar-50 photo\" height=\"50\" width=\"50\" loading=\"lazy\"\/><\/div>\n<div class=\"post-info-in\">\n<div class=\"post-info-right left relative post-info-name left relative\"><span><span class=\"post-info-text\">Par<\/span> <span class=\"author-name vcard fn author\"><a href=\"https:\/\/www.tunisienumerique.com\/author\/lm\/\" title=\"Articles par LM\" rel=\"author\">LM<\/a><\/span><\/span> <span class=\"post-date updated\"><time class=\"post-date updated\" datetime=\"2021-05-24\">\u00a0| Il y a 27 secondes<\/time><\/span><br \/>\n<meta itemprop=\"dateModified\" content=\"2021-05-24\"\/><\/div>\n<div class=\"left relative\"><button id=\"listenButton1\" class=\"responsivevoice-button\" type=\"button\" value=\"Play\" title=\"\u00c9coutez l'article\"><span>\ud83d\udd0a \u00c9coutez l&rsquo;article<\/span><\/button>\n<\/div>\n<\/div>\n<\/div>\n<p>Le PDL a annonc\u00e9 qu\u2019il va organiser une manifestation, le samedi 5 juin, qui prendra le d\u00e9part de l\u2019avenue 20 mars au Bardo, pour arriver devant le si\u00e8ge de l\u2019ARP. Et ce, sous le slogan de \u00ab\u00a0sauver l\u2019ARP de la dictature des fr\u00e8res musulmans\u00a0\u00bb.<\/p>\n<div class=\"code-block code-block-1 c4\">\n <ins class=\"adsbygoogle c3\" data-ad-layout=\"in-article\" data-ad-format=\"fluid\" data-ad-client=\"ca-pub-2102118777505746\" data-ad-slot=\"7301775417\"\/>\n<\/div>\n<p>Le PDL rel\u00e8ve les graves atteintes et les d\u00e9viations sans pr\u00e9c\u00e9dant que vit l\u2019ARP, \u00e0 cause de l\u2019h\u00e9g\u00e9monie de Rached Ghannouchi et de sa majorit\u00e9 parlementaire, pour asservir les autorit\u00e9s \u00e0 l\u2019int\u00e9rieur du parlement pour falsifier les PV des s\u00e9ances parlementaires et l\u2019infiltration des institutions constitutionnelles, avec des conventions avec des parties \u00e9trang\u00e8res. Ainsi que la r\u00e9duction de l\u2019opposition au silence, devant ces d\u00e9passements.<\/p>\n<p>Le PDL condamne le silence des autres blocs parlementaires ce qui a renforc\u00e9 le pr\u00e9sident du parlement dans la poursuite de ses d\u00e9passements, profitant de la complicit\u00e9 du chef du gouvernement, du fait qu\u2019il est, en m\u00eame temps, ministre de l\u2019int\u00e9rieur.<\/p>\n<p>Le PDL condamne, par ailleurs, l\u2019incapacit\u00e9 du parlement \u00e0 l\u00e9gif\u00e9rer, en dehors de l\u2019approbation des cr\u00e9dits abusifs en vue d\u2019hypoth\u00e9quer le pays.<\/p>\n<p>Le PDL appelle tous les patriotes du pays \u00e0 rejoindre cette manifestation, pour sauver l\u2019ARP qui est devenu un vrai danger pour le pays et sa s\u00fbret\u00e9 nationale.<\/p>\n<div class=\"swp_social_panel swp_horizontal_panel swp_flat_fresh swp_default_full_color swp_individual_full_color swp_other_full_color scale-100 scale-\" data-min-width=\"1100\" data-float-color=\"#ffffff\" data-float=\"bottom\" data-float-mobile=\"bottom\" data-transition=\"slide\">\n<div class=\"nc_tweetContainer swp_share_button total_shares total_sharesalt\"><span class=\"swp_count\">0 <span class=\"swp_label\">Partages<\/span><\/span><\/div>\n<\/div>\n<p><strong>Que se passe-t-il en Tunisie?<\/strong><br \/>Nous expliquons sur notre <a href=\"https:\/\/www.youtube.com\/channel\/UCRzypVq0B_yBad5eGrwBx0Q?sub_confirmation=1\" target=\"_blank\" rel=\"noopener\">cha\u00eene YouTube<\/a> . <a href=\"https:\/\/www.youtube.com\/channel\/UCRzypVq0B_yBad5eGrwBx0Q?sub_confirmation=1\" target=\"_blank\" rel=\"noopener\">Abonnez-vous!<\/a><\/p>\n<div class=\"mvp-org-wrap\" itemprop=\"publisher\">\n<div class=\"mvp-org-logo\" itemprop=\"logo\"><img decoding=\"async\" src=\"https:\/\/www.tunisienumerique.com\/wp-content\/uploads\/2017\/02\/logo_tunisie_numerique.png\"\/><br \/>\n<meta itemprop=\"url\" content=\"https:\/\/www.tunisienumerique.com\/wp-content\/uploads\/2017\/02\/logo_tunisie_numerique.png\"\/><\/div>\n<p><meta content=\"Tunisie\"\/><\/div>\n<div class=\"mvp-related-posts left relative\">\n<h4 class=\"post-header\"><span class=\"post-header\">Lire aussi<\/span><\/h4>\n<\/div>\n<div id=\"article-ad\">\n <ins class=\"adsbygoogle c5\" data-ad-client=\"ca-pub-2102118777505746\" data-ad-slot=\"6513972734\" data-ad-format=\"auto\" data-full-width-responsive=\"true\"\/>\n<\/div>\n<\/div>\n<div id=\"post-sidebar-wrap\">\n <ins class=\"adsbygoogle c5\" data-ad-client=\"ca-pub-2102118777505746\" data-ad-slot=\"6168283410\" data-ad-format=\"auto\" data-full-width-responsive=\"true\"\/>\n<\/div>\n<p>Auteur: LM<br \/>\n<a href=\"https:\/\/www.tunisienumerique.com\/tunisie-le-pdl-organise-une-manifestation-pour-sauver-les-institutions-de-letat\/\">Cliquez ici pour lire l&rsquo;article depuis sa source.<\/a><\/p>\n","protected":false},"excerpt":{"rendered":"<p>Par LM \u00a0| Il y a 27 secondes \ud83d\udd0a \u00c9coutez l&rsquo;article Le PDL a annonc\u00e9 qu\u2019il va organiser une manifestation, le samedi 5 juin, qui prendra le d\u00e9part de l\u2019avenue 20 mars au Bardo, pour arriver devant le si\u00e8ge de l\u2019ARP. Et ce, sous le slogan de \u00ab\u00a0sauver l\u2019ARP de la dictature des fr\u00e8res musulmans\u00a0\u00bb. [&hellip;]<\/p>\n","protected":false},"author":1789,"featured_media":0,"comment_status":"closed","ping_status":"closed","sticky":false,"template":"","format":"standard","meta":{"fifu_image_url":"https:\/\/secure.gravatar.com\/avatar\/047123be9d5e8513774383916ee72db2?s=50&d=mm&r=g","fifu_image_alt":"Tunisie \u2013 Le PDL organise une manifestation pour \u00ab\u00a0sauver les institutions de l\u2019Etat\u00a0\u00bb\u00a0!","footnotes":""},"categories":[73,55],"tags":[],"class_list":["post-117326","post","type-post","status-publish","format-standard","hentry","category-actualite","category-tunisie"],"_links":{"self":[{"href":"https:\/\/linitiative.ca\/International\/wp-json\/wp\/v2\/posts\/117326","targetHints":{"allow":["GET"]}}],"collection":[{"href":"https:\/\/linitiative.ca\/International\/wp-json\/wp\/v2\/posts"}],"about":[{"href":"https:\/\/linitiative.ca\/International\/wp-json\/wp\/v2\/types\/post"}],"author":[{"embeddable":true,"href":"https:\/\/linitiative.ca\/International\/wp-json\/wp\/v2\/users\/1789"}],"replies":[{"embeddable":true,"href":"https:\/\/linitiative.ca\/International\/wp-json\/wp\/v2\/comments?post=117326"}],"version-history":[{"count":0,"href":"https:\/\/linitiative.ca\/International\/wp-json\/wp\/v2\/posts\/117326\/revisions"}],"wp:attachment":[{"href":"https:\/\/linitiative.ca\/International\/wp-json\/wp\/v2\/media?parent=117326"}],"wp:term":[{"taxonomy":"category","embeddable":true,"href":"https:\/\/linitiative.ca\/International\/wp-json\/wp\/v2\/categories?post=117326"},{"taxonomy":"post_tag","embeddable":true,"href":"https:\/\/linitiative.ca\/International\/wp-json\/wp\/v2\/tags?post=117326"}],"curies":[{"name":"wp","href":"https:\/\/api.w.org\/{rel}","templated":true}]}}