{"id":117328,"date":"2021-05-24T06:48:50","date_gmt":"2021-05-24T10:48:50","guid":{"rendered":"https:\/\/linitiative.ca\/International\/vulgarisation-de-la-science-lird-fete-les-10-ans-des-maquis-des-sciences\/"},"modified":"2021-05-24T06:48:50","modified_gmt":"2021-05-24T10:48:50","slug":"vulgarisation-de-la-science-lird-fete-les-10-ans-des-maquis-des-sciences","status":"publish","type":"post","link":"https:\/\/linitiative.ca\/International\/vulgarisation-de-la-science-lird-fete-les-10-ans-des-maquis-des-sciences\/","title":{"rendered":"Vulgarisation de la science: L\u2019IRD f\u00eate les 10 ans des \u00ab\u00a0Maquis des sciences\u00a0\u00bb"},"content":{"rendered":"<div class=\"td-post-featured-image\"><a href=\"https:\/\/www.sidwaya.info\/wp-content\/uploads\/2021\/05\/2-2.jpg\" data-caption=\"\"><img loading=\"lazy\" decoding=\"async\" width=\"696\" height=\"463\" class=\"entry-thumb td-modal-image\" src=\"https:\/\/www.sidwaya.info\/wp-content\/uploads\/2021\/05\/2-2-696x463.jpg\" srcset=\"https:\/\/www.sidwaya.info\/wp-content\/uploads\/2021\/05\/2-2-696x463.jpg 696w, https:\/\/www.sidwaya.info\/wp-content\/uploads\/2021\/05\/2-2-300x200.jpg 300w, https:\/\/www.sidwaya.info\/wp-content\/uploads\/2021\/05\/2-2-768x511.jpg 768w, https:\/\/www.sidwaya.info\/wp-content\/uploads\/2021\/05\/2-2-150x100.jpg 150w, https:\/\/www.sidwaya.info\/wp-content\/uploads\/2021\/05\/2-2-631x420.jpg 631w, https:\/\/www.sidwaya.info\/wp-content\/uploads\/2021\/05\/2-2.jpg 900w\" sizes=\"auto, (max-width: 696px) 100vw, 696px\" alt=\"\" title=\"2\"\/><\/a><\/div>\n<p><strong>L\u2019Institut de recherche pour le d\u00e9veloppement (IRD) a c\u00e9l\u00e9br\u00e9 le mercredi 19 mai 2021 \u00e0 l\u2019Institut Fran\u00e7ais de \u00a0Ouagadougou les dix ans des \u00ab\u00a0<em>Maquis des sciences<\/em>\u00a0\u00bb sous le th\u00e8me \u00ab\u00a0<em>enjeux et d\u00e9fis de la biodiversit\u00e9 face aux changements globaux<\/em>\u00a0\u00bb.<\/strong><\/p>\n<p>Le \u00ab\u00a0Maquis des sciences\u00a0\u00bb ou espace\u00a0 de d\u00e9bat interactif entre le monde de la science et du grand public, initi\u00e9 par l\u2019Institut de recherche pour le d\u00e9veloppement (IRD), l\u2019Institut fran\u00e7ais et la Fondation 2IE \u00a0a 10 ans. \u00a0Pendant ces ann\u00e9es plusieurs th\u00e8mes ont \u00e9t\u00e9 trait\u00e9s \u00e0 travers 75 rencontres de d\u00e9bat. Pour le repr\u00e9sentant de l\u2019IRD,\u00a0Fabrice Courtin, le \u00a0\u00bb\u00a0Maquis des sciences\u00a0\u00bb privil\u00e9gie les d\u00e9bats publics sur les r\u00e9sultats majeurs de la recherche au Burkina Faso, en Afrique et dans le monde. \u00ab\u00a0<em>Pendant 10 ans, les th\u00e8mes abord\u00e9s sont en lien avec les Objectifs de D\u00e9veloppement Durable (ODD)\u00a0: \u00e9radiquer la faim et la pauvret\u00e9, lutter contre le r\u00e9chauffement climatique, la sant\u00e9 pour tous, la d\u00e9gradation de la biodiversit\u00e9, les questions de genre, de l\u2019habitat, du num\u00e9rique\u00a0<\/em>\u00bb, a-t-il pr\u00e9cis\u00e9.<\/p>\n<p>Ces dix ann\u00e9es de vulgarisation scientifique \u00e0 travers le \u00ab\u00a0Maquis des sciences\u00a0\u00bb ont \u00e9t\u00e9\u00a0 c\u00e9l\u00e9br\u00e9s sous le th\u00e8me \u00abenjeux et d\u00e9fis de la biodiversit\u00e9 face aux changements globaux\u00a0\u00bb. De l\u2019\u00e9clairage des scientifiques, la terre abrite une diversit\u00e9 biologique ou biodiversit\u00e9 qui\u00a0 comprend de multiples types d\u2019\u00e9cosyst\u00e8mes, des millions d\u2019esp\u00e8ces et des milliards de g\u00e8nes. Et, que la vie sur terre et la survie de l\u2019humanit\u00e9 d\u00e9pendent de cette diversit\u00e9 des formes de vie, notamment dans leur composante fonctionnelle, \u00e0 la source des services \u00e9cosyst\u00e9miques.<\/p>\n<p><img decoding=\"async\" loading=\"lazy\" class=\"alignleft wp-image-35630\" src=\"https:\/\/www.sidwaya.info\/wp-content\/uploads\/2021\/05\/4-1.jpg\" alt=\"\" width=\"570\" height=\"380\" srcset=\"https:\/\/www.sidwaya.info\/wp-content\/uploads\/2021\/05\/4-1.jpg 900w, https:\/\/www.sidwaya.info\/wp-content\/uploads\/2021\/05\/4-1-300x200.jpg 300w, https:\/\/www.sidwaya.info\/wp-content\/uploads\/2021\/05\/4-1-768x511.jpg 768w, https:\/\/www.sidwaya.info\/wp-content\/uploads\/2021\/05\/4-1-150x100.jpg 150w, https:\/\/www.sidwaya.info\/wp-content\/uploads\/2021\/05\/4-1-696x463.jpg 696w, https:\/\/www.sidwaya.info\/wp-content\/uploads\/2021\/05\/4-1-631x420.jpg 631w\" sizes=\"auto, (max-width: 570px) 100vw, 570px\"\/><\/p>\n<p>Ainsi,\u00a0 l\u2019IRD et ses partenaires ont convi\u00e9 des scientifiques et le public pour \u00e9changer autour de\u00a0 cette \u00a0question de la biodiversit\u00e9. \u00a0Et pour planter le d\u00e9cor, \u00a0une projection d\u2019un film abordant le sujet. Intitul\u00e9 \u00ab\u00a0Monsieur Albert \u00e0 un probl\u00e8me\u00a0\u00bb, le film fait le re\u00e7u d\u2019un planteur de caf\u00e9 malgache confront\u00e9 au d\u00e9p\u00e9rissement de ses caf\u00e9iers. La solution pourrait bien \u00eatre apport\u00e9e par les travaux des s\u00e9lectionneurs malgaches. Le film attire l\u2019attention du public sur le risque de disparition de la biodiversit\u00e9 de Madagascar en raison des feux qui ravagent les for\u00eats primaires. Le d\u00e9bat de la soir\u00e9e de comm\u00e9moration de la d\u00e9cennie des \u00ab\u00a0Maquis des sciences\u00a0\u00bb est conduit par \u00a0huit panelistes.<\/p>\n<p>\u00ab\u00a0<em>La biodiversit\u00e9, on doit en parler tous les jours parce que c\u2019est le fondement m\u00eame de la vie<\/em>\u00a0\u00bb, lance d\u2019entr\u00e9e de jeu, le Pr Amad\u00e9 Ou\u00e9draogo, de l\u2019Universit\u00e9 Thomas Sankara. Il fait comprendre\u00a0 que la biodiversit\u00e9 se mesure par le nombre total d\u2019esp\u00e8ces vivantes (plantes, animaux, champignons, microorganismes) qui renferme l\u2019ensemble des \u00e9cosyst\u00e8mes terrestres et aquatiques sur la terre.\u00a0 \u00abLes changements climatiques et la pression anthropologique menace cette biodiversit\u00e9. Il est donc n\u00e9cessaire de trouver le moyen de la conserver car d\u2019elle d\u00e9pend la p\u00e9rennit\u00e9 de la vie sur terre\u00a0\u00bb, a-t-il pr\u00e9cis\u00e9.<\/p>\n<p>Quant au directeur des for\u00eats et de la reforestation, Bertrand Tapsoba, la d\u00e9forestation au Burkina est inqui\u00e9tante. \u00ab\u00a0<em>Les superficies foresti\u00e8res en 2002 \u00e9taient estim\u00e9es \u00e0 13,3 millions\u00a0ha<\/em>. De cette date \u00e0 nos jours, le taux moyen de d\u00e9forestation est \u00e9valu\u00e9 \u00e0 110 500 ha par an. Le d\u00e9fi \u00e0 relever est donc de prot\u00e9ger et de r\u00e9habiliter les r\u00e9serves foresti\u00e8res\u00a0\u00bb, a-t-il interpel\u00e9.<\/p>\n<p>L\u2019intervention du pr\u00e9sident du r\u00e9seau Naturama, le Dr Souleymane Zeba a \u00e9t\u00e9 ax\u00e9 \u00a0sur la diversit\u00e9 faunique. \u00ab\u00a0<em>Le Burkina est la principale puissance faunique de l\u2019Afrique de l\u2019Ouest<\/em>, mais cette faune est en danger \u00e0 cause du terrorisme qui complique l\u2019acc\u00e8s des zones fauniques aux sp\u00e9cialistes\u00a0\u00bb, a \u2013t-il regrett\u00e9.<\/p>\n<p>Le Dr Jacques Somda et Ars\u00e8ne Sanon de l\u2019Union internationale pour la conservation de la nature (UICN), autres panelistes, ont parl\u00e9 des actions mises en \u0153uvre pour r\u00e9pondre aux enjeux et d\u00e9fis de la biodiversit\u00e9 face aux changements climatiques. Il s\u2019agit entre autres du STAR (une m\u00e9thode visant la r\u00e9duction des menaces et le r\u00e9tablissement\u00a0 des esp\u00e8ces appliqu\u00e9 au Burkina en 2020) et du PAPbio, un projet qui vise \u00e0 atteindre une protection int\u00e9gr\u00e9e de la biodiversit\u00e9 et des \u00e9cosyst\u00e8mes fragiles de Mangrove en Afrique de l\u2019Ouest.<\/p>\n<p>Les panelistes ont tous reconnu que les d\u00e9fis \u00e0 relever,\u00a0 face \u00e0 ces changements climatiques sont la gestion d\u00e9centralis\u00e9es des forets, la cr\u00e9ation des parcs agro-forestiers et la promotion des techniques de fertilit\u00e9 des sols.<\/p>\n<p><strong>Ir\u00e8ne Laure YAMEOGO<\/strong><\/p>\n<div class=\"td-a-rec td-a-rec-id-content_bottom tdi_33_bdb td_block_template_1\">\n<p><img loading=\"lazy\" decoding=\"async\" class=\"aligncenter size-full wp-image-27454\" src=\"https:\/\/www.sidwaya.info\/wp-content\/uploads\/2020\/10\/PUB-Bandeau-paiement-mobile-siteweb.jpg\" alt=\"\" width=\"728\" height=\"90\"\/><\/div>\n<p>Auteur: BS. Sidwaya<br \/>\n<a href=\"https:\/\/www.sidwaya.info\/blog\/2021\/05\/24\/vulgarisation-de-la-science-lird-fete-les-10-ans-des-maquis-des-sciences\/\">Cliquez ici pour lire l&rsquo;article depuis sa source.<\/a><\/p>\n","protected":false},"excerpt":{"rendered":"<p>L\u2019Institut de recherche pour le d\u00e9veloppement (IRD) a c\u00e9l\u00e9br\u00e9 le mercredi 19 mai 2021 \u00e0 l\u2019Institut Fran\u00e7ais de \u00a0Ouagadougou les dix ans des \u00ab\u00a0Maquis des sciences\u00a0\u00bb sous le th\u00e8me \u00ab\u00a0enjeux et d\u00e9fis de la biodiversit\u00e9 face aux changements globaux\u00a0\u00bb. Le \u00ab\u00a0Maquis des sciences\u00a0\u00bb ou espace\u00a0 de d\u00e9bat interactif entre le monde de la science et [&hellip;]<\/p>\n","protected":false},"author":1816,"featured_media":0,"comment_status":"closed","ping_status":"closed","sticky":false,"template":"","format":"standard","meta":{"fifu_image_url":"https:\/\/www.sidwaya.info\/wp-content\/uploads\/2021\/05\/2-2-696x463.jpg","fifu_image_alt":"Vulgarisation de la science: L\u2019IRD f\u00eate les 10 ans des \u00ab\u00a0Maquis des sciences\u00a0\u00bb","footnotes":""},"categories":[73,81],"tags":[],"class_list":["post-117328","post","type-post","status-publish","format-standard","hentry","category-actualite","category-burkina-faso"],"_links":{"self":[{"href":"https:\/\/linitiative.ca\/International\/wp-json\/wp\/v2\/posts\/117328","targetHints":{"allow":["GET"]}}],"collection":[{"href":"https:\/\/linitiative.ca\/International\/wp-json\/wp\/v2\/posts"}],"about":[{"href":"https:\/\/linitiative.ca\/International\/wp-json\/wp\/v2\/types\/post"}],"author":[{"embeddable":true,"href":"https:\/\/linitiative.ca\/International\/wp-json\/wp\/v2\/users\/1816"}],"replies":[{"embeddable":true,"href":"https:\/\/linitiative.ca\/International\/wp-json\/wp\/v2\/comments?post=117328"}],"version-history":[{"count":0,"href":"https:\/\/linitiative.ca\/International\/wp-json\/wp\/v2\/posts\/117328\/revisions"}],"wp:attachment":[{"href":"https:\/\/linitiative.ca\/International\/wp-json\/wp\/v2\/media?parent=117328"}],"wp:term":[{"taxonomy":"category","embeddable":true,"href":"https:\/\/linitiative.ca\/International\/wp-json\/wp\/v2\/categories?post=117328"},{"taxonomy":"post_tag","embeddable":true,"href":"https:\/\/linitiative.ca\/International\/wp-json\/wp\/v2\/tags?post=117328"}],"curies":[{"name":"wp","href":"https:\/\/api.w.org\/{rel}","templated":true}]}}