{"id":117330,"date":"2021-05-24T17:39:00","date_gmt":"2021-05-24T21:39:00","guid":{"rendered":"https:\/\/linitiative.ca\/International\/la-cote-divoire-a-lecole-du-mediateur-du-faso\/"},"modified":"2021-05-24T17:39:00","modified_gmt":"2021-05-24T21:39:00","slug":"la-cote-divoire-a-lecole-du-mediateur-du-faso","status":"publish","type":"post","link":"https:\/\/linitiative.ca\/International\/la-cote-divoire-a-lecole-du-mediateur-du-faso\/","title":{"rendered":"La C\u00f4te d\u2019ivoire \u00e0 l\u2019\u00e9cole  du M\u00e9diateur du Faso"},"content":{"rendered":"<div class=\"td-post-featured-image\"><a href=\"https:\/\/www.sidwaya.info\/wp-content\/uploads\/2021\/05\/1-32.jpg\" data-caption=\"\"><img loading=\"lazy\" decoding=\"async\" width=\"595\" height=\"446\" class=\"entry-thumb td-modal-image\" src=\"https:\/\/www.sidwaya.info\/wp-content\/uploads\/2021\/05\/1-32.jpg\" srcset=\"https:\/\/www.sidwaya.info\/wp-content\/uploads\/2021\/05\/1-32.jpg 595w, https:\/\/www.sidwaya.info\/wp-content\/uploads\/2021\/05\/1-32-300x225.jpg 300w, https:\/\/www.sidwaya.info\/wp-content\/uploads\/2021\/05\/1-32-150x112.jpg 150w, https:\/\/www.sidwaya.info\/wp-content\/uploads\/2021\/05\/1-32-560x420.jpg 560w, https:\/\/www.sidwaya.info\/wp-content\/uploads\/2021\/05\/1-32-80x60.jpg 80w, https:\/\/www.sidwaya.info\/wp-content\/uploads\/2021\/05\/1-32-265x198.jpg 265w\" sizes=\"auto, (max-width: 595px) 100vw, 595px\" alt=\"\" title=\"1\"\/><\/a><\/div>\n<p><strong>Le M\u00e9diateur du Faso, Saran S\u00e9r\u00e9\/S\u00e9r\u00e9m\u00e9, a re\u00e7u en audience, le lundi 24 mai 2021 \u00e0 Ouagadougou, le ministre ivoirien de la R\u00e9conciliation nationale, Kouadio Konan Bertin.<\/strong><\/p>\n<p>Tout comme le M\u00e9diateur du Faso, le minist\u00e8re ivoirien de la R\u00e9conciliation \u0153uvre \u00e0 la paix, \u00e0 la coh\u00e9sion sociale et au vivre-ensemble. En s\u00e9jour au Burkina Faso, le ministre ivoirien, Kouadio Konan Bertin, a \u00e9t\u00e9 re\u00e7u en audience, le lundi 24 mai 2021, \u00e0 Ouagadougou, par le M\u00e9diateur du Faso, Saran S\u00e9r\u00e9\/S\u00e9r\u00e9m\u00e9. Pour le ministre ivoirien, les jeunes g\u00e9n\u00e9rations doivent savoir qu\u2019il n\u2019y a pas de C\u00f4te d\u2019Ivoire sans Burkina Faso et vice-versa. \u00ab Nos deux institutions travaillent sur la m\u00eame mati\u00e8re, c\u2019est-\u00e0-dire la r\u00e9conciliation et la coh\u00e9sion nationale. Nous sommes dans la logique de mutualiser nos intelligences, nos efforts, nos d\u00e9marches et nos initiatives de fa\u00e7on \u00e0 ce que la paix puisse r\u00e9gner \u00e0 nouveau dans nos pays et la sous-r\u00e9gion ouest africaine \u00bb, a-t-il soutenu. Kouadio Konan Bertin dit avoir \u00ab beaucoup \u00bb appris aupr\u00e8s du M\u00e9diateur du Faso qui, a-t-il relev\u00e9, fait la fiert\u00e9 du Burkina et de la sous-r\u00e9gion. Interrog\u00e9 sur les dossiers \u00e9voqu\u00e9s au cours de l\u2019audience, M. Konan a estim\u00e9 que les grandes choses se pr\u00e9parent dans le silence. \u00ab Nos deux peuples attendent de nous des r\u00e9sultats concrets. C\u2019est le r\u00e9sultat qui importe. Consid\u00e9rez que nous sommes en cuisine et le repas vous sera servi au moment venu \u00bb, a-t-il simplement dit.<\/p>\n<p>A entendre Saran S\u00e9r\u00e9m\u00e9, son institution a un accord avec le M\u00e9diateur de la r\u00e9publique de C\u00f4te d\u2019Ivoire, qui a trait \u00e0 tous les dossiers qui peuvent \u00eatre requis aupr\u00e8s du M\u00e9diateur du Faso contre l\u2019administration ivoirienne ou vice-versa. \u00ab Cet accord concerne \u00e9galement le partage d\u2019exp\u00e9riences qui nous aide \u00e0 renforcer davantage les liens s\u00e9culaires entre le Burkina Faso et la C\u00f4te d\u2019Ivoire \u00bb, a pr\u00e9cis\u00e9 le M\u00e9diateur du Faso. Au-del\u00e0 des fronti\u00e8res physiques, a-t-elle poursuivi, les deux pays entretiennent des relations \u00ab fusionnelles \u00bb. Saran S\u00e9r\u00e9m\u00e9 a appel\u00e9 \u00e0 agir pour le bien-\u00eatre des populations, \u00e0 transcender les limites afin que l\u2019int\u00e9gration entre les deux peuples puisse contribuer \u00e0 r\u00e9gler les diff\u00e9rentes pr\u00e9occupations. Le M\u00e9diateur du Faso a salu\u00e9 l\u2019initiative de cette visite de son h\u00f4te et les \u00e9changes qu\u2019il a eus avec les autres institutions burkinab\u00e8.<\/p>\n<p>\u00ab Cela montre une hauteur d\u2019esprit qui nous permet de travailler en corr\u00e9lation et en coh\u00e9sion afin d\u2019atteindre les objectifs. Nous avons d\u00e9j\u00e0 organis\u00e9 un forum des institutions de m\u00e9diation traditionnelle \u00bb, a-t-elle rench\u00e9ri. Elle s\u2019est r\u00e9jouie que les ex\u00e9cutifs respectifs des deux pays soient aussi sur la m\u00eame longueur d\u2019onde, en vue d\u2019\u0153uvrer \u00e0 la coh\u00e9sion, au bien-\u00eatre des populations, \u00e0 la d\u00e9fense de leurs droits, \u00e0 la tol\u00e9rance et \u00e0 la paix.<\/p>\n<p class=\"c1\"><strong>Jean-Marie TOE<\/strong><\/p>\n<div class=\"td-a-rec td-a-rec-id-content_bottom tdi_33_ce5 td_block_template_1\">\n<p><img loading=\"lazy\" decoding=\"async\" class=\"aligncenter size-full wp-image-27454\" src=\"https:\/\/www.sidwaya.info\/wp-content\/uploads\/2020\/10\/PUB-Bandeau-paiement-mobile-siteweb.jpg\" alt=\"\" width=\"728\" height=\"90\"\/><\/div>\n<p>Auteur: BM. Sidwaya<br \/>\n<a href=\"https:\/\/www.sidwaya.info\/blog\/2021\/05\/24\/la-cote-divoire-a-lecole-du-mediateur-du-faso\/\">Cliquez ici pour lire l&rsquo;article depuis sa source.<\/a><\/p>\n","protected":false},"excerpt":{"rendered":"<p>Le M\u00e9diateur du Faso, Saran S\u00e9r\u00e9\/S\u00e9r\u00e9m\u00e9, a re\u00e7u en audience, le lundi 24 mai 2021 \u00e0 Ouagadougou, le ministre ivoirien de la R\u00e9conciliation nationale, Kouadio Konan Bertin. Tout comme le M\u00e9diateur du Faso, le minist\u00e8re ivoirien de la R\u00e9conciliation \u0153uvre \u00e0 la paix, \u00e0 la coh\u00e9sion sociale et au vivre-ensemble. En s\u00e9jour au Burkina Faso, [&hellip;]<\/p>\n","protected":false},"author":1816,"featured_media":0,"comment_status":"closed","ping_status":"closed","sticky":false,"template":"","format":"standard","meta":{"fifu_image_url":"https:\/\/www.sidwaya.info\/wp-content\/uploads\/2021\/05\/1-32.jpg","fifu_image_alt":"La C\u00f4te d\u2019ivoire \u00e0 l\u2019\u00e9cole  du M\u00e9diateur du Faso","footnotes":""},"categories":[73,81],"tags":[],"class_list":["post-117330","post","type-post","status-publish","format-standard","hentry","category-actualite","category-burkina-faso"],"_links":{"self":[{"href":"https:\/\/linitiative.ca\/International\/wp-json\/wp\/v2\/posts\/117330","targetHints":{"allow":["GET"]}}],"collection":[{"href":"https:\/\/linitiative.ca\/International\/wp-json\/wp\/v2\/posts"}],"about":[{"href":"https:\/\/linitiative.ca\/International\/wp-json\/wp\/v2\/types\/post"}],"author":[{"embeddable":true,"href":"https:\/\/linitiative.ca\/International\/wp-json\/wp\/v2\/users\/1816"}],"replies":[{"embeddable":true,"href":"https:\/\/linitiative.ca\/International\/wp-json\/wp\/v2\/comments?post=117330"}],"version-history":[{"count":0,"href":"https:\/\/linitiative.ca\/International\/wp-json\/wp\/v2\/posts\/117330\/revisions"}],"wp:attachment":[{"href":"https:\/\/linitiative.ca\/International\/wp-json\/wp\/v2\/media?parent=117330"}],"wp:term":[{"taxonomy":"category","embeddable":true,"href":"https:\/\/linitiative.ca\/International\/wp-json\/wp\/v2\/categories?post=117330"},{"taxonomy":"post_tag","embeddable":true,"href":"https:\/\/linitiative.ca\/International\/wp-json\/wp\/v2\/tags?post=117330"}],"curies":[{"name":"wp","href":"https:\/\/api.w.org\/{rel}","templated":true}]}}