{"id":117331,"date":"2021-05-24T17:42:09","date_gmt":"2021-05-24T21:42:09","guid":{"rendered":"https:\/\/linitiative.ca\/International\/reconciliation-et-cohesion-sociale-nous-devons-echanger-les-experiences-kouadio-konan-bertin-ministre-ivoirien\/"},"modified":"2021-05-24T17:42:09","modified_gmt":"2021-05-24T21:42:09","slug":"reconciliation-et-cohesion-sociale-nous-devons-echanger-les-experiences-kouadio-konan-bertin-ministre-ivoirien","status":"publish","type":"post","link":"https:\/\/linitiative.ca\/International\/reconciliation-et-cohesion-sociale-nous-devons-echanger-les-experiences-kouadio-konan-bertin-ministre-ivoirien\/","title":{"rendered":"R\u00e9conciliation et coh\u00e9sion sociale : \u00ab Nous devons \u00e9changer les exp\u00e9riences \u00bb,  Kouadio Konan Bertin, ministre ivoirien"},"content":{"rendered":"<div class=\"td-post-featured-image\"><a href=\"https:\/\/www.sidwaya.info\/wp-content\/uploads\/2021\/05\/1-33.jpg\" data-caption=\"\"><img loading=\"lazy\" decoding=\"async\" width=\"595\" height=\"398\" class=\"entry-thumb td-modal-image\" src=\"https:\/\/www.sidwaya.info\/wp-content\/uploads\/2021\/05\/1-33.jpg\" srcset=\"https:\/\/www.sidwaya.info\/wp-content\/uploads\/2021\/05\/1-33.jpg 595w, https:\/\/www.sidwaya.info\/wp-content\/uploads\/2021\/05\/1-33-300x201.jpg 300w, https:\/\/www.sidwaya.info\/wp-content\/uploads\/2021\/05\/1-33-150x100.jpg 150w\" sizes=\"auto, (max-width: 595px) 100vw, 595px\" alt=\"\" title=\"1\"\/><\/a><\/div>\n<p><strong>Le Pr\u00e9sident du Faso, Roch Marc Christian Kabor\u00e9, a re\u00e7u en audience, le lundi 24 mai 2021, le ministre ivoirien de la R\u00e9conciliation nationale, Kouadio Konan Bertin, en fin de s\u00e9jour au Burkina Faso.<\/strong><\/p>\n<p>En s\u00e9jour depuis le jeudi 20 mai 2021 au Burkina Faso, le ministre ivoirien de la R\u00e9conciliation nationale, Kouadio Konan Bertin alias \u00ab KKB \u00bb, est all\u00e9 pr\u00e9senter ses \u00ab civilit\u00e9s \u00bb au Pr\u00e9sident du Faso, Roch Marc Christian Kabor\u00e9. C\u2019\u00e9tait au cours d\u2019une audience, qui lui a \u00e9t\u00e9 accord\u00e9e dans l\u2019apr\u00e8s-midi du lundi 24 mai 2021, au palais de Kosyam. A sa sortie d\u2019audience, \u00ab KKB \u00bb a traduit ses remerciements aux promoteurs du Marley d\u2019or qui l\u2019ont associ\u00e9 au spectacle, auquel il a pris part et dont la th\u00e9matique portait sur la paix et la r\u00e9conciliation nationale. \u00ab Vous comprenez bien qu\u2019\u00e0 la fin d\u2019un tel s\u00e9jour, je me devais de rendre visite au Pr\u00e9sident du Faso. Nous sommes venus donc lui pr\u00e9senter nos civilit\u00e9s, lui adresser nos remerciements et \u00e9galement les salutations de son fr\u00e8re, le Pr\u00e9sident Alassane Ouattara. Nous repartons satisfaits et nous disons merci au peuple burkinab\u00e8 et au Pr\u00e9sident du Faso \u00bb, a-t-il laiss\u00e9 entendre.<\/p>\n<p>Konan Kouadio Bertin a aussi indiqu\u00e9 que pendant son s\u00e9jour au pays des Hommes int\u00e8gres, il a eu des s\u00e9ances de travail avec son homologue burkinab\u00e8, Z\u00e9phirin Diabr\u00e9, avec qui il a eu un partage d\u2019exp\u00e9riences \u00ab enrichissantes \u00bb. Cela, a-t-il soutenu, afin de voir comment conduire la question de la r\u00e9conciliation qui tient, selon lui, \u00e0 c\u0153ur aux deux pays. \u00ab C\u2019est vrai, il y a une fronti\u00e8re qui nous s\u00e9pare, la C\u00f4te d\u2019Ivoire et le Burkina. Nous sommes certes deux peuples, mais des peuples d\u2019un m\u00eame destin. Nous avons donc l\u2019obligation de mutualiser nos efforts, d\u2019\u00e9changer les exp\u00e9riences et voir ensemble comment nous conduisons ce peuple ivoiro-burkinab\u00e8 vers un destin meilleur \u00bb, a laiss\u00e9 entendre Kouadio Konan Bertin.<\/p>\n<p class=\"c1\"><strong>Souma\u00efla BONKOUNGOU<\/strong><\/p>\n<div class=\"td-a-rec td-a-rec-id-content_bottom tdi_33_2aa td_block_template_1\">\n<p><img loading=\"lazy\" decoding=\"async\" class=\"aligncenter size-full wp-image-27454\" src=\"https:\/\/www.sidwaya.info\/wp-content\/uploads\/2020\/10\/PUB-Bandeau-paiement-mobile-siteweb.jpg\" alt=\"\" width=\"728\" height=\"90\"\/><\/div>\n<p>Auteur: BM. Sidwaya<br \/>\n<a href=\"https:\/\/www.sidwaya.info\/blog\/2021\/05\/24\/reconciliation-et-cohesion-sociale-nous-devons-echanger-les-experiences-kouadio-konan-bertin-ministre-ivoirien\/\">Cliquez ici pour lire l&rsquo;article depuis sa source.<\/a><\/p>\n","protected":false},"excerpt":{"rendered":"<p>Le Pr\u00e9sident du Faso, Roch Marc Christian Kabor\u00e9, a re\u00e7u en audience, le lundi 24 mai 2021, le ministre ivoirien de la R\u00e9conciliation nationale, Kouadio Konan Bertin, en fin de s\u00e9jour au Burkina Faso. En s\u00e9jour depuis le jeudi 20 mai 2021 au Burkina Faso, le ministre ivoirien de la R\u00e9conciliation nationale, Kouadio Konan Bertin [&hellip;]<\/p>\n","protected":false},"author":1816,"featured_media":0,"comment_status":"closed","ping_status":"closed","sticky":false,"template":"","format":"standard","meta":{"fifu_image_url":"https:\/\/www.sidwaya.info\/wp-content\/uploads\/2021\/05\/1-33.jpg","fifu_image_alt":"R\u00e9conciliation et coh\u00e9sion sociale : \u00ab Nous devons \u00e9changer les exp\u00e9riences \u00bb,  Kouadio Konan Bertin, ministre ivoirien","footnotes":""},"categories":[73,81],"tags":[],"class_list":["post-117331","post","type-post","status-publish","format-standard","hentry","category-actualite","category-burkina-faso"],"_links":{"self":[{"href":"https:\/\/linitiative.ca\/International\/wp-json\/wp\/v2\/posts\/117331","targetHints":{"allow":["GET"]}}],"collection":[{"href":"https:\/\/linitiative.ca\/International\/wp-json\/wp\/v2\/posts"}],"about":[{"href":"https:\/\/linitiative.ca\/International\/wp-json\/wp\/v2\/types\/post"}],"author":[{"embeddable":true,"href":"https:\/\/linitiative.ca\/International\/wp-json\/wp\/v2\/users\/1816"}],"replies":[{"embeddable":true,"href":"https:\/\/linitiative.ca\/International\/wp-json\/wp\/v2\/comments?post=117331"}],"version-history":[{"count":0,"href":"https:\/\/linitiative.ca\/International\/wp-json\/wp\/v2\/posts\/117331\/revisions"}],"wp:attachment":[{"href":"https:\/\/linitiative.ca\/International\/wp-json\/wp\/v2\/media?parent=117331"}],"wp:term":[{"taxonomy":"category","embeddable":true,"href":"https:\/\/linitiative.ca\/International\/wp-json\/wp\/v2\/categories?post=117331"},{"taxonomy":"post_tag","embeddable":true,"href":"https:\/\/linitiative.ca\/International\/wp-json\/wp\/v2\/tags?post=117331"}],"curies":[{"name":"wp","href":"https:\/\/api.w.org\/{rel}","templated":true}]}}