{"id":117332,"date":"2021-05-24T06:37:06","date_gmt":"2021-05-24T10:37:06","guid":{"rendered":"https:\/\/linitiative.ca\/International\/cameroun-necrologie-deces-de-la-deputee-marinette-yetna\/"},"modified":"2021-05-24T06:37:06","modified_gmt":"2021-05-24T10:37:06","slug":"cameroun-necrologie-deces-de-la-deputee-marinette-yetna","status":"publish","type":"post","link":"https:\/\/linitiative.ca\/International\/cameroun-necrologie-deces-de-la-deputee-marinette-yetna\/","title":{"rendered":"Cameroun \u2013 N\u00e9crologie : d\u00e9c\u00e8s de la d\u00e9put\u00e9e Marinette Yetna"},"content":{"rendered":"<div readability=\"32\">\n<p>Publi\u00e9 le 24.05.2021 \u00e0 11h37 par Christian Djimadeu<\/p>\n<\/div>\n<div readability=\"50\">\n<h5 class=\"c9\">L\u2019\u00e9lu RDPC de <em>la Sanaga Maritime est d\u00e9c\u00e9d\u00e9 ce<\/em> 24 mai 2021 dans une clinique \u00e0 Douala o\u00f9 elle recevait des soins.<\/h5>\n<p class=\"c10\"><strong>Marinette YETNA<\/strong> n\u2019est plus ! L\u2019une des voix de la Sanaga \u2013 Maritime \u00e0 la chambre basse du parlement a rendu l\u2019\u00e2me ce matin dans la ville de Douala, \u00e0 la\u00a0suite \u00e0 une courte maladie.<\/p>\n<p class=\"c10\">La nouvelle du d\u00e9c\u00e8s de cette femme politique,\u00a0 \u00a0tr\u00e8s active sur les r\u00e9seaux sociaux, a surpris\u00a0 plus d\u2019une personne. Le cas de sa coll\u00e8gue\u00a0Nourane Foster\u00a0, du Parti camerounais pour la r\u00e9conciliation nationale (PCRN). <strong>\u00a0<\/strong>\u00ab <em>O\u00f9 allez-vous Ch\u00e8r(e)s coll\u00e8gues ! \u00d4 Mon Dieu quelle triste nouvelle une fois de plus ? Nous apprenons \u00e0 l\u2019instant le d\u00e9c\u00e8s de L\u2019Hon Marinette Yetna de la Sanaga Maritime. Mes Sinc\u00e8res Condol\u00e9ances \u00e0 sa famille biologique et politique.<\/em>\u201d a-t-elle d\u00e9clar\u00e9.<\/p>\n<p class=\"c10\">L\u2019un de ses combats consistait \u00e0 revendiquer le respect de certains \u00e9quilibres dans le choix des ressortissants de la Sanaga-Maritime \u00e0 des postes importants \u00e0 la fonction publique.<\/p>\n<p class=\"c10\">Sa mort survient 48 heures apr\u00e8s l\u2019inhumation \u00a0\u00e0 la vice-pr\u00e9sidente de l\u2019Assembl\u00e9e nationale, Honorable Lifaka Monjowa, \u00e0 Buea dans le Sud-Ouest.<\/p>\n<\/div>\n<p>Auteur: Christian DJIMADEU<br \/>\n<a href=\"https:\/\/www.journalducameroun.com\/cameroun-necrologie-deces-de-la-deputee-marinette-yetna-cameroun\/\">Cliquez ici pour lire l&rsquo;article depuis sa source.<\/a><\/p>\n","protected":false},"excerpt":{"rendered":"<p>Publi\u00e9 le 24.05.2021 \u00e0 11h37 par Christian Djimadeu L\u2019\u00e9lu RDPC de la Sanaga Maritime est d\u00e9c\u00e9d\u00e9 ce 24 mai 2021 dans une clinique \u00e0 Douala o\u00f9 elle recevait des soins. Marinette YETNA n\u2019est plus ! L\u2019une des voix de la Sanaga \u2013 Maritime \u00e0 la chambre basse du parlement a rendu l\u2019\u00e2me ce matin dans [&hellip;]<\/p>\n","protected":false},"author":1965,"featured_media":0,"comment_status":"closed","ping_status":"closed","sticky":false,"template":"","format":"standard","meta":{"fifu_image_url":"","fifu_image_alt":"","footnotes":""},"categories":[73,82],"tags":[],"class_list":["post-117332","post","type-post","status-publish","format-standard","hentry","category-actualite","category-cameroun"],"_links":{"self":[{"href":"https:\/\/linitiative.ca\/International\/wp-json\/wp\/v2\/posts\/117332","targetHints":{"allow":["GET"]}}],"collection":[{"href":"https:\/\/linitiative.ca\/International\/wp-json\/wp\/v2\/posts"}],"about":[{"href":"https:\/\/linitiative.ca\/International\/wp-json\/wp\/v2\/types\/post"}],"author":[{"embeddable":true,"href":"https:\/\/linitiative.ca\/International\/wp-json\/wp\/v2\/users\/1965"}],"replies":[{"embeddable":true,"href":"https:\/\/linitiative.ca\/International\/wp-json\/wp\/v2\/comments?post=117332"}],"version-history":[{"count":0,"href":"https:\/\/linitiative.ca\/International\/wp-json\/wp\/v2\/posts\/117332\/revisions"}],"wp:attachment":[{"href":"https:\/\/linitiative.ca\/International\/wp-json\/wp\/v2\/media?parent=117332"}],"wp:term":[{"taxonomy":"category","embeddable":true,"href":"https:\/\/linitiative.ca\/International\/wp-json\/wp\/v2\/categories?post=117332"},{"taxonomy":"post_tag","embeddable":true,"href":"https:\/\/linitiative.ca\/International\/wp-json\/wp\/v2\/tags?post=117332"}],"curies":[{"name":"wp","href":"https:\/\/api.w.org\/{rel}","templated":true}]}}