{"id":117333,"date":"2021-05-24T08:18:02","date_gmt":"2021-05-24T12:18:02","guid":{"rendered":"https:\/\/linitiative.ca\/International\/une-marocaine-nommee-vice-presidente-de-la-federation-internationale-de-volley-ball\/"},"modified":"2021-05-24T08:18:02","modified_gmt":"2021-05-24T12:18:02","slug":"une-marocaine-nommee-vice-presidente-de-la-federation-internationale-de-volley-ball","status":"publish","type":"post","link":"https:\/\/linitiative.ca\/International\/une-marocaine-nommee-vice-presidente-de-la-federation-internationale-de-volley-ball\/","title":{"rendered":"Une Marocaine nomm\u00e9e vice-pr\u00e9sidente de la F\u00e9d\u00e9ration internationale de volley-ball"},"content":{"rendered":"<div readability=\"32\">\n<p>Publi\u00e9 le 24.05.2021 \u00e0 13h18 par APA News<\/p>\n<\/div>\n<div readability=\"51\">\n<p>La pr\u00e9sidente de la F\u00e9d\u00e9ration royale marocaine de volley-ball (FRMVB), Bouchra Hajij a \u00e9t\u00e9 nomm\u00e9e vice-pr\u00e9sidente de la F\u00e9d\u00e9ration internationale de la discipline (FIVB) pour la p\u00e9riode 2021-2024, lors de la r\u00e9union du Conseil d\u2019administration tenue par visioconf\u00e9rence.Selon le statut de la F\u00e9d\u00e9ration internationale de volley-ball, le Comit\u00e9 ex\u00e9cutif est compos\u00e9 de 13 membres, dont cinq pr\u00e9sidents des F\u00e9d\u00e9rations continentales, deux membres \u00e9lus par le Conseil d\u2019administration et cinq membres propos\u00e9s par le pr\u00e9sident de l\u2019instance internationale et repr\u00e9sentant chacun une f\u00e9d\u00e9ration continentale.<\/p>\n<p>Lors de cette r\u00e9union, Bouchra Hajij a \u00e9galement \u00e9t\u00e9 d\u00e9sign\u00e9e membre du comit\u00e9 d\u2019organisation des championnats internationaux en tant que pr\u00e9sidente de la Conf\u00e9d\u00e9ration africaine de volley-ball, un poste qu\u2019elle occupe depuis son \u00e9lection \u00e0 la t\u00eate de l\u2019instance continentale en octobre dernier.<\/p>\n<p>Pour rappel, Bouchra Hajij a \u00e9t\u00e9 d\u00e9sign\u00e9e membre des comit\u00e9s de d\u00e9veloppement et de parit\u00e9 au sein du bureau ex\u00e9cutif de l\u2019Association des comit\u00e9s nationaux olympiques africains.<\/p>\n<\/div>\n<p>Auteur: APA News<br \/>\n<a href=\"https:\/\/www.journalducameroun.com\/une-marocaine-nommee-vice-presidente-de-la-federation-internationale-de-volley-ball\/\">Cliquez ici pour lire l&rsquo;article depuis sa source.<\/a><\/p>\n","protected":false},"excerpt":{"rendered":"<p>Publi\u00e9 le 24.05.2021 \u00e0 13h18 par APA News La pr\u00e9sidente de la F\u00e9d\u00e9ration royale marocaine de volley-ball (FRMVB), Bouchra Hajij a \u00e9t\u00e9 nomm\u00e9e vice-pr\u00e9sidente de la F\u00e9d\u00e9ration internationale de la discipline (FIVB) pour la p\u00e9riode 2021-2024, lors de la r\u00e9union du Conseil d\u2019administration tenue par visioconf\u00e9rence.Selon le statut de la F\u00e9d\u00e9ration internationale de volley-ball, le [&hellip;]<\/p>\n","protected":false},"author":1965,"featured_media":0,"comment_status":"closed","ping_status":"closed","sticky":false,"template":"","format":"standard","meta":{"fifu_image_url":"","fifu_image_alt":"","footnotes":""},"categories":[73,82],"tags":[],"class_list":["post-117333","post","type-post","status-publish","format-standard","hentry","category-actualite","category-cameroun"],"_links":{"self":[{"href":"https:\/\/linitiative.ca\/International\/wp-json\/wp\/v2\/posts\/117333","targetHints":{"allow":["GET"]}}],"collection":[{"href":"https:\/\/linitiative.ca\/International\/wp-json\/wp\/v2\/posts"}],"about":[{"href":"https:\/\/linitiative.ca\/International\/wp-json\/wp\/v2\/types\/post"}],"author":[{"embeddable":true,"href":"https:\/\/linitiative.ca\/International\/wp-json\/wp\/v2\/users\/1965"}],"replies":[{"embeddable":true,"href":"https:\/\/linitiative.ca\/International\/wp-json\/wp\/v2\/comments?post=117333"}],"version-history":[{"count":0,"href":"https:\/\/linitiative.ca\/International\/wp-json\/wp\/v2\/posts\/117333\/revisions"}],"wp:attachment":[{"href":"https:\/\/linitiative.ca\/International\/wp-json\/wp\/v2\/media?parent=117333"}],"wp:term":[{"taxonomy":"category","embeddable":true,"href":"https:\/\/linitiative.ca\/International\/wp-json\/wp\/v2\/categories?post=117333"},{"taxonomy":"post_tag","embeddable":true,"href":"https:\/\/linitiative.ca\/International\/wp-json\/wp\/v2\/tags?post=117333"}],"curies":[{"name":"wp","href":"https:\/\/api.w.org\/{rel}","templated":true}]}}