{"id":117334,"date":"2021-05-24T08:18:02","date_gmt":"2021-05-24T12:18:02","guid":{"rendered":"https:\/\/linitiative.ca\/International\/politique-sante-et-securite-au-menu-des-quotidiens-marocains\/"},"modified":"2021-05-24T08:18:02","modified_gmt":"2021-05-24T12:18:02","slug":"politique-sante-et-securite-au-menu-des-quotidiens-marocains","status":"publish","type":"post","link":"https:\/\/linitiative.ca\/International\/politique-sante-et-securite-au-menu-des-quotidiens-marocains\/","title":{"rendered":"Politique, sant\u00e9 et s\u00e9curit\u00e9 au menu des quotidiens marocains"},"content":{"rendered":"<div readability=\"32\">\n<p>Publi\u00e9 le 24.05.2021 \u00e0 13h18 par APA News<\/p>\n<\/div>\n<div readability=\"125\">\n<p>Les quotidiens marocains parus ce lundi se focalisent sur nombre de sujet notamment la crise politique entre le Maroc et l\u2019Espagne, la r\u00e9ception d\u2019un nouveau lot de vaccin chinois Sinopharm et la mise en \u00e9chec d\u2019une tentative de trafic de drogue en provenance de l\u2019Espagne.+Le Matin+ se fait l\u2019\u00e9cho de la d\u00e9claration du ministre marocain des Affaires \u00e9trang\u00e8res, Nasser Bourita, \u00e0 la cha\u00eene de t\u00e9l\u00e9vision fran\u00e7aise d\u2019information, LCI, dans laquelle il a affirm\u00e9 que le Maroc n\u2019a pas de probl\u00e8me avec l\u2019Union Europ\u00e9enne. Il a un probl\u00e8me avec l\u2019Espagne sur une question qui touche \u00e0 ses int\u00e9r\u00eats supr\u00eames et c\u2019est \u00e0 ce pays de trouver la solution.<\/p>\n<p>\u00ab Pour le Maroc, l\u2019Espagne a cr\u00e9\u00e9 une crise par des actes. Et l\u2019Espagne, par des actes encore doit r\u00e9soudre cette crise \u00bb, a-t-il assur\u00e9 dimanche soir sur LCI.<\/p>\n<p>\u00ab Il y a dans cette affaire beaucoup d\u2019amalgames et beaucoup de discours fallacieux. Il s\u2019agit d\u2019abord d\u2019un probl\u00e8me entre le Maroc et l\u2019Espagne. Un probl\u00e8me politique \u00bb, suite \u00e0 la d\u00e9cision de Madrid d\u2019accueillir le chef du \u00ab\u00a0Polisario\u00a0\u00bb, le d\u00e9nomm\u00e9 Brahim Ghali, a indiqu\u00e9 le ministre des Affaires \u00e9trang\u00e8res.<\/p>\n<p>\u00ab La r\u00e9alit\u00e9 est que l\u2019Espagne a introduit cette personne sur son territoire avec des documents falsifi\u00e9s et une identit\u00e9 usurp\u00e9e sans m\u00eame informer le Maroc. La r\u00e9alit\u00e9 est que cette personne est poursuivie en Espagne. Il y a au moins quatre plaintes contre lui pour viol d\u2019une citoyenne espagnole, pour torture et pour terrorisme par une association canarienne des victimes du terrorisme. Donc il s\u2019agit d\u2019un cas d\u2019Etat de droit, d\u2019application de la loi d\u2019abord espagnole et de l\u2019intervention de la justice espagnole \u00bb, a expliqu\u00e9 le ministre.<\/p>\n<p>Selon lui, \u00ab le Maroc a \u00e9t\u00e9 clair d\u00e8s le d\u00e9part : il s\u2019agit d\u2019un acte contre ses int\u00e9r\u00eats, d\u2019un acte d\u00e9loyal qui ne respecte m\u00eame pas la dignit\u00e9 et les int\u00e9r\u00eats des victimes espagnoles \u00bb.<\/p>\n<p>Dans le m\u00eame sillage, +L\u2019Economiste+ a soulign\u00e9 que le ministre des Affaires \u00e9trang\u00e8res, a point\u00e9 du doigt Madrid dans la crise actuelle avec Rabat.<\/p>\n<p>\u00ab L\u2019Espagne a cr\u00e9\u00e9 la crise avec le Maroc et l\u2019a fait assumer \u00e0 l\u2019Europe\u00a0\u00bb, a affirm\u00e9 Bourita invit\u00e9 sur d\u2019 \u00ab Europe Soir week-end \u00bb. \u00ab L\u2019Espagne n\u2019a pas consult\u00e9 l\u2019Europe avant de prendre les d\u00e9cisions qui touchent les int\u00e9r\u00eats du Maroc. L\u2019Espagne n\u2019a pas consult\u00e9 l\u2019Europe avant de passer outre des normes Schengen pour accepter l\u2019entr\u00e9e de mani\u00e8re frauduleuse d\u2019une personne recherch\u00e9e par la justice espagnole \u00bb, a-t-il ajout\u00e9.<\/p>\n<p>Selon le ministre, \u00ab il faut placer la crise entre le Maroc et l\u2019Espagne dans un contexte \u00bb. \u00ab Un contexte de crise bilat\u00e9rale entre le Maroc et l\u2019Espagne \u00bb et \u00ab une crise qui n\u2019a rien \u00e0 voir avec l\u2019Europe, une crise qui a \u00e9t\u00e9 cr\u00e9\u00e9e par une d\u00e9cision nationale de l\u2019Espagne sans concertation avec ses partenaires europ\u00e9ens \u00bb.<\/p>\n<p>+Aujourd\u2019hui le Maroc+ rapporte que les livraisons du vaccin Sinopharm se poursuivent. Les deux avions Dreamliner de la RAM qui ont d\u00e9coll\u00e9 samedi \u00e0 destination de P\u00e9kin ont atterri dimanche matin \u00e0 l\u2019a\u00e9roport Mohammed V avec \u00e0 leur bord 2 millions de doses du vaccin chinois. Il s\u2019agit de la deuxi\u00e8me livraison cette semaine.<\/p>\n<p>Sur les 10 millions de doses promises par le pr\u00e9sident de l\u2019Assembl\u00e9e nationale populaire de Chine, Li Zhanshu, le Maroc a r\u00e9ceptionn\u00e9 jusqu\u2019\u00e0 pr\u00e9sent 7 millions. Ainsi, le Maroc a re\u00e7u au total 8,5 millions de doses du vaccin du laboratoire chinois Sinopharm sur les 40,5 millions qu\u2019il a command\u00e9es. Ces nouvelles livraisons devraient permettre de vacciner de plus en plus de personnes afin d\u2019acc\u00e9l\u00e9rer la g\u00e9n\u00e9ralisation de la campagne de vaccination aux personnes \u00e2g\u00e9es de 40 et 45 ans.<\/p>\n<p>+Lib\u00e9ration+ fait savoir que les services de la S\u00fbret\u00e9 nationale ont mis en \u00e9chec, vendredi, en coordination avec les \u00e9l\u00e9ments des Douanes op\u00e9rant au port Tanger-Med, une op\u00e9ration d\u2019envergure de trafic de 361.672 comprim\u00e9s psychotropes et proc\u00e9d\u00e9 \u00e0 la saisie d\u2019une quantit\u00e9 de 4,477 kg de coca\u00efne, en provenance de l\u2019Espagne.<\/p>\n<p>Le principal suspect, un conducteur de 62 ans, a \u00e9t\u00e9 interpell\u00e9 lors d\u2019une op\u00e9ration s\u00e9curitaire conjointe men\u00e9e par les services de la S\u00fbret\u00e9 nationale et des Douanes, \u00e0 son arriv\u00e9e au port Tanger-Med en provenance du port espagnol d\u2019Alg\u00e9siras, indique la Direction g\u00e9n\u00e9rale de la s\u00fbret\u00e9 nationale (DGSN) dans un communiqu\u00e9, faisant savoir que les op\u00e9rations de fouille et de contr\u00f4le aux fronti\u00e8res ont permis la saisie de ces quantit\u00e9s record de drogue dans une voiture utilitaire.<\/p>\n<p>Le mis en cause a \u00e9t\u00e9 plac\u00e9 en garde \u00e0 vue \u00e0 la disposition de l\u2019enqu\u00eate confi\u00e9e au service pr\u00e9fectoral de la police judiciaire de Tanger sous la supervision du parquet comp\u00e9tent.<\/p>\n<\/div>\n<p>Auteur: APA News<br \/>\n<a href=\"https:\/\/www.journalducameroun.com\/politique-sante-et-securite-au-menu-des-quotidiens-marocains\/\">Cliquez ici pour lire l&rsquo;article depuis sa source.<\/a><\/p>\n","protected":false},"excerpt":{"rendered":"<p>Publi\u00e9 le 24.05.2021 \u00e0 13h18 par APA News Les quotidiens marocains parus ce lundi se focalisent sur nombre de sujet notamment la crise politique entre le Maroc et l\u2019Espagne, la r\u00e9ception d\u2019un nouveau lot de vaccin chinois Sinopharm et la mise en \u00e9chec d\u2019une tentative de trafic de drogue en provenance de l\u2019Espagne.+Le Matin+ se [&hellip;]<\/p>\n","protected":false},"author":1965,"featured_media":0,"comment_status":"closed","ping_status":"closed","sticky":false,"template":"","format":"standard","meta":{"fifu_image_url":"","fifu_image_alt":"","footnotes":""},"categories":[73,82],"tags":[],"class_list":["post-117334","post","type-post","status-publish","format-standard","hentry","category-actualite","category-cameroun"],"_links":{"self":[{"href":"https:\/\/linitiative.ca\/International\/wp-json\/wp\/v2\/posts\/117334","targetHints":{"allow":["GET"]}}],"collection":[{"href":"https:\/\/linitiative.ca\/International\/wp-json\/wp\/v2\/posts"}],"about":[{"href":"https:\/\/linitiative.ca\/International\/wp-json\/wp\/v2\/types\/post"}],"author":[{"embeddable":true,"href":"https:\/\/linitiative.ca\/International\/wp-json\/wp\/v2\/users\/1965"}],"replies":[{"embeddable":true,"href":"https:\/\/linitiative.ca\/International\/wp-json\/wp\/v2\/comments?post=117334"}],"version-history":[{"count":0,"href":"https:\/\/linitiative.ca\/International\/wp-json\/wp\/v2\/posts\/117334\/revisions"}],"wp:attachment":[{"href":"https:\/\/linitiative.ca\/International\/wp-json\/wp\/v2\/media?parent=117334"}],"wp:term":[{"taxonomy":"category","embeddable":true,"href":"https:\/\/linitiative.ca\/International\/wp-json\/wp\/v2\/categories?post=117334"},{"taxonomy":"post_tag","embeddable":true,"href":"https:\/\/linitiative.ca\/International\/wp-json\/wp\/v2\/tags?post=117334"}],"curies":[{"name":"wp","href":"https:\/\/api.w.org\/{rel}","templated":true}]}}