{"id":117335,"date":"2021-05-24T12:46:28","date_gmt":"2021-05-24T16:46:28","guid":{"rendered":"https:\/\/linitiative.ca\/International\/cameroun-fonds-covid-19-ces-manquements-du-rapport-detape-de-la-chambre-des-comptes\/"},"modified":"2021-05-24T12:46:28","modified_gmt":"2021-05-24T16:46:28","slug":"cameroun-fonds-covid-19-ces-manquements-du-rapport-detape-de-la-chambre-des-comptes","status":"publish","type":"post","link":"https:\/\/linitiative.ca\/International\/cameroun-fonds-covid-19-ces-manquements-du-rapport-detape-de-la-chambre-des-comptes\/","title":{"rendered":"Cameroun-Fonds Covid-19\u00a0: Ces manquements du rapport d\u2019\u00e9tape de la Chambre des comptes"},"content":{"rendered":"<div readability=\"32\">\n<p>Publi\u00e9 le 24.05.2021 \u00e0 17h46 par \u00c9mile Zola Nd\u00e9 Tchoussi<\/p>\n<\/div>\n<div readability=\"109\">\n<h5 class=\"c9\"><strong>Le rapport de la Chambre des comptes ayant fuit\u00e9 sur les r\u00e9seaux sociaux la semaine derni\u00e8re, suscitent de nombreuses interrogations.\u00a0<\/strong><strong>Des membres du gouvernement mis en cause d\u00e9noncent l\u2019absence de contradiction.<\/strong><\/h5>\n<p class=\"c10\">Le document pr\u00e9sent\u00e9 comme un rapport de la Chambre des comptes ayant fuit\u00e9 sur les r\u00e9seaux sociaux a produit l\u2019effet d\u2019une bombe dans l\u2019opinion publique camerounaise. Quelques experts des questions juridiques interrog\u00e9s ne comprennent pas\u00a0pourquoi le Tribunal criminel sp\u00e9cial a commenc\u00e9 \u00e0 auditionner les diff\u00e9rents responsables de minist\u00e8res sur la base d\u2019un rapport d\u2019\u00e9tape, et non sur la base d\u2019un rapport final.<\/p>\n<p class=\"c10\">Les ministres \u00e9pingl\u00e9s dans cette affaire semblent indigner. C\u2018est le cas du ministre du Commerce qui est accus\u00e9 \u00ab\u00a0d\u2019absence d\u2019objectivit\u00e9 dans la validation de la proposition de prix faite par le Minsant\u00e9 sur les tests de d\u00e9pistage vendus par Mediline Medical Cameroon SA\u00a0\u00bb. Des tests qui ont co\u00fbt\u00e9 17\u00a0500 Fcfa l\u2019unit\u00e9 \u00e0 l\u2019Etat du Cameroun. Alors qu\u2019ils devaient revenir \u00e0 7084 Fcfa. Soit une diff\u00e9rence de 10\u00a0415 Fcfa et une perte de 14\u00a0581\u00a0884\u00a0800 Fcfa pour le tr\u00e9sor public.<\/p>\n<p class=\"c10\">Une accusation que rejette le ministre du Commerce, Luc Magloire Mbarga Atangana qui dit n\u2019avoir pas eu droit au contradictoire. Mais son entourage souligne que le ministre avait cr\u00e9\u00e9\u00a0une commission sp\u00e9ciale de validation des prix, et tarifs de r\u00e9f\u00e9rence des \u00e9quipements, travaux et services destin\u00e9s aux administrations publiques et parapubliques dans le cadre de la lutte contre la Covid 19.\u00a0Le 1<sup>er<\/sup>\u00a0juin 2020, la commission valide une mercuriale de 17500 FCFA \/ kits de 25 tests, soit 700 FCFA\/ test (SD-Biosensor).\u00a0 Curieusement, au moment de la livraison, Mediline M\u00e9dical Cameroon S.A n\u2019a pas respect\u00e9 la mercuriale. Elle a factur\u00e9 le test \u00e0 17500 l\u2019unit\u00e9 au lieu de 17 500 f par kit de 25 tests.\u00a0Des \u00e9l\u00e9ments qui, selon eux, ne figurent pas dans le rapport de la chambre des comptes.<\/p>\n<p class=\"c10\">Autre aspect, le choix de l\u2019entreprise Mediline M\u00e9dical Cameroon S.A. La chambre des comptes d\u00e9nonce \u00ab\u00a0le quasi-monopole accord\u00e9 \u00e0 l\u2019entreprise\u00a0\u00bb par le minist\u00e8re de la Sant\u00e9 pour la livraison de 3 000 000 kits de tests de d\u00e9pistage \u00e0 la fin d\u00e9cembre 2020. Mais, il n\u2019est pas mentionn\u00e9 que le choix de cette entreprise fait suite \u00e0 une instruction de Joseph Dion Ngute, Premier ministre, chef du gouvernement. En effet, dans une correspondance dat\u00e9e du 11 juin 2020, le directeur de cabinet de Dion Ngute, Balungeli Ebune informe le ministre des Finances, Louis Paul Motaze que \u00ab\u00a08<\/p>\n<p class=\"c10\">Il poursuit\u00a0: \u00ab\u00a0Par ailleurs, il vous prescrit de tenir la main au suivi coh\u00e9rent et efficace du r\u00e8glement des prestations li\u00e9es \u00e0 l\u2019importation de deux millions neuf cent milles (2\u00a0900\u00a0000) tests de d\u00e9pistage de la COVID 19 restant d\u2019ici fin d\u00e9cembre 2020. Cette commande livr\u00e9e au Cameroun au fur et \u00e0 mesure au profit exclusif du minist\u00e8re de la Sant\u00e9 publique par Mediline Medical Cameroon S.A dans le cadre d\u2019un march\u00e9 sp\u00e9cial r\u00e9guli\u00e8rement contract\u00e9\u00a0\u00bb. L\u00e0 encore, ces informations ne sont pas contenues dans le rapport d\u2019\u00e9tape de la chambre des comptes.<\/p>\n<p class=\"c10\">Enfin, sur \u00a0la fabrication de l\u2019hydro-chloroquine et de l\u2019azithromycine, une op\u00e9ration \u00e9valu\u00e9e \u00e0 657\u00a0088\u00a0524 Fcfa, qui n\u2019a pas \u00e9t\u00e9 r\u00e9alis\u00e9e, les m\u00e9dicaments ayant \u00e9t\u00e9 import\u00e9s de l\u2019Inde, la chambre de la Cour des comptes estime que le minist\u00e8re de la Sant\u00e9 \u00ab\u00a0a pass\u00e9 une commande contraire \u00e0 la proposition faite au pr\u00e9sident de la R\u00e9publique et formalis\u00e9e par un march\u00e9 sign\u00e9 au lendemain de la mission d\u2019\u00e9valuation de la\u00a0\u00a0Direction de la pharmacie, du m\u00e9dicament et des laboratoires (DPML)\u00bb.<\/p>\n<p class=\"c10\">En r\u00e9ponse, au minist\u00e8re de la Recherche scientifique et de l\u2019Innovation, l\u2019on explique\u00a0: \u00ab\u00a0que la dotation pr\u00e9vue dans le d\u00e9cret du Premier ministre rappel\u00e9 plus haut n\u2019a jamais \u00e9t\u00e9 mise \u00e0 la disposition du Minresi. En effet, par correspondance n\u00b0 B393\/SG\/PR du 17\/11\/2020, le ministre d\u2019Etat, Secr\u00e9taire G\u00e9n\u00e9ral de la pr\u00e9sidence de la R\u00e9publique a notifi\u00e9 au ministre Madeleine Tchuinte, les Tr\u00e8s Hautes Instructions du chef de l\u2019Etat, lui prescrivant de surseoir \u00e0 l\u2019activit\u00e9 de fabrication par l\u2019Institut de Recherches M\u00e9dicales et d\u2019Etudes des Plantes M\u00e9dicinales\u00a0(IMPM) de l\u2019hydro-chloroquine et de l\u2019azithromycine, pour un co\u00fbt total de quatre milliards de francs CFA (4.000.000.000) francs CFA.<\/p>\n<p class=\"c10\">D\u00e8s lors, sur les 6.100.000.000 de francs CFA initialement budg\u00e9tis\u00e9s pour ce d\u00e9partement minist\u00e9riel, il devrait rester la somme de deux milliards cent millions (2.100.000.000) de francs CFA\u00a0\u00bb. L\u00e0 encore, Madeleine Tchuinte n\u2019avait pas eu droit au contradictoire au moment de l\u2019\u00e9laboration de ce rapport d\u2019\u00e9tape de la chambre des comptes, tout comme le ministre de la Sant\u00e9 publique, Manaouda Malachie.<\/p>\n<\/div>\n<p>Auteur: Christian DJIMADEU<br \/>\n<a href=\"https:\/\/www.journalducameroun.com\/cameroun-fonds-covid-19-ces-manquements-du-rapport-detape-de-la-chambre-des-comptes\/\">Cliquez ici pour lire l&rsquo;article depuis sa source.<\/a><\/p>\n","protected":false},"excerpt":{"rendered":"<p>Publi\u00e9 le 24.05.2021 \u00e0 17h46 par \u00c9mile Zola Nd\u00e9 Tchoussi Le rapport de la Chambre des comptes ayant fuit\u00e9 sur les r\u00e9seaux sociaux la semaine derni\u00e8re, suscitent de nombreuses interrogations.\u00a0Des membres du gouvernement mis en cause d\u00e9noncent l\u2019absence de contradiction. Le document pr\u00e9sent\u00e9 comme un rapport de la Chambre des comptes ayant fuit\u00e9 sur les [&hellip;]<\/p>\n","protected":false},"author":1965,"featured_media":0,"comment_status":"closed","ping_status":"closed","sticky":false,"template":"","format":"standard","meta":{"fifu_image_url":"","fifu_image_alt":"","footnotes":""},"categories":[73,82],"tags":[],"class_list":["post-117335","post","type-post","status-publish","format-standard","hentry","category-actualite","category-cameroun"],"_links":{"self":[{"href":"https:\/\/linitiative.ca\/International\/wp-json\/wp\/v2\/posts\/117335","targetHints":{"allow":["GET"]}}],"collection":[{"href":"https:\/\/linitiative.ca\/International\/wp-json\/wp\/v2\/posts"}],"about":[{"href":"https:\/\/linitiative.ca\/International\/wp-json\/wp\/v2\/types\/post"}],"author":[{"embeddable":true,"href":"https:\/\/linitiative.ca\/International\/wp-json\/wp\/v2\/users\/1965"}],"replies":[{"embeddable":true,"href":"https:\/\/linitiative.ca\/International\/wp-json\/wp\/v2\/comments?post=117335"}],"version-history":[{"count":0,"href":"https:\/\/linitiative.ca\/International\/wp-json\/wp\/v2\/posts\/117335\/revisions"}],"wp:attachment":[{"href":"https:\/\/linitiative.ca\/International\/wp-json\/wp\/v2\/media?parent=117335"}],"wp:term":[{"taxonomy":"category","embeddable":true,"href":"https:\/\/linitiative.ca\/International\/wp-json\/wp\/v2\/categories?post=117335"},{"taxonomy":"post_tag","embeddable":true,"href":"https:\/\/linitiative.ca\/International\/wp-json\/wp\/v2\/tags?post=117335"}],"curies":[{"name":"wp","href":"https:\/\/api.w.org\/{rel}","templated":true}]}}