{"id":117336,"date":"2021-05-24T13:18:02","date_gmt":"2021-05-24T17:18:02","guid":{"rendered":"https:\/\/linitiative.ca\/International\/le-maroc-et-la-mauritanie-veulent-booster-leur-cooperation-economique\/"},"modified":"2021-05-24T13:18:02","modified_gmt":"2021-05-24T17:18:02","slug":"le-maroc-et-la-mauritanie-veulent-booster-leur-cooperation-economique","status":"publish","type":"post","link":"https:\/\/linitiative.ca\/International\/le-maroc-et-la-mauritanie-veulent-booster-leur-cooperation-economique\/","title":{"rendered":"Le Maroc et la Mauritanie veulent booster leur coop\u00e9ration \u00e9conomique"},"content":{"rendered":"<div readability=\"32\">\n<p>Publi\u00e9 le 24.05.2021 \u00e0 18h18 par APA News<\/p>\n<\/div>\n<div readability=\"87\">\n<p>Le Maroc et la Mauritanie ont exprim\u00e9 leur ferme d\u00e9termination \u00e0 renforcer leur coop\u00e9ration \u00e9conomique qui reste en de\u00e7\u00e0 de l\u2019excellence des relations politiques qui lient les deux pays.Dans un point de presse, tenu lundi \u00e0 Rabat, \u00e0 l\u2019issue des entretiens entre les ministres des Affaires \u00e9trang\u00e8res marocain, Nasser Bourita et mauritanien, Ismail Ouled Cheikh, en visite au Maroc porteur d\u2019un message du pr\u00e9sident mauritanien Mohammed Ouled Ghazouani au Roi Mohammed VI, le ministre marocain a soulign\u00e9 que la visite du chef de la diplomatie mauritanienne au Maroc \u00ab s\u2019inscrit dans le cadre d\u2019une \u00e9volution tr\u00e8s positive \u00bb entre les deux pays.<\/p>\n<p>Il a rappel\u00e9 les contacts et les \u00e9changes r\u00e9guliers entre le Roi Mohammed VI et le pr\u00e9sident mauritanien sur les relations bilat\u00e9rales et les questions r\u00e9gionales, soulignant l\u2019existence d\u2019une ambition commune entre les dirigeants des deux pays de pousser les relations bilat\u00e9rales au plus haut niveau.<\/p>\n<p>Le responsable gouvernemental marocain a annonc\u00e9 le d\u00e9but de la coordination pour tenir la commission mixte entre les deux pays pour discuter de la mani\u00e8re de d\u00e9velopper davantage les relations bilat\u00e9rales, ajoutant que ces relations sont \u00ab excellentes au niveau politique \u00bb, mais doivent se renforcer davantage sur le plan \u00e9conomique.<\/p>\n<p>Il a dans ce sens indiqu\u00e9 que la prochaine \u00e9tape consistera \u00e0 booster les relations \u00e9conomiques et \u00e0 mobiliser les acteurs \u00e9conomiques et les investisseurs des deux pays pour identifier des cr\u00e9neaux de coop\u00e9ration et monter des projets d\u2019investissements de par et d\u2019autres.<\/p>\n<p>\u00ab Le d\u00e9veloppement remarquable que connaissent les relations entre les deux pays est un d\u00e9saveu \u00e0 tous ceux qui veulent p\u00eacher en eaux troubles. \u00a0Les relations maroco-mauritaniennes n\u2019ont jamais atteint un niveau positif que celui r\u00e9alis\u00e9 aujourd\u2019hui \u00bb.<\/p>\n<p>De son c\u00f4t\u00e9, le ministre mauritanien des Affaires \u00e9trang\u00e8res a fait part de la solidit\u00e9 et de l\u2019excellence des relations entre son pays et le Maroc que \u00ab nous aspirons \u00e0 les d\u00e9velopper davantage \u00bb, exprimant la volont\u00e9 de Nouakchott de renforcer les \u00e9changes commerciaux, \u00e9conomiques et culturels avec le Royaume.<\/p>\n<p>Il a salu\u00e9 le soutien du Maroc aux \u00e9lites et \u00e9tudiants mauritaniens \u00e0 travers la formation qui leur est dispens\u00e9e au Maroc, un soutien qui, selon lui, \u00ab n\u2019est pas n\u00e9 aujourd\u2019hui \u00bb.<\/p>\n<p>En d\u00e9pit de l\u2019\u00e9volution des relations politiques ces derni\u00e8res ann\u00e9es, les relations \u00e9conomiques restent en de\u00e7\u00e0 des attentes des deux pays, a -t-il relev\u00e9.<\/p>\n<p>Il a \u00e9mis l\u2019espoir de voir la haute commission mixte, pr\u00e9sid\u00e9e par les chefs de gouvernement des deux pays, se tenir prochainement pour hisser les relations bilat\u00e9rales au niveau des aspirations des deux Chefs d\u2019Etat.<\/p>\n<\/div>\n<p>Auteur: APA News<br \/>\n<a href=\"https:\/\/www.journalducameroun.com\/le-maroc-et-la-mauritanie-veulent-booster-leur-cooperation-economique\/\">Cliquez ici pour lire l&rsquo;article depuis sa source.<\/a><\/p>\n","protected":false},"excerpt":{"rendered":"<p>Publi\u00e9 le 24.05.2021 \u00e0 18h18 par APA News Le Maroc et la Mauritanie ont exprim\u00e9 leur ferme d\u00e9termination \u00e0 renforcer leur coop\u00e9ration \u00e9conomique qui reste en de\u00e7\u00e0 de l\u2019excellence des relations politiques qui lient les deux pays.Dans un point de presse, tenu lundi \u00e0 Rabat, \u00e0 l\u2019issue des entretiens entre les ministres des Affaires \u00e9trang\u00e8res [&hellip;]<\/p>\n","protected":false},"author":1965,"featured_media":0,"comment_status":"closed","ping_status":"closed","sticky":false,"template":"","format":"standard","meta":{"fifu_image_url":"","fifu_image_alt":"","footnotes":""},"categories":[73,82],"tags":[],"class_list":["post-117336","post","type-post","status-publish","format-standard","hentry","category-actualite","category-cameroun"],"_links":{"self":[{"href":"https:\/\/linitiative.ca\/International\/wp-json\/wp\/v2\/posts\/117336","targetHints":{"allow":["GET"]}}],"collection":[{"href":"https:\/\/linitiative.ca\/International\/wp-json\/wp\/v2\/posts"}],"about":[{"href":"https:\/\/linitiative.ca\/International\/wp-json\/wp\/v2\/types\/post"}],"author":[{"embeddable":true,"href":"https:\/\/linitiative.ca\/International\/wp-json\/wp\/v2\/users\/1965"}],"replies":[{"embeddable":true,"href":"https:\/\/linitiative.ca\/International\/wp-json\/wp\/v2\/comments?post=117336"}],"version-history":[{"count":0,"href":"https:\/\/linitiative.ca\/International\/wp-json\/wp\/v2\/posts\/117336\/revisions"}],"wp:attachment":[{"href":"https:\/\/linitiative.ca\/International\/wp-json\/wp\/v2\/media?parent=117336"}],"wp:term":[{"taxonomy":"category","embeddable":true,"href":"https:\/\/linitiative.ca\/International\/wp-json\/wp\/v2\/categories?post=117336"},{"taxonomy":"post_tag","embeddable":true,"href":"https:\/\/linitiative.ca\/International\/wp-json\/wp\/v2\/tags?post=117336"}],"curies":[{"name":"wp","href":"https:\/\/api.w.org\/{rel}","templated":true}]}}