{"id":117337,"date":"2021-05-24T09:12:07","date_gmt":"2021-05-24T13:12:07","guid":{"rendered":"https:\/\/linitiative.ca\/International\/fonction-publique-493-agents-de-letat-renvoyes-au-quartier\/"},"modified":"2021-05-24T09:12:07","modified_gmt":"2021-05-24T13:12:07","slug":"fonction-publique-493-agents-de-letat-renvoyes-au-quartier","status":"publish","type":"post","link":"https:\/\/linitiative.ca\/International\/fonction-publique-493-agents-de-letat-renvoyes-au-quartier\/","title":{"rendered":"Fonction publique: 493 agents de l\u2019Etat renvoy\u00e9s au quartier"},"content":{"rendered":"<p>Le ministre de la Fonction publique et de la r\u00e9forme administrative (Minfopra) Joseph LE frappe du point sur le table. Il faut dire que certains agents de l\u2019Etat sont all\u00e9s un peu trop loin dans le laxisme. En date du 21 mai 2021, le patron de la Fonction publique camerounais a sign\u00e9 une s\u00e9rie d\u2019arr\u00eat\u00e9s portant licenciement et r\u00e9vocation d\u2019agents publics. C\u2019est 493 personnels relevant du Code du travail qui ont ainsi subit le courroux du Minfopra.<\/p>\n<p><strong>Lire aussi<\/strong> : <strong><a href=\"https:\/\/ecomatin.net\/recrutement-de-25-000-jeunes-a-la-fonction-publique-le-minsec-lance-une-operation-didentification\/\">Recrutement de 25 000 jeunes \u00e0 la fonction publique : le Minesec lance une op\u00e9ration d\u2019identification<\/a><\/strong><\/p>\n<p>Les listes qui sont consultables sur le portail du minist\u00e8re, indiquent clairement les noms, les postes et les matricule des agents concern\u00e9s. Cette vague touche plusieurs secteurs corps de m\u00e9tiers. Il s\u2019agit, \u00e0 l\u2019occurrence, des contr\u00f4leurs des prix, poids et mesures\u00a0; des instituteurs contractuels\u00a0; des agents contractuels d\u2019administration\u00a0; des infirmiers dipl\u00f4m\u00e9s d\u2019Etat contractuels\u00a0; des cadre en g\u00e9nie informatique contractuel, etc. D\u2019autres listes devraient suivre, pr\u00e9vient-on au Minfopra.<\/p>\n<p>Ces sanctions du ministre LE, font suites aux multiples rappels \u00e0 l\u2019ordre du ministre, invitant ces derniers \u00e0 se conformer. \u00ab\u00a0Sur les 8766 agents index\u00e9s, seuls 601 ont daign\u00e9 d\u00e9f\u00e9rer aux convocations du Conseil permanent de discipline de la Fonction publique. Aux termes des auditions, 177 agents du service public, \u00a0mis en cause ont \u00e9t\u00e9 r\u00e9habilit\u00e9s au travers de reprises en solde simples ou assorties d\u2019avertissement, bl\u00e2me, abaissement d\u2019\u00e9chelon,\u00a0etc\u00bb, lit-on dans la note d\u2019information rendue publique \u00e0 cet effet. Le document explique que ces sanctions sont en conformit\u00e9 aux dispositions des d\u00e9crets N\u00b078\/484 du 09 novembre 1978 et N\u00b094\/199 du 7 octobre 1994, portant respectivement Code du travail et Statut g\u00e9n\u00e9ral de la Fonction publique.<\/p>\n<p><strong>Lire aussi<\/strong> : <strong><a href=\"https:\/\/ecomatin.net\/fonction-publique-ou-en-est-le-recrutement-de-1000-enseignants-bilingues\/\">Fonction publique: o\u00f9 en est le recrutement de 1000 enseignants bilingues<\/a><\/strong>\u00a0<\/p>\n<p>\u00a0Cette d\u00e9cision du ministre intervient apr\u00e8s la phase du recensement r\u00e9alis\u00e9 par le minist\u00e8re des Finances entre avril et juin 2018. Accord avait alors \u00e9t\u00e9 donn\u00e9 au Minfopra de proc\u00e9der \u00e0 la gestion de la phase contentieuse sur une p\u00e9riode de six mois.<\/p>\n<p>Pour Joseph LE, cette op\u00e9ration s\u2019inscrit en droite ligne des hautes directives du pr\u00e9sident de la r\u00e9publique qui, dans sa circulaire du 20 juin 2017, instruisait un comptage physique des agents publics au cours de l\u2019exercice 2018.<\/p>\n<p>Rappelons que le but de cette politique gouvernementale, vise \u00e0 rationaliser la masse salariale qui se situe autour de 1000 milliards de FCFA par an depuis quelques ann\u00e9es. Une d\u00e9cision ferme du gouvernement qui servira certainement \u00a0de le\u00e7ons \u00a0\u00e0 d\u2019autres agents publics qui se croient au-dessus de la loi.<\/p>\n<p><strong>Lire aussi<\/strong> : <strong><a href=\"https:\/\/ecomatin.net\/finances-publiques-le-rappel-a-lordre-du-dg-du-tresor-aux-comptables-publics\/\">Finances publiques: le rappel \u00e0 l\u2019ordre du DG du Tr\u00e9sor aux comptables publics<\/a><\/strong><\/p>\n<p>Auteur: Amina MALLOUM<br \/>\n<a href=\"https:\/\/ecomatin.net\/fonction-publique-493-agentss-de-letat-renvoyes-au-quartier\/\">Cliquez ici pour lire l&rsquo;article depuis sa source.<\/a><\/p>\n","protected":false},"excerpt":{"rendered":"<p>Le ministre de la Fonction publique et de la r\u00e9forme administrative (Minfopra) Joseph LE frappe du point sur le table. Il faut dire que certains agents de l\u2019Etat sont all\u00e9s un peu trop loin dans le laxisme. En date du 21 mai 2021, le patron de la Fonction publique camerounais a sign\u00e9 une s\u00e9rie d\u2019arr\u00eat\u00e9s [&hellip;]<\/p>\n","protected":false},"author":1969,"featured_media":0,"comment_status":"closed","ping_status":"closed","sticky":false,"template":"","format":"standard","meta":{"fifu_image_url":"","fifu_image_alt":"","footnotes":""},"categories":[82,78],"tags":[],"class_list":["post-117337","post","type-post","status-publish","format-standard","hentry","category-cameroun","category-economie"],"_links":{"self":[{"href":"https:\/\/linitiative.ca\/International\/wp-json\/wp\/v2\/posts\/117337","targetHints":{"allow":["GET"]}}],"collection":[{"href":"https:\/\/linitiative.ca\/International\/wp-json\/wp\/v2\/posts"}],"about":[{"href":"https:\/\/linitiative.ca\/International\/wp-json\/wp\/v2\/types\/post"}],"author":[{"embeddable":true,"href":"https:\/\/linitiative.ca\/International\/wp-json\/wp\/v2\/users\/1969"}],"replies":[{"embeddable":true,"href":"https:\/\/linitiative.ca\/International\/wp-json\/wp\/v2\/comments?post=117337"}],"version-history":[{"count":0,"href":"https:\/\/linitiative.ca\/International\/wp-json\/wp\/v2\/posts\/117337\/revisions"}],"wp:attachment":[{"href":"https:\/\/linitiative.ca\/International\/wp-json\/wp\/v2\/media?parent=117337"}],"wp:term":[{"taxonomy":"category","embeddable":true,"href":"https:\/\/linitiative.ca\/International\/wp-json\/wp\/v2\/categories?post=117337"},{"taxonomy":"post_tag","embeddable":true,"href":"https:\/\/linitiative.ca\/International\/wp-json\/wp\/v2\/tags?post=117337"}],"curies":[{"name":"wp","href":"https:\/\/api.w.org\/{rel}","templated":true}]}}