{"id":117343,"date":"2021-05-25T09:20:56","date_gmt":"2021-05-25T13:20:56","guid":{"rendered":"https:\/\/linitiative.ca\/International\/sidi-ifni-un-muezzin-mortellement-poignarde-par-un-malade-mental\/"},"modified":"2021-05-25T09:20:56","modified_gmt":"2021-05-25T13:20:56","slug":"sidi-ifni-un-muezzin-mortellement-poignarde-par-un-malade-mental","status":"publish","type":"post","link":"https:\/\/linitiative.ca\/International\/sidi-ifni-un-muezzin-mortellement-poignarde-par-un-malade-mental\/","title":{"rendered":"Sidi Ifni : Un muezzin mortellement poignard\u00e9 par un malade mental"},"content":{"rendered":"<header>\n<\/header>\n<div class=\"entry-content clearfix\" readability=\"53\">\n<figure class=\"post-thumbnail\" itemprop=\"associatedMedia\" itemscope=\"itemscope\" itemtype=\"http:\/\/schema.org\/ImageObject\"><img decoding=\"async\" class=\"post_layout_5_img\" src=\"http:\/\/aujourdhui.ma\/wp-content\/uploads\/2018\/01\/malade-mental.jpg\" alt=\"Sidi Ifni : Un muezzin mortellement poignard\u00e9 par un malade mental\"\/><\/figure>\n<p><span class=\"c7\"><strong>Un jeune homme, \u00e2g\u00e9 de vingt-six ans, souffrant de troubles mentaux, a mis fin, vendredi dernier au soir, \u00e0 la vie du muezzin de la mosqu\u00e9e du douar Aghir Aouzmour relevant de la commune rurale Anfeg, dans la province de Sidi Ifni.<\/strong><\/span><span id=\"more-377228\"\/><\/p>\n<p>En fait, le meurtre de ce p\u00e8re de famille, \u00e2g\u00e9 de quatre-vingt ans, n\u2019\u00e9tait pas le premier acte criminel que ce jeune homme avait commis au douar. Il avait perp\u00e9tr\u00e9 plusieurs autres m\u00e9faits dont le dernier remonte au matin d\u2019A\u00efd El Fitr, jeudi 13 mai, lorsqu\u2019il a abattu un \u00e2ne. A ce propos, les habitants du douar ont port\u00e9 plainte aupr\u00e8s des autorit\u00e9s locales r\u00e9clamant que ce malade mental soit \u00e9vacu\u00e9 vers l\u2019h\u00f4pital psychiatrique. Mais en vain. Neuf jours plus tard, il a commis l\u2019irr\u00e9parable en tuant le muezzin \u00e0 coups de couteau. Entamant une enqu\u00eate et effectuant les investigations n\u00e9cessaires, les gendarmes de la r\u00e9gion d\u2019Anfeg sont arriv\u00e9s \u00e0 arr\u00eater le meurtrier au douar Id Gassem relevant d\u2019Ibder.<\/p>\n<\/div>\n<p>Auteur: Abderrafii ALOUMLIKI<br \/>\n<a href=\"https:\/\/aujourdhui.ma\/faits-divers\/sidi-ifni-un-muezzin-mortellement-poignarde-par-un-malade-mental\">Cliquez ici pour lire l&rsquo;article depuis sa source.<\/a><\/p>\n","protected":false},"excerpt":{"rendered":"<p>Un jeune homme, \u00e2g\u00e9 de vingt-six ans, souffrant de troubles mentaux, a mis fin, vendredi dernier au soir, \u00e0 la vie du muezzin de la mosqu\u00e9e du douar Aghir Aouzmour relevant de la commune rurale Anfeg, dans la province de Sidi Ifni. En fait, le meurtre de ce p\u00e8re de famille, \u00e2g\u00e9 de quatre-vingt ans, [&hellip;]<\/p>\n","protected":false},"author":1759,"featured_media":0,"comment_status":"closed","ping_status":"closed","sticky":false,"template":"","format":"standard","meta":{"fifu_image_url":"http:\/\/aujourdhui.ma\/wp-content\/uploads\/2018\/01\/malade-mental.jpg","fifu_image_alt":"Sidi Ifni : Un muezzin mortellement poignard\u00e9 par un malade mental","footnotes":""},"categories":[73,54],"tags":[],"class_list":["post-117343","post","type-post","status-publish","format-standard","hentry","category-actualite","category-maroc"],"_links":{"self":[{"href":"https:\/\/linitiative.ca\/International\/wp-json\/wp\/v2\/posts\/117343","targetHints":{"allow":["GET"]}}],"collection":[{"href":"https:\/\/linitiative.ca\/International\/wp-json\/wp\/v2\/posts"}],"about":[{"href":"https:\/\/linitiative.ca\/International\/wp-json\/wp\/v2\/types\/post"}],"author":[{"embeddable":true,"href":"https:\/\/linitiative.ca\/International\/wp-json\/wp\/v2\/users\/1759"}],"replies":[{"embeddable":true,"href":"https:\/\/linitiative.ca\/International\/wp-json\/wp\/v2\/comments?post=117343"}],"version-history":[{"count":0,"href":"https:\/\/linitiative.ca\/International\/wp-json\/wp\/v2\/posts\/117343\/revisions"}],"wp:attachment":[{"href":"https:\/\/linitiative.ca\/International\/wp-json\/wp\/v2\/media?parent=117343"}],"wp:term":[{"taxonomy":"category","embeddable":true,"href":"https:\/\/linitiative.ca\/International\/wp-json\/wp\/v2\/categories?post=117343"},{"taxonomy":"post_tag","embeddable":true,"href":"https:\/\/linitiative.ca\/International\/wp-json\/wp\/v2\/tags?post=117343"}],"curies":[{"name":"wp","href":"https:\/\/api.w.org\/{rel}","templated":true}]}}