{"id":117344,"date":"2021-05-25T09:30:42","date_gmt":"2021-05-25T13:30:42","guid":{"rendered":"https:\/\/linitiative.ca\/International\/leadership-au-feminin-coup-denvoi-de-la-seconde-edition-du-global-womens-summit\/"},"modified":"2021-05-25T09:30:42","modified_gmt":"2021-05-25T13:30:42","slug":"leadership-au-feminin-coup-denvoi-de-la-seconde-edition-du-global-womens-summit","status":"publish","type":"post","link":"https:\/\/linitiative.ca\/International\/leadership-au-feminin-coup-denvoi-de-la-seconde-edition-du-global-womens-summit\/","title":{"rendered":"Leadership au f\u00e9minin  : Coup d\u2019envoi de la seconde \u00e9dition  du Global Women\u2019s Summit"},"content":{"rendered":"<header>\n<\/header>\n<div class=\"entry-content clearfix\" readability=\"61\">\n<figure class=\"post-thumbnail\" itemprop=\"associatedMedia\" itemscope=\"itemscope\" itemtype=\"http:\/\/schema.org\/ImageObject\"><img decoding=\"async\" class=\"post_layout_5_img\" src=\"http:\/\/aujourdhui.ma\/wp-content\/uploads\/2021\/05\/Coup-denvoi-de-la-seconde-edition.jpg\" alt=\"Leadership au f\u00e9minin : Coup d\u2019envoi de la seconde \u00e9dition du Global Women\u2019s Summit\"\/><\/figure>\n<p><span class=\"c7\"><strong>Plac\u00e9 sous la th\u00e9matique \u00abRestart Africa \u2013 Empowering Women to Drive Economic Growth\u00bb, l\u2019\u00e9v\u00e9nement d\u00e9di\u00e9 aux femmes se d\u00e9roulera, cette ann\u00e9e, du 24 au 26 juin \u00e0 Dakhla.<\/strong><\/span><span id=\"more-377210\"\/><\/p>\n<p>Plusieurs t\u00eates d\u2019affiche au f\u00e9minin sont attendues et des 4 coins du globe. Ce sera ainsi l\u2019occasion de d\u00e9battre avec elles de sujets cruciaux, li\u00e9s aux diff\u00e9rentes mutations que conna\u00eet le monde. Transformation num\u00e9rique, innovation, sant\u00e9, \u00e9nergies renouvelables sont autant de probl\u00e9matiques qui seront d\u00e9battus par des experts nationaux et internationaux. Les pr\u00e9paratifs pour l\u2019heure vont bon train. Organis\u00e9 par la fondation Startup Growth, la ville de Dakhla a \u00e9t\u00e9 choisie pour toute la symbolique qu\u2019elle rev\u00eat mais aussi son orientation vers le reste du continent africain. \u00abAujourd\u2019hui, il devient urgent de repenser les politiques \u00e9conomiques des pays africains qui doivent tenir compte du r\u00f4le fondamental et n\u00e9cessaire de la femme pour l\u2019accomplissent social, culturel et \u00e9conomique.<\/p>\n<p>La Fondation startup Growth a l\u2019ambition d\u2019\u0153uvrer pour la valorisation du leadership f\u00e9minin et de faire entendre \u00e0 partir du Global Women Summit de Dakhla la voix de la femme africaine\u00bb, souligne Hanane Ait Aissa, la pr\u00e9sidente de l\u2019\u00e9v\u00e9nement. Il est clair que la place de la femme n\u2019est plus \u00e0 d\u00e9montrer dans l\u2019espace socio-\u00e9conomique et politique. Et la femme africaine devra se doter des moyens n\u00e9cessaires pour d\u00e9velopper ses projets au m\u00eame titre que l\u2019homme. Les faits restent t\u00eatus. La culture dans les pays africains continue \u00e0 repr\u00e9senter un frein pour l\u2019entrepreneuriat f\u00e9minin. Et pourtant l\u2019Afrique dispose d\u2019opportunit\u00e9s en termes non seulement de richesses mais aussi de capital humain repr\u00e9sent\u00e9 en large partie par le sexe f\u00e9minin. Les nombreux chantiers enclench\u00e9s dans le cadre du d\u00e9veloppement de l\u2019Afrique sous-entendent de nouvelles strat\u00e9gies.<\/p>\n<p>Et ces derni\u00e8res donneront naissance \u00e0 de nouveaux m\u00e9tiers dans les secteurs technologiques en favorisant la diversit\u00e9 et l\u2019approche genre, la promotion de l\u2019entrepreneuriat et l\u2019investissement dans les domaines estim\u00e9s \u00e0 forte valeur ajout\u00e9e. Et c\u2019est dans ce contexte que l\u2019\u00e9v\u00e9nement compte se positionner \u00e0 travers un rayonnement permettant de mettre en relation des femmes d\u2019horizons diff\u00e9rents mais avec un point en commun : la volont\u00e9 de se r\u00e9aliser et inspirer d\u2019autres. La boucle sera boucl\u00e9e.<\/p>\n<\/div>\n<p>Auteur: Dounia Essabban<br \/>\n<a href=\"https:\/\/aujourdhui.ma\/emploi\/leadership-au-feminin-coup-denvoi-de-la-seconde-edition-du-global-womens-summit\">Cliquez ici pour lire l&rsquo;article depuis sa source.<\/a><\/p>\n","protected":false},"excerpt":{"rendered":"<p>Plac\u00e9 sous la th\u00e9matique \u00abRestart Africa \u2013 Empowering Women to Drive Economic Growth\u00bb, l\u2019\u00e9v\u00e9nement d\u00e9di\u00e9 aux femmes se d\u00e9roulera, cette ann\u00e9e, du 24 au 26 juin \u00e0 Dakhla. Plusieurs t\u00eates d\u2019affiche au f\u00e9minin sont attendues et des 4 coins du globe. Ce sera ainsi l\u2019occasion de d\u00e9battre avec elles de sujets cruciaux, li\u00e9s aux diff\u00e9rentes [&hellip;]<\/p>\n","protected":false},"author":1759,"featured_media":0,"comment_status":"closed","ping_status":"closed","sticky":false,"template":"","format":"standard","meta":{"fifu_image_url":"http:\/\/aujourdhui.ma\/wp-content\/uploads\/2021\/05\/Coup-denvoi-de-la-seconde-edition.jpg","fifu_image_alt":"Leadership au f\u00e9minin  : Coup d\u2019envoi de la seconde \u00e9dition  du Global Women\u2019s Summit","footnotes":""},"categories":[73,54],"tags":[],"class_list":["post-117344","post","type-post","status-publish","format-standard","hentry","category-actualite","category-maroc"],"_links":{"self":[{"href":"https:\/\/linitiative.ca\/International\/wp-json\/wp\/v2\/posts\/117344","targetHints":{"allow":["GET"]}}],"collection":[{"href":"https:\/\/linitiative.ca\/International\/wp-json\/wp\/v2\/posts"}],"about":[{"href":"https:\/\/linitiative.ca\/International\/wp-json\/wp\/v2\/types\/post"}],"author":[{"embeddable":true,"href":"https:\/\/linitiative.ca\/International\/wp-json\/wp\/v2\/users\/1759"}],"replies":[{"embeddable":true,"href":"https:\/\/linitiative.ca\/International\/wp-json\/wp\/v2\/comments?post=117344"}],"version-history":[{"count":0,"href":"https:\/\/linitiative.ca\/International\/wp-json\/wp\/v2\/posts\/117344\/revisions"}],"wp:attachment":[{"href":"https:\/\/linitiative.ca\/International\/wp-json\/wp\/v2\/media?parent=117344"}],"wp:term":[{"taxonomy":"category","embeddable":true,"href":"https:\/\/linitiative.ca\/International\/wp-json\/wp\/v2\/categories?post=117344"},{"taxonomy":"post_tag","embeddable":true,"href":"https:\/\/linitiative.ca\/International\/wp-json\/wp\/v2\/tags?post=117344"}],"curies":[{"name":"wp","href":"https:\/\/api.w.org\/{rel}","templated":true}]}}