{"id":117345,"date":"2021-05-25T11:00:46","date_gmt":"2021-05-25T15:00:46","guid":{"rendered":"https:\/\/linitiative.ca\/International\/festival-du-cinema-mediterraneen-de-tetouan-les-preparatifs-sont-lances\/"},"modified":"2021-05-25T11:00:46","modified_gmt":"2021-05-25T15:00:46","slug":"festival-du-cinema-mediterraneen-de-tetouan-les-preparatifs-sont-lances","status":"publish","type":"post","link":"https:\/\/linitiative.ca\/International\/festival-du-cinema-mediterraneen-de-tetouan-les-preparatifs-sont-lances\/","title":{"rendered":"Festival du cin\u00e9ma m\u00e9diterran\u00e9en de T\u00e9touan : Les pr\u00e9paratifs sont lanc\u00e9s"},"content":{"rendered":"<figure class=\"post-thumbnail\" itemprop=\"associatedMedia\" itemscope=\"itemscope\" itemtype=\"http:\/\/schema.org\/ImageObject\"><img decoding=\"async\" class=\"post_layout_5_img\" src=\"http:\/\/aujourdhui.ma\/wp-content\/uploads\/2021\/05\/Festival-du-cinema-mediterraneen-de-Tetouan-Les-preparatifs-sont-lances.jpg\" alt=\"Festival du cin\u00e9ma m\u00e9diterran\u00e9en de T\u00e9touan : Les pr\u00e9paratifs sont lanc\u00e9s\"\/><\/figure>\n<p><span class=\"c7\"><strong>Une programmation riche et diversifi\u00e9e en format digital<\/strong><\/span><span id=\"more-377211\"\/><\/p>\n<p>La grand-messe du cin\u00e9ma m\u00e9diterran\u00e9en est de retour du 4 au 10 juin en mode digital. Les organisateurs promettent de faire du 26\u00e8me FICMT, dont les pr\u00e9paratifs vont bon train, un grand \u00e9v\u00e9nement cin\u00e9matographique avec une programmation riche et diversifi\u00e9e \u00e0 la hauteur des attentes des cin\u00e9philes. Ainsi, cette \u00e9dition pr\u00e9voit une s\u00e9lection de 14 longs m\u00e9trages et 6 documentaires traitant des diff\u00e9rents sujets de soci\u00e9t\u00e9 et des probl\u00e8mes qui pr\u00e9occupent les pays m\u00e9diterran\u00e9ens. Elle propose au public un acc\u00e8s direct aux films programm\u00e9s pour ce 26\u00e8me festival, sur la plate-forme \u00abFestival Scope\u00bb.<\/p>\n<p>Parmi lesquels, neuf longs m\u00e9trages et six documentaires seront en lice. Selon l\u2019\u00e9quipe charg\u00e9e de l\u2019organisation de ce rendez-vous, tous ces films avaient \u00e9t\u00e9 soigneusement choisis par le comit\u00e9 de s\u00e9lection au mois de mars 2020 avant que l\u2019\u00e9dition ne soit report\u00e9e \u00e0 cause de la pand\u00e9mie de Covid-19. \u00abLes 9 longs m\u00e9trages de fiction en comp\u00e9tition appartiennent \u00e0 neuf nationalit\u00e9s m\u00e9diterran\u00e9ennes, sans compter les coproductions\u00bb, d\u2019apr\u00e8s la m\u00eame source, faisant remarquer que les documentaires en comp\u00e9tition appartiennent \u00e0 six pays, en l\u2019occurrence la Tunisie, la France, l\u2019Espagne, la Turquie, la Syrie et le Maroc.<\/p>\n<p>Par ailleurs, des figures de renomm\u00e9e internationale, de formation diversifi\u00e9e, reconnues pour leur grand apport au cin\u00e9ma m\u00e9diterran\u00e9en, composent les membres des jurys de cette \u00e9dition en format digital. Ainsi, le jury du long m\u00e9trage de fiction sera pr\u00e9sid\u00e9 par Jacques Trabi, r\u00e9alisateur, sc\u00e9nariste et producteur franco-ivoirien. Celui-ci sera accompagn\u00e9 dans sa mission par Mabel Lozano, actrice et cin\u00e9aste espagnole, Mohamed Laroussi, \u00e9crivain marocain, sc\u00e9nariste et critique de cin\u00e9ma, et l\u2019artiste-peintre marocain Mohamed El Baz.<\/p>\n<p>Alors que le jury du film documentaire sera pr\u00e9sid\u00e9 par la Fran\u00e7aise Marion Stalens, r\u00e9alisatrice, actrice et photographe. Elle sera entour\u00e9e de Fanny Aubert Malaurie, conseill\u00e8re cin\u00e9ma (France), Irit Neidhardt, productrice, distributrice, critique de cin\u00e9ma (Allemagne), du Franco-Alg\u00e9rien Hamid Benamra, r\u00e9alisateur et critique de cin\u00e9ma, et du Tunisien Fathi Kharat, ancien secr\u00e9taire g\u00e9n\u00e9ral du Festival de Carthage et ex-directeur du Centre national du cin\u00e9ma et de l\u2019image en Tunisie. Quant \u00e0 la pr\u00e9sidence du jury de la critique \u00abMustapha Mesnaoui\u00bb, celle-ci sera confi\u00e9e \u00e0 Nasri Hajjaj, r\u00e9alisateur, \u00e9crivain et journaliste (Palestine). Il sera accompagn\u00e9 par Amal Al Ajmal, professeur des arts, sc\u00e9nariste et critique de cin\u00e9ma (Egypte), de Laila Charadi, chercheure dans le domaine du cin\u00e9ma (Maroc), Lourdes Palacios, pr\u00e9sidente de l\u2019Association des \u00e9crivains cin\u00e9matographiques espagnols, et d\u2019Adil Semmar, critique de cin\u00e9ma, journaliste (Maroc). Notons que ce 26\u00e8me festival se distingue par la programmation de deux rendez-vous avec la projection de cinq films hors comp\u00e9tition.<\/p>\n<p>Le premier, intitul\u00e9 \u00abCarte blanche\u00bb, se d\u00e9roulera en collaboration avec Fipresci et propose au public \u00abJ\u2019accuse\u00bb de Roman Polanski (France), \u00abLillian\u00bb d\u2019Andreas Horvath (Autriche) et \u00abLes trois s\u0153urs\u00bb d\u2019Emin Alper (Turquie). Le deuxi\u00e8me rendez-vous sera organis\u00e9 sous le slogan \u00abCoup de c\u0153ur\u00bb avec la programmation de deux films : \u00abLe tra\u00eetre\u00bb de l\u2019Italien Marco Bellocchio (Italie, France, Allemagne et Br\u00e9sil), et \u00abMadre\u00bb de Rodrigo Sorogoven (Espagne).<\/p>\n<p>Auteur: Najat Fa\u00efssal<br \/>\n<a href=\"https:\/\/aujourdhui.ma\/culture\/festival-du-cinema-mediterraneen-de-tetouan-les-preparatifs-sont-lances\">Cliquez ici pour lire l&rsquo;article depuis sa source.<\/a><\/p>\n","protected":false},"excerpt":{"rendered":"<p>Une programmation riche et diversifi\u00e9e en format digital La grand-messe du cin\u00e9ma m\u00e9diterran\u00e9en est de retour du 4 au 10 juin en mode digital. Les organisateurs promettent de faire du 26\u00e8me FICMT, dont les pr\u00e9paratifs vont bon train, un grand \u00e9v\u00e9nement cin\u00e9matographique avec une programmation riche et diversifi\u00e9e \u00e0 la hauteur des attentes des cin\u00e9philes. [&hellip;]<\/p>\n","protected":false},"author":1759,"featured_media":0,"comment_status":"closed","ping_status":"closed","sticky":false,"template":"","format":"standard","meta":{"fifu_image_url":"http:\/\/aujourdhui.ma\/wp-content\/uploads\/2021\/05\/Festival-du-cinema-mediterraneen-de-Tetouan-Les-preparatifs-sont-lances.jpg","fifu_image_alt":"Festival du cin\u00e9ma m\u00e9diterran\u00e9en de T\u00e9touan : Les pr\u00e9paratifs sont lanc\u00e9s","footnotes":""},"categories":[73,54],"tags":[],"class_list":["post-117345","post","type-post","status-publish","format-standard","hentry","category-actualite","category-maroc"],"_links":{"self":[{"href":"https:\/\/linitiative.ca\/International\/wp-json\/wp\/v2\/posts\/117345","targetHints":{"allow":["GET"]}}],"collection":[{"href":"https:\/\/linitiative.ca\/International\/wp-json\/wp\/v2\/posts"}],"about":[{"href":"https:\/\/linitiative.ca\/International\/wp-json\/wp\/v2\/types\/post"}],"author":[{"embeddable":true,"href":"https:\/\/linitiative.ca\/International\/wp-json\/wp\/v2\/users\/1759"}],"replies":[{"embeddable":true,"href":"https:\/\/linitiative.ca\/International\/wp-json\/wp\/v2\/comments?post=117345"}],"version-history":[{"count":0,"href":"https:\/\/linitiative.ca\/International\/wp-json\/wp\/v2\/posts\/117345\/revisions"}],"wp:attachment":[{"href":"https:\/\/linitiative.ca\/International\/wp-json\/wp\/v2\/media?parent=117345"}],"wp:term":[{"taxonomy":"category","embeddable":true,"href":"https:\/\/linitiative.ca\/International\/wp-json\/wp\/v2\/categories?post=117345"},{"taxonomy":"post_tag","embeddable":true,"href":"https:\/\/linitiative.ca\/International\/wp-json\/wp\/v2\/tags?post=117345"}],"curies":[{"name":"wp","href":"https:\/\/api.w.org\/{rel}","templated":true}]}}