{"id":117347,"date":"2021-05-24T14:00:00","date_gmt":"2021-05-24T18:00:00","guid":{"rendered":"https:\/\/linitiative.ca\/International\/lunesco-et-la-bm-lancent-une-initiative-destinee-a-soutenir-la-relance-post-covid\/"},"modified":"2021-05-24T14:00:00","modified_gmt":"2021-05-24T18:00:00","slug":"lunesco-et-la-bm-lancent-une-initiative-destinee-a-soutenir-la-relance-post-covid","status":"publish","type":"post","link":"https:\/\/linitiative.ca\/International\/lunesco-et-la-bm-lancent-une-initiative-destinee-a-soutenir-la-relance-post-covid\/","title":{"rendered":"L\u2019Unesco et la BM lancent une initiative destin\u00e9e \u00e0 soutenir la relance post-Covid"},"content":{"rendered":"<p class=\"has-text-align-center has-vivid-red-color has-text-color\"><strong>Villes cr\u00e9atives<\/strong><\/p>\n<p class=\"has-text-align-left\"><strong>L\u2019Organisation des Nations Unies pour l\u2019Education, la Science et la Culture (Unesco) et la Banque mondiale ont annonc\u00e9, pour la premi\u00e8re fois, leur engagement dans une initiative conjointe visant \u00e0 favoriser la relance et le d\u00e9veloppement des industries urbaines culturelles et cr\u00e9atives pendant et apr\u00e8s la pand\u00e9mie de Covid-19.<\/strong><\/p>\n<p class=\"has-text-align-left\">L\u2019Initiative \u00ab\u00a0Villes, culture et cr\u00e9ativit\u00e9\u00a0\u00bb a \u00e9t\u00e9 lanc\u00e9e vendredi lors de la manifestation de haut niveau sur la culture et le d\u00e9veloppement durable, organis\u00e9e par la pr\u00e9sidence de l\u2019Assembl\u00e9e g\u00e9n\u00e9rale de l\u2019ONU en partenariat avec l\u2019Unesco.<\/p>\n<p class=\"has-text-align-left\">Elle vise \u00e0 stimuler la cr\u00e9ativit\u00e9 des villes par l\u2019\u00e9laboration d\u2019\u00e9cosyst\u00e8mes durables, dans lesquels les industries culturelles et cr\u00e9atives peuvent atteindre leur plein potentiel et contribuer ainsi \u00e0 la croissance \u00e9conomique, au dynamisme urbain, \u00e0 l\u2019inclusion sociale et \u00e0 l\u2019innovation.<\/p>\n<p class=\"has-text-align-left\">L\u2019\u00e9conomie cr\u00e9ative fait partie des secteurs de l\u2019\u00e9conomie mondiale qui connaissent l\u2019une des croissances les plus rapides. Elle g\u00e9n\u00e8re \u00e0 la fois des revenus, des recettes d\u2019exportation et de l\u2019emploi. La part des revenus annuels mondiaux des industries culturelles et cr\u00e9atives s\u2019\u00e9l\u00e8ve \u00e0 2 250 milliards de dollars, et celle des exportations \u00e0 plus de 250 milliards de dollars.<\/p>\n<p class=\"has-text-align-left\">Les industries culturelles et cr\u00e9atives fournissent \u00e9galement pr\u00e8s de 30 millions d\u2019emplois dans le monde et emploient plus de personnes \u00e2g\u00e9es de 15 \u00e0 29 ans que n\u2019importe quel autre secteur.<\/p>\n<p class=\"has-text-align-left\">Selon l\u2019Unesco, \u00e0 l\u2019heure o\u00f9 le secteur de la culture est d\u00e9vast\u00e9 \u00e0 l\u2019\u00e9chelle mondiale par la crise du Covid-19, les industries culturelles et cr\u00e9atives rec\u00e8lent \u00ab\u00a0un potentiel encore inexploit\u00e9 qui pourrait aider les grandes m\u00e9tropoles \u00e0 se r\u00e9tablir et \u00e0 gagner en r\u00e9silience\u00a0\u00bb.<\/p>\n<p class=\"has-text-align-left\">L\u2019initiative \u00ab\u00a0Villes, Culture et Cr\u00e9ativit\u00e9\u00a0\u00bb s\u2019appuie \u00e0 la fois sur des \u00e9tudes mondiales et sur les enseignements tir\u00e9s de neuf cit\u00e9s diff\u00e9rentes, de Brazzaville \u00e0 la ville jordanienne de Madaba en passant par S\u00e9oul. Ces villes, qui ont collabor\u00e9 avec la Banque mondiale et l\u2019Unesco et ont exploit\u00e9 leur potentiel cr\u00e9atif, sont parvenues \u00e0 obtenir des r\u00e9sultats socio-\u00e9conomiques positifs, souligne l\u2019organisation onusienne dans un communiqu\u00e9.<\/p>\n<p class=\"has-text-align-left\">Ainsi, \u00ab\u00a0Villes, Culture et Cr\u00e9ativit\u00e9\u00a0\u00bb met en lumi\u00e8re des politiques et des interventions int\u00e9gr\u00e9es dans six domaines pouvant permettre l\u2019\u00e9mergence de villes cr\u00e9atives : infrastructures urbaines et habitabilit\u00e9, comp\u00e9tences et innovation, r\u00e9seaux et soutien financier, institutions et r\u00e9glementations inclusives, singularit\u00e9 et environnement num\u00e9rique.<\/p>\n<p class=\"has-text-align-left\">Un document de synth\u00e8se du cadre d\u2019action de cette initiative, d\u00e9voil\u00e9 par l\u2019Unesco, contient des principes directeurs et des recommandations qui offrent des exemples concrets de politiques \u00e0 court et long terme, de programmes et d\u2019investissements que les villes peuvent mettre en place.<\/p>\n<p class=\"has-text-align-left\">\u00ab\u00a0Il s\u2019agit de susciter un environnement durable, favorable \u00e0 l\u2019\u00e9panouissement des industries culturelles et cr\u00e9atives, de pouvoir ainsi se remettre de la pand\u00e9mie actuelle et de son impact sur les \u00e9conomies\u00a0\u00bb, explique l\u2019Unesco.<\/p>\n<p class=\"has-text-align-left\">Ce cadre d\u2019action devrait \u00eatre mis en \u0153uvre par le biais d\u2019une s\u00e9rie de projets phares co-organis\u00e9s par l\u2019Unesco et la Banque mondiale dans diff\u00e9rentes r\u00e9gions du monde, ajoute-ton de m\u00eame source.<\/p>\n<p>Auteur: M&rsquo;hammed rahal<br \/>\n<a href=\"http:\/\/albayane.press.ma\/lunesco-et-la-bm-lancent-une-initiative-destinee-a-soutenir-la-relance-post-covid.html\">Cliquez ici pour lire l&rsquo;article depuis sa source.<\/a><\/p>\n","protected":false},"excerpt":{"rendered":"<p>Villes cr\u00e9atives L\u2019Organisation des Nations Unies pour l\u2019Education, la Science et la Culture (Unesco) et la Banque mondiale ont annonc\u00e9, pour la premi\u00e8re fois, leur engagement dans une initiative conjointe visant \u00e0 favoriser la relance et le d\u00e9veloppement des industries urbaines culturelles et cr\u00e9atives pendant et apr\u00e8s la pand\u00e9mie de Covid-19. L\u2019Initiative \u00ab\u00a0Villes, culture et [&hellip;]<\/p>\n","protected":false},"author":1760,"featured_media":0,"comment_status":"closed","ping_status":"closed","sticky":false,"template":"","format":"standard","meta":{"fifu_image_url":"","fifu_image_alt":"","footnotes":""},"categories":[73,54],"tags":[],"class_list":["post-117347","post","type-post","status-publish","format-standard","hentry","category-actualite","category-maroc"],"_links":{"self":[{"href":"https:\/\/linitiative.ca\/International\/wp-json\/wp\/v2\/posts\/117347","targetHints":{"allow":["GET"]}}],"collection":[{"href":"https:\/\/linitiative.ca\/International\/wp-json\/wp\/v2\/posts"}],"about":[{"href":"https:\/\/linitiative.ca\/International\/wp-json\/wp\/v2\/types\/post"}],"author":[{"embeddable":true,"href":"https:\/\/linitiative.ca\/International\/wp-json\/wp\/v2\/users\/1760"}],"replies":[{"embeddable":true,"href":"https:\/\/linitiative.ca\/International\/wp-json\/wp\/v2\/comments?post=117347"}],"version-history":[{"count":0,"href":"https:\/\/linitiative.ca\/International\/wp-json\/wp\/v2\/posts\/117347\/revisions"}],"wp:attachment":[{"href":"https:\/\/linitiative.ca\/International\/wp-json\/wp\/v2\/media?parent=117347"}],"wp:term":[{"taxonomy":"category","embeddable":true,"href":"https:\/\/linitiative.ca\/International\/wp-json\/wp\/v2\/categories?post=117347"},{"taxonomy":"post_tag","embeddable":true,"href":"https:\/\/linitiative.ca\/International\/wp-json\/wp\/v2\/tags?post=117347"}],"curies":[{"name":"wp","href":"https:\/\/api.w.org\/{rel}","templated":true}]}}