{"id":117349,"date":"2021-05-24T14:00:00","date_gmt":"2021-05-24T18:00:00","guid":{"rendered":"https:\/\/linitiative.ca\/International\/reinventer-lavenir-pour-chaque-enfant\/"},"modified":"2021-05-24T14:00:00","modified_gmt":"2021-05-24T18:00:00","slug":"reinventer-lavenir-pour-chaque-enfant","status":"publish","type":"post","link":"https:\/\/linitiative.ca\/International\/reinventer-lavenir-pour-chaque-enfant\/","title":{"rendered":"\u00abR\u00e9inventer l\u2019avenir pour chaque enfant\u00bb"},"content":{"rendered":"<p class=\"has-text-align-center has-vivid-cyan-blue-color has-text-color\"><strong>Campagne lanc\u00e9e par les Nations Unies au Maroc<\/strong><\/p>\n<p><strong>Le syst\u00e8me des Nations Unies au Maroc lancera mardi la campagne \u00ab\u00a0R\u00e9inventer l\u2019avenir pour chaque enfant\u00a0\u00bb, \u00e0 l\u2019occasion du 75\u00e8me anniversaire de l\u2019UNICEF et de la journ\u00e9e nationale de l\u2019enfant.<\/strong><\/p>\n<p>\u00ab\u00a0C\u2019est un moment fort de plaidoyer collectif pour que chaque enfant aujourd\u2019hui et demain puisse jouir \u00e9quitablement de tous ses droits\u00a0\u00bb, souligne l\u2019UNICEF-Maroc dans un communiqu\u00e9 lundi.<\/p>\n<p>Men\u00e9e \u00e0 un moment aussi urgent et critique, celui de la crise COVID-19 avec ses multiples impacts sur les droits de l\u2019enfant, cette campagne est tourn\u00e9e vers l\u2019avenir pour renforcer notre mobilisation commune et prot\u00e9ger les droits de chaque enfant, indique la m\u00eame source.<\/p>\n<p>Tout en capitalisant sur les nombreux acquis des droits de l\u2019enfant au Maroc, la campagne offre l\u2019opportunit\u00e9 d\u2019envisager leur avenir \u00e0 la lumi\u00e8re des opportunit\u00e9s mais aussi des d\u00e9fis globaux \u00e9mergents qui n\u2019\u00e9pargnent aucun pays que ce soit en mati\u00e8re d\u2019\u00e9ducation, de sant\u00e9, de protection ou de participation\u00a0\u00bb, explique la Coordinatrice R\u00e9sidente des Nations Unies au Maroc, Sylvia Lopez-Ekra.<\/p>\n<p>Pour sa part, la Repr\u00e9sentante de l\u2019UNICEF-Maroc, Giovanna Barberis, a soulign\u00e9 qu&rsquo;\u00a0\u00bbau Maroc, cette op\u00e9ration port\u00e9e par l\u2019ensemble du Syst\u00e8me des Nations Unies sera marqu\u00e9e par le soutien et l\u2019engagement de diff\u00e9rents partenaires nationaux dans l\u2019objectif de donner la voix aux enfants et favoriser un d\u00e9bat autour de leurs droits pour r\u00e9inventer l\u2019avenir pour chacun d\u2019entre eux\u00a0\u00bb.<\/p>\n<p>Selon les organisateurs, la campagne conna\u00eetra, dans un deuxi\u00e8me temps et \u00e0 partir du mois de juin, l\u2019organisation d\u2019une s\u00e9rie de rendez-vous autour de th\u00e9matiques prioritaires en connexion avec les droits de l\u2019enfant, telles que la raret\u00e9 de l\u2019eau, la parentalit\u00e9 positive, les comp\u00e9tences du 21\u00e8me si\u00e8cle pour les adolescents et jeunes, la sant\u00e9 mentale chez les adolescents, la pauvret\u00e9 multidimensionnelle et la protection sociale de l\u2019enfant.<\/p>\n<p>Ces rencontres, poursuit le communiqu\u00e9, conna\u00eetront la participation d\u2019experts nationaux et internationaux et donneront la voix aux enfants et adolescents eux-m\u00eames pour partager leur propre lecture de chaque d\u00e9fi, notant que la campagne sera cl\u00f4tur\u00e9e le 20 novembre prochain \u00e0 l\u2019occasion de la journ\u00e9e mondiale de l\u2019enfant.<\/p>\n<p>\u00c0 l\u2019occasion de son 75\u00e8me anniversaire, l\u2019UNICEF affirme s\u2019appuyer sur les r\u00e9alisations pass\u00e9es pour atteindre ces enfants et am\u00e9liorer leurs perspectives dans la vie. En 2021, l\u2019UNICEF continuera d\u2019\u00eatre constamment en action dans 191 pays et territoires, aidant des millions de filles et de gar\u00e7ons \u00e0 survivre et \u00e0 s\u2019\u00e9panouir dans une vie adulte saine et productive.<\/p>\n<p>En comm\u00e9morant son anniversaire de trois quarts de si\u00e8cle, l\u2019UNICEF r\u00e9it\u00e8re son engagement aupr\u00e8s des enfants et de ses partenaires pour relever les nouveaux d\u00e9fis de la sortie de la pand\u00e9mie et aller de l\u2019avant avec une impulsion positive.<\/p>\n<p>Auteur: M&rsquo;hammed rahal<br \/>\n<a href=\"http:\/\/albayane.press.ma\/reinventer-lavenir-pour-chaque-enfant.html\">Cliquez ici pour lire l&rsquo;article depuis sa source.<\/a><\/p>\n","protected":false},"excerpt":{"rendered":"<p>Campagne lanc\u00e9e par les Nations Unies au Maroc Le syst\u00e8me des Nations Unies au Maroc lancera mardi la campagne \u00ab\u00a0R\u00e9inventer l\u2019avenir pour chaque enfant\u00a0\u00bb, \u00e0 l\u2019occasion du 75\u00e8me anniversaire de l\u2019UNICEF et de la journ\u00e9e nationale de l\u2019enfant. \u00ab\u00a0C\u2019est un moment fort de plaidoyer collectif pour que chaque enfant aujourd\u2019hui et demain puisse jouir \u00e9quitablement [&hellip;]<\/p>\n","protected":false},"author":1760,"featured_media":0,"comment_status":"closed","ping_status":"closed","sticky":false,"template":"","format":"standard","meta":{"fifu_image_url":"","fifu_image_alt":"","footnotes":""},"categories":[73,54],"tags":[],"class_list":["post-117349","post","type-post","status-publish","format-standard","hentry","category-actualite","category-maroc"],"_links":{"self":[{"href":"https:\/\/linitiative.ca\/International\/wp-json\/wp\/v2\/posts\/117349","targetHints":{"allow":["GET"]}}],"collection":[{"href":"https:\/\/linitiative.ca\/International\/wp-json\/wp\/v2\/posts"}],"about":[{"href":"https:\/\/linitiative.ca\/International\/wp-json\/wp\/v2\/types\/post"}],"author":[{"embeddable":true,"href":"https:\/\/linitiative.ca\/International\/wp-json\/wp\/v2\/users\/1760"}],"replies":[{"embeddable":true,"href":"https:\/\/linitiative.ca\/International\/wp-json\/wp\/v2\/comments?post=117349"}],"version-history":[{"count":0,"href":"https:\/\/linitiative.ca\/International\/wp-json\/wp\/v2\/posts\/117349\/revisions"}],"wp:attachment":[{"href":"https:\/\/linitiative.ca\/International\/wp-json\/wp\/v2\/media?parent=117349"}],"wp:term":[{"taxonomy":"category","embeddable":true,"href":"https:\/\/linitiative.ca\/International\/wp-json\/wp\/v2\/categories?post=117349"},{"taxonomy":"post_tag","embeddable":true,"href":"https:\/\/linitiative.ca\/International\/wp-json\/wp\/v2\/tags?post=117349"}],"curies":[{"name":"wp","href":"https:\/\/api.w.org\/{rel}","templated":true}]}}