{"id":117350,"date":"2021-05-24T14:00:00","date_gmt":"2021-05-24T18:00:00","guid":{"rendered":"https:\/\/linitiative.ca\/International\/le-sens-des-mots-et-des-choses\/"},"modified":"2021-05-24T14:00:00","modified_gmt":"2021-05-24T18:00:00","slug":"le-sens-des-mots-et-des-choses","status":"publish","type":"post","link":"https:\/\/linitiative.ca\/International\/le-sens-des-mots-et-des-choses\/","title":{"rendered":"Le sens des mots et des choses"},"content":{"rendered":"<p class=\"has-text-align-right\"><strong>Par Noureddine Mhakkak<\/strong><\/p>\n<p><strong>I-Citation de Pierre Baillargeon\u00a0: \u00ab\u00a0La litt\u00e9rature, c\u2019est la vie int\u00e9rieure qui devient de la vie.\u00a0\u00bb.<\/strong><\/p>\n<p><strong>II-Citation de John Ruskin\u00a0: \u00ab\u00a0L\u2019art est beau quand la main, la t\u00eate et le c\u0153ur travaillent ensemble.\u00a0\u00bb.<\/strong><\/p>\n<p>III-\u00c9crire, c\u2019est d\u2019abord \u00e9crire avec un crayon magique qui dit et d\u00e9crit en m\u00eame temps la v\u00e9rit\u00e9 en pleine imaginaire, et qui dit et d\u00e9crit bien-s\u00fbr l\u2019imaginaire en pleine r\u00e9alit\u00e9. Cela repr\u00e9sente une fa\u00e7on de lire le sens des mots et des choses. L\u2019\u00e9criture s\u2019exprime, dans ce sens, tel un art qui fait l\u2019\u00e9loge de la beaut\u00e9 du monde contre les maux de la vie.<\/p>\n<p>VI- J\u2019\u00e9tais et je suis jusqu\u2019\u00e0 maintenant fascin\u00e9 par la simplicit\u00e9 et la profondeur de la po\u00e9sie du grand po\u00e8te fran\u00e7ais Jacques Pr\u00e9vert. Il a \u00e9crit ses po\u00e8mes avec un \u0153il tr\u00e8s cin\u00e9matographique. Il a d\u00e9crit dans ses po\u00e8mes-l\u00e0 les personnages, les situations, les choses et m\u00eame les sentiments en les montrant dans leur nature qui est d\u2019ailleurs une nature vivante qui fait bouger les r\u00e9cepteurs en les poussant \u00e0 mieux r\u00e9fl\u00e9chir, \u00e0 mieux penser et \u00e0 mieux regarder le monde qui les entoure. Ainsi, ce grand po\u00e8te a pu changer le parcours tr\u00e8s mobile de la po\u00e9sie fran\u00e7aise en le poussant vers une \u00e9criture diff\u00e9rente dont les mots sont tr\u00e8s simples et dont les sens sont tr\u00e8s profonds.<\/p>\n<p>V- La lecture de la po\u00e9sie est un art., je parle ici bien s\u00fbr de la lecture \u00e0 haute voix, C\u2019est-\u00e0-dire elle demande d\u2019abord une relation magique avec les mots, en plus, une belle et profonde liaison avec les sens de ces mots, et bien \u00e9videment, elle demande aussi, une belle voix. Puisqu\u2019il y a une grande amiti\u00e9 avec la lecture de la po\u00e9sie et la musique. D\u2019o\u00f9 le po\u00e8me peut devenir \u00e0 travers la belle lecture, un chant musical, ou plut\u00f4t une chanson po\u00e9tique. C\u2019\u00e9tait le cas de mon amie Julie Gu\u00e9gan qui a pu lire les po\u00e8mes de mon recueil de po\u00e9sie intitul\u00e9 \u00ab Les Sept Vagues de l\u2019Amour \u00bb.<\/p>\n<p>VI-Tahar Ben Jelloun est un grand \u00e9crivain qui sait tr\u00e8s bien parler de ses livres. J\u2019aime bien l\u2019entendre faire cela, surtout dans les \u00e9missions culturelles fran\u00e7aises telle \u00ab\u00a0La grande librairie\u00a0\u00bbVII-Samira Sa\u00efd, la Diva, est une grande dame, ce n\u2019est pas seulement dans le domaine de la chanson arabe en tant que chanteuse, mais aussi en tant que membre du jury dans les \u00e9missions consacr\u00e9es \u00e0 d\u00e9couvrir des jeunes talents. Elle est toujours adorable.<\/p>\n<p>VIII- Je n\u2019ai jamais arr\u00eat\u00e9, depuis tant d\u2019ann\u00e9es, de lire et de relire les \u0153uvres de notre \u00e9crivain Abdelfattah Kilito. Je les trouve toujours en pleine jeunesse, jeunesse d\u2019esprit et jeunesse de style.<\/p>\n<p>IX- J\u2019ai d\u00e9j\u00e0 lu presque la plupart des romans de l\u2019\u00e9crivain marocain Fouad Laroui. Ils sont tellement bien \u00e9crits. Son style plein d\u2019ironie nous pose, en tant que lecteurs, beaucoup de questions, surtout celle de la relation entre les th\u00e8mes s\u00e9rieux et la fa\u00e7on de les traiter avec une ironie agr\u00e9able\u2026 !<\/p>\n<p>X- La lecture des \u0153uvres de Paul Auster nous plonge dans un oc\u00e9an litt\u00e9raire tr\u00e8s riche o\u00f9 tous les ingr\u00e9dients artistiques se m\u00e9langent pour nous offrir un bouillon de culture tr\u00e8s d\u00e9licieux.<\/p>\n<p>XI- En regardant les tableaux de l\u2019artiste peintre marocain Jilali Gharbaoui, on ne peut pas ne pas \u00eatre fascin\u00e9 par le monde artistique qui a pu le cr\u00e9er par et \u00e0 travers un m\u00e9lange magique des formes et des couleurs. Un monde tr\u00e8s abstrait qui ne d\u00e9signe presque rien, mais ce rien lui -m\u00eame est tr\u00e8s \u00e9blouissant, tr\u00e8s attirant par son ambigu\u00eft\u00e9. Une ambigu\u00eft\u00e9 tr\u00e8s profonde qui touche nos pens\u00e9es et nos \u00e9motions en m\u00eame temps.<\/p>\n<p>Auteur: M&rsquo;hammed rahal<br \/>\n<a href=\"http:\/\/albayane.press.ma\/le-sens-des-mots-et-des-choses.html\">Cliquez ici pour lire l&rsquo;article depuis sa source.<\/a><\/p>\n","protected":false},"excerpt":{"rendered":"<p>Par Noureddine Mhakkak I-Citation de Pierre Baillargeon\u00a0: \u00ab\u00a0La litt\u00e9rature, c\u2019est la vie int\u00e9rieure qui devient de la vie.\u00a0\u00bb. II-Citation de John Ruskin\u00a0: \u00ab\u00a0L\u2019art est beau quand la main, la t\u00eate et le c\u0153ur travaillent ensemble.\u00a0\u00bb. III-\u00c9crire, c\u2019est d\u2019abord \u00e9crire avec un crayon magique qui dit et d\u00e9crit en m\u00eame temps la v\u00e9rit\u00e9 en pleine imaginaire, [&hellip;]<\/p>\n","protected":false},"author":1760,"featured_media":0,"comment_status":"closed","ping_status":"closed","sticky":false,"template":"","format":"standard","meta":{"fifu_image_url":"","fifu_image_alt":"","footnotes":""},"categories":[73,54],"tags":[],"class_list":["post-117350","post","type-post","status-publish","format-standard","hentry","category-actualite","category-maroc"],"_links":{"self":[{"href":"https:\/\/linitiative.ca\/International\/wp-json\/wp\/v2\/posts\/117350","targetHints":{"allow":["GET"]}}],"collection":[{"href":"https:\/\/linitiative.ca\/International\/wp-json\/wp\/v2\/posts"}],"about":[{"href":"https:\/\/linitiative.ca\/International\/wp-json\/wp\/v2\/types\/post"}],"author":[{"embeddable":true,"href":"https:\/\/linitiative.ca\/International\/wp-json\/wp\/v2\/users\/1760"}],"replies":[{"embeddable":true,"href":"https:\/\/linitiative.ca\/International\/wp-json\/wp\/v2\/comments?post=117350"}],"version-history":[{"count":0,"href":"https:\/\/linitiative.ca\/International\/wp-json\/wp\/v2\/posts\/117350\/revisions"}],"wp:attachment":[{"href":"https:\/\/linitiative.ca\/International\/wp-json\/wp\/v2\/media?parent=117350"}],"wp:term":[{"taxonomy":"category","embeddable":true,"href":"https:\/\/linitiative.ca\/International\/wp-json\/wp\/v2\/categories?post=117350"},{"taxonomy":"post_tag","embeddable":true,"href":"https:\/\/linitiative.ca\/International\/wp-json\/wp\/v2\/tags?post=117350"}],"curies":[{"name":"wp","href":"https:\/\/api.w.org\/{rel}","templated":true}]}}