{"id":117353,"date":"2021-05-25T09:26:29","date_gmt":"2021-05-25T13:26:29","guid":{"rendered":"https:\/\/linitiative.ca\/International\/un-centre-integre-tuniso-coreen-des-drones-a-lariana-de-13-millions-dt\/"},"modified":"2021-05-25T09:26:29","modified_gmt":"2021-05-25T13:26:29","slug":"un-centre-integre-tuniso-coreen-des-drones-a-lariana-de-13-millions-dt","status":"publish","type":"post","link":"https:\/\/linitiative.ca\/International\/un-centre-integre-tuniso-coreen-des-drones-a-lariana-de-13-millions-dt\/","title":{"rendered":"Un centre int\u00e9gr\u00e9 tuniso-cor\u00e9en des drones \u00e0 l\u2019Ariana de 13 millions DT"},"content":{"rendered":"<div class=\"field field-name-body field-type-text-with-summary field-label-hidden field-items field-item even\">\n<p>Un centre int\u00e9gr\u00e9 tuniso-cor\u00e9en des drones devrait \u00eatre cr\u00e9\u00e9 au p\u00f4le technologique d\u2019El Ghazela, \u00e0 l\u2019Ariana (banlieue nord de Tunis), afin de soutenir les startups et favoriser la cr\u00e9ation d\u2019emplois au profit des jeunes dipl\u00f4m\u00e9s du secteur des nouvelles technologies, a annonc\u00e9 le ministre des Technologies de la communication, Mohamed Fadhel Kraiem.<\/p>\n<p>Financ\u00e9 \u00e0 hauteur de 5 millions de dollars (environ 13,540 millions de dinars) par la Cor\u00e9e du Sud, ce centre comprendra 5 plateformes de diff\u00e9rentes sp\u00e9cialit\u00e9s et un syst\u00e8me de contr\u00f4le int\u00e9gr\u00e9, a-t-il ajout\u00e9, lundi 24 mai, au cours d\u2019une s\u00e9ance pl\u00e9ni\u00e8re de l\u2019Assembl\u00e9e des repr\u00e9sentants du peuple (ARP) consacr\u00e9e aux questions orales.<\/p>\n<p>Le centre en question permettrait de fournir des \u00e9quipements d\u00e9velopp\u00e9s pour la collecte et l\u2019analyse des informations et la formation de 25 formateurs tunisiens sur ces technologies, a-t-il expliqu\u00e9. Un comit\u00e9 pr\u00e9sid\u00e9 par le minist\u00e8re des Technologies, comprenant des repr\u00e9sentants des minist\u00e8res de l\u2019Int\u00e9rieur, de la D\u00e9fense, du Transport, des Finances, de l\u2019Enseignement sup\u00e9rieur, mais aussi de l\u2019Agence nationale des fr\u00e9quences (ANF), a \u00e9t\u00e9 cr\u00e9\u00e9e en vue d\u2019assurer la concr\u00e9tisation de ce projet, assure Kraiem, ajoutant que son d\u00e9partement \u0153uvre \u00e0 la finalisation du texte de l\u2019accord entre les deux pays.<\/p>\n<p>A travers ce centre, la partie tunisienne devrait \u00e9galement tirer profit de l\u2019expertise cor\u00e9enne \u00e0 travers le transfert technologique et la recherche.<\/p>\n<p>Au sujet des secteurs qui b\u00e9n\u00e9ficieront de la mise en place dudit centre, il a cit\u00e9 l\u2019agriculture, la sant\u00e9, l\u2019\u00e9quipement, l\u2019environnement et la cartographie.<\/p>\n<p>(Tap)<\/p>\n<\/div>\n<div class=\"wp-post-author-wrap wp-post-author-shortcode left\">\n<h3 class=\"awpa-title\"\/>\n<div class=\"wp-post-author\">\n<div class=\"awpa-img awpa-author-block square\"><a href=\"http:\/\/lexpertjournal.net\/fr\/?author=5\"><img loading=\"lazy\" decoding=\"async\" alt=\"\" src=\"http:\/\/0.gravatar.com\/avatar\/97f8e10a1c1125ba104a76514ee07b16?s=150&amp;d=mm&amp;r=g\" srcset=\"http:\/\/0.gravatar.com\/avatar\/97f8e10a1c1125ba104a76514ee07b16?s=300&amp;d=mm&amp;r=g 2x\" class=\"avatar avatar-150 photo\" height=\"150\" width=\"150\"\/><\/a><\/div>\n<\/div>\n<\/div>\n<aside class=\"mashsb-container mashsb-main mashsb-stretched\">\n<\/aside>\n<p>Auteur: L&rsquo;expert<br \/>\n<a href=\"http:\/\/lexpertjournal.net\/fr\/?p=20175\">Cliquez ici pour lire l&rsquo;article depuis sa source.<\/a><\/p>\n","protected":false},"excerpt":{"rendered":"<p>Un centre int\u00e9gr\u00e9 tuniso-cor\u00e9en des drones devrait \u00eatre cr\u00e9\u00e9 au p\u00f4le technologique d\u2019El Ghazela, \u00e0 l\u2019Ariana (banlieue nord de Tunis), afin de soutenir les startups et favoriser la cr\u00e9ation d\u2019emplois au profit des jeunes dipl\u00f4m\u00e9s du secteur des nouvelles technologies, a annonc\u00e9 le ministre des Technologies de la communication, Mohamed Fadhel Kraiem. Financ\u00e9 \u00e0 hauteur [&hellip;]<\/p>\n","protected":false},"author":1775,"featured_media":0,"comment_status":"closed","ping_status":"closed","sticky":false,"template":"","format":"standard","meta":{"fifu_image_url":"http:\/\/0.gravatar.com\/avatar\/97f8e10a1c1125ba104a76514ee07b16?s=150&d=mm&r=g","fifu_image_alt":"Un centre int\u00e9gr\u00e9 tuniso-cor\u00e9en des drones \u00e0 l\u2019Ariana de 13 millions DT","footnotes":""},"categories":[78,55],"tags":[],"class_list":["post-117353","post","type-post","status-publish","format-standard","hentry","category-economie","category-tunisie"],"_links":{"self":[{"href":"https:\/\/linitiative.ca\/International\/wp-json\/wp\/v2\/posts\/117353","targetHints":{"allow":["GET"]}}],"collection":[{"href":"https:\/\/linitiative.ca\/International\/wp-json\/wp\/v2\/posts"}],"about":[{"href":"https:\/\/linitiative.ca\/International\/wp-json\/wp\/v2\/types\/post"}],"author":[{"embeddable":true,"href":"https:\/\/linitiative.ca\/International\/wp-json\/wp\/v2\/users\/1775"}],"replies":[{"embeddable":true,"href":"https:\/\/linitiative.ca\/International\/wp-json\/wp\/v2\/comments?post=117353"}],"version-history":[{"count":0,"href":"https:\/\/linitiative.ca\/International\/wp-json\/wp\/v2\/posts\/117353\/revisions"}],"wp:attachment":[{"href":"https:\/\/linitiative.ca\/International\/wp-json\/wp\/v2\/media?parent=117353"}],"wp:term":[{"taxonomy":"category","embeddable":true,"href":"https:\/\/linitiative.ca\/International\/wp-json\/wp\/v2\/categories?post=117353"},{"taxonomy":"post_tag","embeddable":true,"href":"https:\/\/linitiative.ca\/International\/wp-json\/wp\/v2\/tags?post=117353"}],"curies":[{"name":"wp","href":"https:\/\/api.w.org\/{rel}","templated":true}]}}