{"id":117355,"date":"2021-05-25T11:42:23","date_gmt":"2021-05-25T15:42:23","guid":{"rendered":"https:\/\/linitiative.ca\/International\/lancement-du-plan-contre-la-mendicite-et-du-programme-wladna\/"},"modified":"2021-05-25T11:42:23","modified_gmt":"2021-05-25T15:42:23","slug":"lancement-du-plan-contre-la-mendicite-et-du-programme-wladna","status":"publish","type":"post","link":"https:\/\/linitiative.ca\/International\/lancement-du-plan-contre-la-mendicite-et-du-programme-wladna\/","title":{"rendered":"Lancement du plan contre la mendicit\u00e9 et du programme \u00ab\u00a0Wladna\u00a0\u00bb"},"content":{"rendered":"<div readability=\"39\">\n<p>Dans le cadre de la promotion et de la protection des enfants, le minist\u00e8re de la Solidarit\u00e9, du D\u00e9veloppement social, de l\u2019\u00c9galit\u00e9 et de la Famille a lanc\u00e9 un plan d\u2019action pour prot\u00e9ger cette cat\u00e9gorie de l\u2019exploitation \u00e0 des fins de mendicit\u00e9 ainsi que le programme \u00ab\u00a0Wladna\u00a0\u00bb qui consiste \u00e0 lancer des dispositifs territoriaux int\u00e9gr\u00e9s pour la protection de l\u2019enfance, selon un bilan du minist\u00e8re.<\/p>\n<\/div>\n<div readability=\"187\">\n<p>En droite ligne des Hautes orientations de SM le Roi Mohammed VI dans le domaine de la promotion et de la protection de l\u2019enfance, et conform\u00e9ment \u00e0 l\u2019initiative \u00ab\u00a0Rabat : ville sans enfants en situation de rue\u00a0\u00bb lanc\u00e9e par l\u2019Observatoire National des Droits de l\u2019Enfant (ONDE) pr\u00e9sid\u00e9 par Son Altesse Royale la Princesse Lalla Meryem, le minist\u00e8re et la pr\u00e9sidence du Minist\u00e8re public ont lanc\u00e9, le 04 d\u00e9cembre 2019, un plan d\u2019action pour prot\u00e9ger les enfants de l\u2019exploitation \u00e0 des fins de mendicit\u00e9, dans une exp\u00e9rience mod\u00e8le \u00e0 Rabat, Sal\u00e9 et T\u00e9mara.<\/p>\n<p>Dans un communiqu\u00e9 retra\u00e7ant le bilan des r\u00e9alisations dans le domaine de l\u2019enfance au cours de la p\u00e9riode du 25 mai 2020 au 25 mai 2021, \u00e0 l\u2019occasion de la Journ\u00e9e nationale de l\u2019enfant, le minist\u00e8re pr\u00e9cise que cette initiative s\u2019est faite en coordination avec plusieurs d\u00e9partements minist\u00e9riels et \u00e9tablissements publics ainsi qu\u2019avec l\u2019ONDE et la Ligue marocaine pour la protection de l\u2019Enfance.<\/p>\n<p>Parmi les r\u00e9sultats de ce plan d\u2019action figurent la protection de 142 enfants, dont 79 de sexe f\u00e9minin, et ce jusqu\u2019au 15 d\u00e9cembre 2020, ajoute la m\u00eame source, notant que les donn\u00e9es ont r\u00e9v\u00e9l\u00e9 que 66% de ces enfants sont \u00e2g\u00e9s entre 0 et 04 ans, dont 27% ont moins d\u2019un an, et 13 enfants sont de nationalit\u00e9s \u00e9trang\u00e8res.<\/p>\n<p>De plus, tous les cas enregistr\u00e9s \u00e0 ce jour concernent des m\u00e8res mendiant avec leurs enfants (97 m\u00e8res), \u00e0 l\u2019exception de la grand-m\u00e8re (deux cas) et d\u2019une proche de la m\u00e8re (un seul cas), poursuit le communiqu\u00e9.<\/p>\n<p>Les r\u00e9sultats ont \u00e9galement r\u00e9v\u00e9l\u00e9 que 17% des femmes mendient avec plus d\u2019un enfant et que 46% d\u2019entre elles sont des m\u00e8res mari\u00e9es, 38% sont des m\u00e8res c\u00e9libataires, 13% sont des m\u00e8res divorc\u00e9es et 02% sont des m\u00e8res veuves, indique le communiqu\u00e9, ajoutant que les m\u00e8res mendiant avec leurs enfants qui n\u2019ont pas fait l\u2019objet de poursuites pour exploitation de leurs enfants dans la mendicit\u00e9 ont \u00e9galement b\u00e9n\u00e9fici\u00e9 de services sociaux, notamment le soutien psychologique, la m\u00e9diation familiale, l\u2019orientation vers des programmes sociaux et une coordination pour la formation et l\u2019emploi.<\/p>\n<p>Sur la base de l\u2019affirmation de tous les partenaires selon laquelle cette exp\u00e9rience mod\u00e8le dispose de toutes les conditions n\u00e9cessaires \u00e0 son succ\u00e8s dans d\u2019autres r\u00e9gions, l\u2019initiative a \u00e9t\u00e9 \u00e9tendue pour inclure quatre r\u00e9gions et de nouvelles provinces, \u00e0 savoir Tanger, Mekn\u00e8s, Marrakech et Agadir, dans l\u2019optique de sa g\u00e9n\u00e9ralisation \u00e0 l\u2019\u00e9chelle nationale, et ce dans le cadre de la convergence avec les villes mod\u00e8les accueillant les dispositifs territoriaux int\u00e9gr\u00e9s pour la protection de l\u2019enfance, note le communiqu\u00e9.<\/p>\n<p>Au niveau de la prise de conscience et de la sensibilisation, le Minist\u00e8re des Habous et des Affaires islamiques a invit\u00e9 les pr\u00e9dicateurs des mosqu\u00e9es \u00e0 aborder la question de la protection des enfants contre l\u2019exploitation \u00e0 des fins de mendicit\u00e9 dans le deuxi\u00e8me sermon du vendredi 12 mars 2021.<\/p>\n<p>Il a \u00e9galement appel\u00e9 les pr\u00e9dicateurs et les mourchidines \u00e0 aborder le th\u00e8me de \u00ab\u00a0la sensibilisation \u00e0 la protection des enfants contre l\u2019exploitation dans la mendicit\u00e9\u00a0\u00bb, dans le cadre de leur programme d\u2019activit\u00e9s religieuses.<\/p>\n<p>Par ailleurs, le minist\u00e8re de la Solidarit\u00e9, du D\u00e9veloppement social, de l\u2019\u00c9galit\u00e9 et de la Famille a soulign\u00e9 que le programme \u00ab\u00a0Wladna\u00a0\u00bb s\u2019inscrit dans le cadre de la mise en place du deuxi\u00e8me objectif strat\u00e9gique de la politique publique int\u00e9gr\u00e9e de protection de l\u2019enfance au Maroc (2015-2025) relatif \u00e0 la cr\u00e9ation de dispositifs territoriaux int\u00e9gr\u00e9s pour la protection de l\u2019enfance.<\/p>\n<p>Ce programme s\u2019inscrit \u00e9galement dans le cadre de la mise en \u0153uvre du Pacte national pour l\u2019enfance issu des travaux de la 16\u00e8 \u00e9dition du congr\u00e8s national des droits de l\u2019enfant, organis\u00e9 par l\u2019ONDE en novembre 2019, sous le Haut patronage de SM le Roi Mohammed VI et la Pr\u00e9sidence effective de Son Altesse Royale la Princesse Lalla Meryem.<\/p>\n<p>Selon le communiqu\u00e9, ce programme comprend un ensemble de mesures visant \u00e0 renforcer le syst\u00e8me de protection de l\u2019enfance contre diverses formes de n\u00e9gligence, de violence et d\u2019exploitation au niveau des provinces, notamment la cr\u00e9ation de comit\u00e9s provinciaux et de centres d\u2019accompagnement pour prot\u00e9ger l\u2019enfance, la mise en place d\u2019un programme de formation dans le domaine de l\u2019enfance, d\u2019un syst\u00e8me d\u2019information provincial pour suivre l\u2019enfant dans la zone, ainsi que d\u2019outils qui permettent la convergence et la compl\u00e9mentarit\u00e9 entre les interventions des services publics d\u00e9centralis\u00e9s soucieux de la protection des enfants.<\/p>\n<p>Afin de garantir la continuit\u00e9 du lancement des dispositifs territoriaux int\u00e9gr\u00e9s pour la protection de l\u2019enfance, le minist\u00e8re a \u00e9labor\u00e9 un plan d\u2019action pour l\u2019ann\u00e9e 2021, qui comprend un ensemble d\u2019activit\u00e9s, notamment l\u2019accompagnement des comit\u00e9s provinciaux de protection de l\u2019enfance pour pr\u00e9parer des diagnostics pour les services et structures de protection de l\u2019enfance et l\u2019\u00e9laboration des plans d\u2019action provinciaux.<\/p>\n<p>Il s\u2019agit aussi de la maintenance du syst\u00e8me d\u2019information int\u00e9gr\u00e9 pour suivre l\u2019enfant depuis la cha\u00eene de protection, la formation des acteurs \u00e0 son utilisation et \u00e0 son d\u00e9veloppement selon les r\u00e9sultats de la phase pilote, du lancement d\u2019un programme de formation dans le domaine de la protection de l\u2019enfance au profit des acteurs actifs dans les pr\u00e9fectures et provinces qui accueillent les nouveaux dispositifs territoriaux, sur la base des r\u00e9sultats de l\u2019\u00e9valuation du premier programme, ainsi que du soutien de l\u2019\u00e9laboration du protocole-cadre pour la protection des enfants et l\u2019accompagnement des acteurs territoriaux pour le mettre en place.<\/p>\n<p>Le minist\u00e8re a lanc\u00e9 au d\u00e9but de l\u2019ann\u00e9e 2021, en coordination avec les d\u00e9partements minist\u00e9riels concern\u00e9s, le processus de cr\u00e9ation des dispositifs territoriaux dans 10 nouvelles provinces, dont B\u00e9ni-Mellal, Sidi Kacem, F\u00e8s, El Jadida, Taroudant, Taounate, Errachidia, Oujda, K\u00e9nitra et Settat.<\/p>\n<p>La c\u00e9l\u00e9bration par le Maroc de la Journ\u00e9e nationale de l\u2019enfant (25 mai) constitue une occasion de renouveler l\u2019engagement de tous les acteurs dans le Royaume, gouvernement, associations et organisations nationales et internationales, sous la sage conduite de de Sa Majest\u00e9 le Roi Mohammed VI, qui accorde une attention particuli\u00e8re \u00e0 la promotion des conditions de l\u2019enfance, et l\u2019adh\u00e9sion personnelle de Son Altesse Royale, La Princesse Lalla Meryem, Pr\u00e9sidente de l\u2019Observatoire national des droits de l\u2019enfant, rel\u00e8ve le communiqu\u00e9.<\/p>\n<p>Le minist\u00e8re de la Solidarit\u00e9, du D\u00e9veloppement social, de l\u2019\u00c9galit\u00e9 et de la Famille a en outre salu\u00e9 les efforts d\u00e9ploy\u00e9s pour mettre en \u0153uvre les orientations Royales, afin de g\u00e9n\u00e9raliser la protection sociale, qui comprend la g\u00e9n\u00e9ralisation des allocations familiales ciblant 7 millions d\u2019enfants en \u00e2ge de scolarit\u00e9, dont 3 millions de familles b\u00e9n\u00e9ficiaires durant la p\u00e9riode 2023-2024, afin de permettre aux familles qui ne b\u00e9n\u00e9ficient pas de ces allocations de toucher, selon le cas, des indemnit\u00e9s couvrant les risques li\u00e9s \u00e0 l\u2019enfance, ou des indemnit\u00e9s forfaitaires.<\/p>\n<\/div>\n<p>Auteur: Meriem IGASS<br \/>\n<a href=\"http:\/\/www.mapmarrakech.ma\/fr\/lancement-du-plan-contre-la-mendicite-et-du-programme-wladna\/\">Cliquez ici pour lire l&rsquo;article depuis sa source.<\/a><\/p>\n","protected":false},"excerpt":{"rendered":"<p>Dans le cadre de la promotion et de la protection des enfants, le minist\u00e8re de la Solidarit\u00e9, du D\u00e9veloppement social, de l\u2019\u00c9galit\u00e9 et de la Famille a lanc\u00e9 un plan d\u2019action pour prot\u00e9ger cette cat\u00e9gorie de l\u2019exploitation \u00e0 des fins de mendicit\u00e9 ainsi que le programme \u00ab\u00a0Wladna\u00a0\u00bb qui consiste \u00e0 lancer des dispositifs territoriaux int\u00e9gr\u00e9s [&hellip;]<\/p>\n","protected":false},"author":1788,"featured_media":0,"comment_status":"closed","ping_status":"closed","sticky":false,"template":"","format":"standard","meta":{"fifu_image_url":"","fifu_image_alt":"","footnotes":""},"categories":[54,76],"tags":[],"class_list":["post-117355","post","type-post","status-publish","format-standard","hentry","category-maroc","category-regions"],"_links":{"self":[{"href":"https:\/\/linitiative.ca\/International\/wp-json\/wp\/v2\/posts\/117355","targetHints":{"allow":["GET"]}}],"collection":[{"href":"https:\/\/linitiative.ca\/International\/wp-json\/wp\/v2\/posts"}],"about":[{"href":"https:\/\/linitiative.ca\/International\/wp-json\/wp\/v2\/types\/post"}],"author":[{"embeddable":true,"href":"https:\/\/linitiative.ca\/International\/wp-json\/wp\/v2\/users\/1788"}],"replies":[{"embeddable":true,"href":"https:\/\/linitiative.ca\/International\/wp-json\/wp\/v2\/comments?post=117355"}],"version-history":[{"count":0,"href":"https:\/\/linitiative.ca\/International\/wp-json\/wp\/v2\/posts\/117355\/revisions"}],"wp:attachment":[{"href":"https:\/\/linitiative.ca\/International\/wp-json\/wp\/v2\/media?parent=117355"}],"wp:term":[{"taxonomy":"category","embeddable":true,"href":"https:\/\/linitiative.ca\/International\/wp-json\/wp\/v2\/categories?post=117355"},{"taxonomy":"post_tag","embeddable":true,"href":"https:\/\/linitiative.ca\/International\/wp-json\/wp\/v2\/tags?post=117355"}],"curies":[{"name":"wp","href":"https:\/\/api.w.org\/{rel}","templated":true}]}}