{"id":117361,"date":"2021-05-25T09:58:02","date_gmt":"2021-05-25T13:58:02","guid":{"rendered":"https:\/\/linitiative.ca\/International\/deces-de-la-militante-associative-touria-tazi\/"},"modified":"2021-05-25T09:58:02","modified_gmt":"2021-05-25T13:58:02","slug":"deces-de-la-militante-associative-touria-tazi","status":"publish","type":"post","link":"https:\/\/linitiative.ca\/International\/deces-de-la-militante-associative-touria-tazi\/","title":{"rendered":"D\u00e9c\u00e8s de la militante associative Touria Tazi"},"content":{"rendered":"<p>La militante associative Touria Tazi n&rsquo;est plus. Elle est d\u00e9c\u00e9d\u00e9e ce 25 mai, annonce la Fondation Touria et Abdelaziz Tazi.<\/p>\n<p>N\u00e9e \u00e0\u00a0F\u00e8s, Touria Tazi a poursuivi des \u00e9tudes d&rsquo;assistante sociale et d&rsquo;infirmi\u00e8re. Elle a notamment particip\u00e9 au mouvement de la R\u00e9sistance nationale. Elle est figure du mouvement associatif et f\u00e9ministe marocain.\u00a0A Casablanca, elle terminera ses \u00e9tudes et obtiendra son dipl\u00f4me. Elle va diriger le premier dispensaire ouvert au quartier El Fida.<\/p>\n<p>Auteur: hgueye<br \/>\n<a href=\"https:\/\/www.leconomiste.com\/flash-infos\/deces-de-la-militante-associative-touria-tazi\">Cliquez ici pour lire l&rsquo;article depuis sa source.<\/a><\/p>\n","protected":false},"excerpt":{"rendered":"<p>La militante associative Touria Tazi n&rsquo;est plus. Elle est d\u00e9c\u00e9d\u00e9e ce 25 mai, annonce la Fondation Touria et Abdelaziz Tazi. N\u00e9e \u00e0\u00a0F\u00e8s, Touria Tazi a poursuivi des \u00e9tudes d&rsquo;assistante sociale et d&rsquo;infirmi\u00e8re. Elle a notamment particip\u00e9 au mouvement de la R\u00e9sistance nationale. Elle est figure du mouvement associatif et f\u00e9ministe marocain.\u00a0A Casablanca, elle terminera ses [&hellip;]<\/p>\n","protected":false},"author":1763,"featured_media":0,"comment_status":"closed","ping_status":"closed","sticky":false,"template":"","format":"standard","meta":{"fifu_image_url":"","fifu_image_alt":"","footnotes":""},"categories":[78,54],"tags":[],"class_list":["post-117361","post","type-post","status-publish","format-standard","hentry","category-economie","category-maroc"],"_links":{"self":[{"href":"https:\/\/linitiative.ca\/International\/wp-json\/wp\/v2\/posts\/117361","targetHints":{"allow":["GET"]}}],"collection":[{"href":"https:\/\/linitiative.ca\/International\/wp-json\/wp\/v2\/posts"}],"about":[{"href":"https:\/\/linitiative.ca\/International\/wp-json\/wp\/v2\/types\/post"}],"author":[{"embeddable":true,"href":"https:\/\/linitiative.ca\/International\/wp-json\/wp\/v2\/users\/1763"}],"replies":[{"embeddable":true,"href":"https:\/\/linitiative.ca\/International\/wp-json\/wp\/v2\/comments?post=117361"}],"version-history":[{"count":0,"href":"https:\/\/linitiative.ca\/International\/wp-json\/wp\/v2\/posts\/117361\/revisions"}],"wp:attachment":[{"href":"https:\/\/linitiative.ca\/International\/wp-json\/wp\/v2\/media?parent=117361"}],"wp:term":[{"taxonomy":"category","embeddable":true,"href":"https:\/\/linitiative.ca\/International\/wp-json\/wp\/v2\/categories?post=117361"},{"taxonomy":"post_tag","embeddable":true,"href":"https:\/\/linitiative.ca\/International\/wp-json\/wp\/v2\/tags?post=117361"}],"curies":[{"name":"wp","href":"https:\/\/api.w.org\/{rel}","templated":true}]}}