{"id":117362,"date":"2021-05-25T11:07:33","date_gmt":"2021-05-25T15:07:33","guid":{"rendered":"https:\/\/linitiative.ca\/International\/fes-lupf-organise-la-semaine-de-lingenieur\/"},"modified":"2021-05-25T11:07:33","modified_gmt":"2021-05-25T15:07:33","slug":"fes-lupf-organise-la-semaine-de-lingenieur","status":"publish","type":"post","link":"https:\/\/linitiative.ca\/International\/fes-lupf-organise-la-semaine-de-lingenieur\/","title":{"rendered":"F\u00e8s: L&rsquo;UPF organise la semaine de l\u2019ing\u00e9nieur"},"content":{"rendered":"<p class=\"rtejustify\">C&rsquo;est parti. L\u2019Universit\u00e9 Priv\u00e9e de F\u00e8s (UPF) a lanc\u00e9 ce mardi la 1e \u00e9dition de \u00ab La semaine des M\u00e9tiers de l\u2019Ing\u00e9nieur \u00bb. Initi\u00e9 du 25 au 29 mai 2021, l&rsquo;\u00e9v\u00e9nement met \u00e0 l\u2019honneur l\u2019ing\u00e9nieur qui est aujourd\u2019hui un acteur \u00e9conomique de premier plan et montrera les multiples facettes des m\u00e9tiers de l\u2019ing\u00e9nieur.<\/p>\n<p class=\"rtejustify\">\u00ab\u00a0Face aux d\u00e9fis actuels, qu\u2019ils soient humains, environnementaux, techniques ou informatique, les Ing\u00e9nieurs d\u00e9tiennent le r\u00f4le imminent de la profession de d\u2019Ing\u00e9nieurs dans l\u2019ascension de notre pays. Il leur est demand\u00e9 de promouvoir et valoriser le m\u00e9tier d\u2019ing\u00e9nieur pour g\u00e9n\u00e9rer de l\u2019employabilit\u00e9, encourager les ing\u00e9nieurs \u00e0 s\u2019engager dans la voie de l\u2019innovation et de l\u2019entreprenariat, et renforcer le sentiment d\u2019appartenance \u00e0 un corps professionnel engag\u00e9 dans le d\u00e9veloppement \u00e9conomique et l\u2019innovation p\u00e9dagogique\u00a0\u00bb, indique Mohamed Aziz Lahlou, pr\u00e9sident de l&rsquo;UPF.<\/p>\n<p class=\"rtejustify\">La journ\u00e9e inaugurale a ainsi abord\u00e9 la question de la place des sciences et des technologies dans la soci\u00e9t\u00e9 \u00e0 l\u2019\u00e8re de l\u2019intelligence Artificielle et des Smart Cities. Elle a connu la participation de plusieurs partenaires (Associations des m\u00e9tiers de l\u2019ing\u00e9nieur, des chercheurs et des ing\u00e9nieurs qui con\u00e7oivent la soci\u00e9t\u00e9 de demain). Au programme figurent aussi des comp\u00e9titions th\u00e9matiques ouvertes aux \u00e9l\u00e8ves ing\u00e9nieurs de tout le Maroc de ceux qui proviennent des autres \u00e9coles d\u2019ing\u00e9nieurs et de l&rsquo;UPF dans le but de valoriser la mixit\u00e9 et la pluralit\u00e9 disciplinaire. Au terme de cette \u00absemaine des m\u00e9tiers de l\u2019Ing\u00e9nieur \u00bb, une c\u00e9r\u00e9monie sera organis\u00e9e samedi afin de d\u00e9cerner les prix aux gagnants des diff\u00e9rentes comp\u00e9titions.\u00a0<\/p>\n<p class=\"rtejustify\">Cette c\u00e9r\u00e9monie consacrera les personnes ayant apport\u00e9 une contribution consid\u00e9rable dans leur domaine de pr\u00e9dilection. L\u2019universit\u00e9 priv\u00e9e de F\u00e8s couronnera aussi les majors de promotions par des Dipl\u00f4mes Reconnus par l\u2019Etat.<\/p>\n<p class=\"rtejustify\"><em>Y.S.A<\/em><\/p>\n<p class=\"rtejustify\">\u00a0<\/p>\n<p>Auteur: mbasraoui<br \/>\n<a href=\"https:\/\/www.leconomiste.com\/flash-infos\/fes-l-upf-organise-la-semaine-de-l-ingenieur\">Cliquez ici pour lire l&rsquo;article depuis sa source.<\/a><\/p>\n","protected":false},"excerpt":{"rendered":"<p>C&rsquo;est parti. L\u2019Universit\u00e9 Priv\u00e9e de F\u00e8s (UPF) a lanc\u00e9 ce mardi la 1e \u00e9dition de \u00ab La semaine des M\u00e9tiers de l\u2019Ing\u00e9nieur \u00bb. Initi\u00e9 du 25 au 29 mai 2021, l&rsquo;\u00e9v\u00e9nement met \u00e0 l\u2019honneur l\u2019ing\u00e9nieur qui est aujourd\u2019hui un acteur \u00e9conomique de premier plan et montrera les multiples facettes des m\u00e9tiers de l\u2019ing\u00e9nieur. \u00ab\u00a0Face aux [&hellip;]<\/p>\n","protected":false},"author":1763,"featured_media":0,"comment_status":"closed","ping_status":"closed","sticky":false,"template":"","format":"standard","meta":{"fifu_image_url":"","fifu_image_alt":"","footnotes":""},"categories":[78,54],"tags":[],"class_list":["post-117362","post","type-post","status-publish","format-standard","hentry","category-economie","category-maroc"],"_links":{"self":[{"href":"https:\/\/linitiative.ca\/International\/wp-json\/wp\/v2\/posts\/117362","targetHints":{"allow":["GET"]}}],"collection":[{"href":"https:\/\/linitiative.ca\/International\/wp-json\/wp\/v2\/posts"}],"about":[{"href":"https:\/\/linitiative.ca\/International\/wp-json\/wp\/v2\/types\/post"}],"author":[{"embeddable":true,"href":"https:\/\/linitiative.ca\/International\/wp-json\/wp\/v2\/users\/1763"}],"replies":[{"embeddable":true,"href":"https:\/\/linitiative.ca\/International\/wp-json\/wp\/v2\/comments?post=117362"}],"version-history":[{"count":0,"href":"https:\/\/linitiative.ca\/International\/wp-json\/wp\/v2\/posts\/117362\/revisions"}],"wp:attachment":[{"href":"https:\/\/linitiative.ca\/International\/wp-json\/wp\/v2\/media?parent=117362"}],"wp:term":[{"taxonomy":"category","embeddable":true,"href":"https:\/\/linitiative.ca\/International\/wp-json\/wp\/v2\/categories?post=117362"},{"taxonomy":"post_tag","embeddable":true,"href":"https:\/\/linitiative.ca\/International\/wp-json\/wp\/v2\/tags?post=117362"}],"curies":[{"name":"wp","href":"https:\/\/api.w.org\/{rel}","templated":true}]}}