{"id":117363,"date":"2021-05-25T11:12:59","date_gmt":"2021-05-25T15:12:59","guid":{"rendered":"https:\/\/linitiative.ca\/International\/covid-plus-de-8-millions-de-personnes-vaccinees-au-maroc\/"},"modified":"2021-05-25T11:12:59","modified_gmt":"2021-05-25T15:12:59","slug":"covid-plus-de-8-millions-de-personnes-vaccinees-au-maroc","status":"publish","type":"post","link":"https:\/\/linitiative.ca\/International\/covid-plus-de-8-millions-de-personnes-vaccinees-au-maroc\/","title":{"rendered":"Covid: Plus de 8 millions de personnes vaccin\u00e9es au Maroc"},"content":{"rendered":"<p class=\"rtejustify\">Un total de 310 nouveaux cas d&rsquo;infection au coronavirus et de 276 gu\u00e9risons a \u00e9t\u00e9 enregistr\u00e9 au Maroc au cours des derni\u00e8res 24 heures, a indiqu\u00e9 ce mardi le minist\u00e8re de la Sant\u00e9. Le nombre de personnes ayant re\u00e7u la premi\u00e8re dose du vaccin a atteint 8 011 014\u00a0, alors que\u00a0celles qui ont \u00e9t\u00e9 compl\u00e8tement vaccin\u00e9es (1\u00e8re et 2\u00e8me doses) sont au nombre de 4 947 483, a pr\u00e9cis\u00e9 le minist\u00e8re dans son bulletin quotidien sur la situation de la Covid-19.<\/p>\n<p class=\"rtejustify\">Ce nouveau bilan porte \u00e9galement \u00e0 517 423 le nombre total des contaminations depuis le premier cas signal\u00e9 en mars 2020, tandis que le nombre des personnes r\u00e9tablies est pass\u00e9 \u00e0 505 668, soit un taux de gu\u00e9rison de 97,7%. A ce jour, le nombre total des d\u00e9c\u00e8s est de 9 129, apr\u00e8s l&rsquo;enregistrement de\u00a0<strong>3<\/strong> nouveaux d\u00e9c\u00e8s, soit un taux de l\u00e9talit\u00e9 de 1,8%.<\/p>\n<p class=\"rtejustify\">Les cas actifs sont au nombre de 2 626, tandis que les cas s\u00e9v\u00e8res ou critiques ont atteint 173, dont <strong>5<\/strong> plac\u00e9s sous intubation et <strong>88\u00a0<\/strong>sous ventilation non invasive.<\/p>\n<blockquote readability=\"4.75\">\n<p class=\"rtecenter\"><strong>Pour plus de d\u00e9tails, voir l&rsquo;\u00e9volution en temps r\u00e9el de l&rsquo;\u00e9pid\u00e9mie sur <a href=\"https:\/\/www.leconomiste.com\/covid19\/\">https:\/\/www.leconomiste.com\/covid19\/<\/a><\/strong><\/p>\n<\/blockquote>\n<p>Auteur: mbasraoui<br \/>\n<a href=\"https:\/\/www.leconomiste.com\/flash-infos\/covid-plus-de-8-millions-de-personnes-vaccinees-au-maroc\">Cliquez ici pour lire l&rsquo;article depuis sa source.<\/a><\/p>\n","protected":false},"excerpt":{"rendered":"<p>Un total de 310 nouveaux cas d&rsquo;infection au coronavirus et de 276 gu\u00e9risons a \u00e9t\u00e9 enregistr\u00e9 au Maroc au cours des derni\u00e8res 24 heures, a indiqu\u00e9 ce mardi le minist\u00e8re de la Sant\u00e9. Le nombre de personnes ayant re\u00e7u la premi\u00e8re dose du vaccin a atteint 8 011 014\u00a0, alors que\u00a0celles qui ont \u00e9t\u00e9 compl\u00e8tement [&hellip;]<\/p>\n","protected":false},"author":1763,"featured_media":0,"comment_status":"closed","ping_status":"closed","sticky":false,"template":"","format":"standard","meta":{"fifu_image_url":"","fifu_image_alt":"","footnotes":""},"categories":[78,54],"tags":[],"class_list":["post-117363","post","type-post","status-publish","format-standard","hentry","category-economie","category-maroc"],"_links":{"self":[{"href":"https:\/\/linitiative.ca\/International\/wp-json\/wp\/v2\/posts\/117363","targetHints":{"allow":["GET"]}}],"collection":[{"href":"https:\/\/linitiative.ca\/International\/wp-json\/wp\/v2\/posts"}],"about":[{"href":"https:\/\/linitiative.ca\/International\/wp-json\/wp\/v2\/types\/post"}],"author":[{"embeddable":true,"href":"https:\/\/linitiative.ca\/International\/wp-json\/wp\/v2\/users\/1763"}],"replies":[{"embeddable":true,"href":"https:\/\/linitiative.ca\/International\/wp-json\/wp\/v2\/comments?post=117363"}],"version-history":[{"count":0,"href":"https:\/\/linitiative.ca\/International\/wp-json\/wp\/v2\/posts\/117363\/revisions"}],"wp:attachment":[{"href":"https:\/\/linitiative.ca\/International\/wp-json\/wp\/v2\/media?parent=117363"}],"wp:term":[{"taxonomy":"category","embeddable":true,"href":"https:\/\/linitiative.ca\/International\/wp-json\/wp\/v2\/categories?post=117363"},{"taxonomy":"post_tag","embeddable":true,"href":"https:\/\/linitiative.ca\/International\/wp-json\/wp\/v2\/tags?post=117363"}],"curies":[{"name":"wp","href":"https:\/\/api.w.org\/{rel}","templated":true}]}}