{"id":117365,"date":"2021-05-25T15:14:06","date_gmt":"2021-05-25T19:14:06","guid":{"rendered":"https:\/\/linitiative.ca\/International\/international-real-benzema-se-prononce-au-sujet-de-lavenir-de-zidane\/"},"modified":"2021-05-25T15:14:06","modified_gmt":"2021-05-25T19:14:06","slug":"international-real-benzema-se-prononce-au-sujet-de-lavenir-de-zidane","status":"publish","type":"post","link":"https:\/\/linitiative.ca\/International\/international-real-benzema-se-prononce-au-sujet-de-lavenir-de-zidane\/","title":{"rendered":"International : Real : Benzema se prononce au sujet de l&rsquo;avenir de Zidane"},"content":{"rendered":"<div readability=\"32\">\n<p>Auteur : <span class=\"time\">mardi 25 mai 2021 12:16<\/span><\/p>\n<\/div>\n<div id=\"post_core\" readability=\"51\">\n<p>Depuis plusieurs semaines, l&rsquo;entra\u00eeneur des Merengue donne en effet le sentiment d&rsquo;\u00eatre arriv\u00e9 au bout de son aventure avec la Casa Blanca. Interrog\u00e9 sur l&rsquo;avenir de son coach, l&rsquo;attaquant madril\u00e8ne Karim Benzema (33 ans) ne voit pas les choses de la m\u00eame mani\u00e8re.<\/p>\n<p>\u00ab\u00a0Jusqu&rsquo;\u00e0 pr\u00e9sent, il est entra\u00eeneur du Real non ? Je ne le vois pas partir, assure l&rsquo;ancien Lyonnais dans les colonnes de L&rsquo;Equipe. Il ne va pas partir, vous verrez. S&rsquo;il part, il part&#8230; Mais pour l&rsquo;instant, je ne vois pas le Real sans Zidane.\u00a0\u00bb Des propos relay\u00e9s par Maxifoot.<\/p>\n<p>Tr\u00e8s proche du champion du monde 1998, \u00ab\u00a0KB9\u00a0\u00bb ne serait pas m\u00e9content de voir \u00ab\u00a0ZZ\u00a0\u00bb rester dans la capitale espagnole cet \u00e9t\u00e9.<\/p>\n<p><strong>Publi\u00e9 dans :<\/strong> <span>real madrid<\/span><\/p>\n<\/div>\n<p>Auteur:<br \/>\n<a href=\"http:\/\/www.lebuteur.com\/article\/detail?titre=real-benzema-se-prononce-au-sujet-de-lavenir-de-zidane&#038;id=100177&#038;utm_source=feedburner&#038;utm_medium=feed&#038;utm_campaign=Feed%3A+GalerieFArtciles+%28Les+derniers+articles++-+lebuteur.com%29\">Cliquez ici pour lire l&rsquo;article depuis sa source.<\/a><\/p>\n","protected":false},"excerpt":{"rendered":"<p>Auteur : mardi 25 mai 2021 12:16 Depuis plusieurs semaines, l&rsquo;entra\u00eeneur des Merengue donne en effet le sentiment d&rsquo;\u00eatre arriv\u00e9 au bout de son aventure avec la Casa Blanca. Interrog\u00e9 sur l&rsquo;avenir de son coach, l&rsquo;attaquant madril\u00e8ne Karim Benzema (33 ans) ne voit pas les choses de la m\u00eame mani\u00e8re. \u00ab\u00a0Jusqu&rsquo;\u00e0 pr\u00e9sent, il est entra\u00eeneur [&hellip;]<\/p>\n","protected":false},"author":1738,"featured_media":0,"comment_status":"closed","ping_status":"closed","sticky":false,"template":"","format":"standard","meta":{"fifu_image_url":"\/\/cdn.lebuteur.com\/data\/images\/article\/thumbs\/large-real-benzema-se-prononce-au-sujet-de-lavenir-de-zidane-28fc5.jpg","fifu_image_alt":"International : Real : Benzema se prononce au sujet de l'avenir de Zidane","footnotes":""},"categories":[53,75],"tags":[],"class_list":["post-117365","post","type-post","status-publish","format-standard","hentry","category-algerie","category-sport"],"_links":{"self":[{"href":"https:\/\/linitiative.ca\/International\/wp-json\/wp\/v2\/posts\/117365","targetHints":{"allow":["GET"]}}],"collection":[{"href":"https:\/\/linitiative.ca\/International\/wp-json\/wp\/v2\/posts"}],"about":[{"href":"https:\/\/linitiative.ca\/International\/wp-json\/wp\/v2\/types\/post"}],"author":[{"embeddable":true,"href":"https:\/\/linitiative.ca\/International\/wp-json\/wp\/v2\/users\/1738"}],"replies":[{"embeddable":true,"href":"https:\/\/linitiative.ca\/International\/wp-json\/wp\/v2\/comments?post=117365"}],"version-history":[{"count":0,"href":"https:\/\/linitiative.ca\/International\/wp-json\/wp\/v2\/posts\/117365\/revisions"}],"wp:attachment":[{"href":"https:\/\/linitiative.ca\/International\/wp-json\/wp\/v2\/media?parent=117365"}],"wp:term":[{"taxonomy":"category","embeddable":true,"href":"https:\/\/linitiative.ca\/International\/wp-json\/wp\/v2\/categories?post=117365"},{"taxonomy":"post_tag","embeddable":true,"href":"https:\/\/linitiative.ca\/International\/wp-json\/wp\/v2\/tags?post=117365"}],"curies":[{"name":"wp","href":"https:\/\/api.w.org\/{rel}","templated":true}]}}