{"id":117366,"date":"2021-05-25T15:14:07","date_gmt":"2021-05-25T19:14:07","guid":{"rendered":"https:\/\/linitiative.ca\/International\/international-naples-larrivee-de-conceicao-a-capote\/"},"modified":"2021-05-25T15:14:07","modified_gmt":"2021-05-25T19:14:07","slug":"international-naples-larrivee-de-conceicao-a-capote","status":"publish","type":"post","link":"https:\/\/linitiative.ca\/International\/international-naples-larrivee-de-conceicao-a-capote\/","title":{"rendered":"International : Naples : L&rsquo;arriv\u00e9e de Concei\u00e7\u00e3o a capot\u00e9 !"},"content":{"rendered":"<div readability=\"32\">\n<p>Auteur : <span class=\"time\">mardi 25 mai 2021 14:30<\/span><\/p>\n<\/div>\n<div id=\"post_core\" readability=\"43\">\n<p>Le Corriere dello Sport\u00a0 et Maxifoot expliquent qu&rsquo;un d\u00e9saccord de derni\u00e8re minute concernant le contrat du technicien a fait capoter l&rsquo;affaire. \u00ab\u00a0Sergio Concei\u00e7\u00e3o n&rsquo;a \u00e9t\u00e9 l&rsquo;entra\u00eeneur de Naples que pendant 24 heures\u00a0\u00bb, selon les m\u00eames sources,\u00a0la conf\u00e9rence de presse de pr\u00e9sentation du Portugais \u00e9tait d\u00e9j\u00e0 programm\u00e9e pour mercredi dans le hall d&rsquo;un grand h\u00f4tel r\u00e9put\u00e9 de l&rsquo;autre c\u00f4t\u00e9 des Alpes.<\/p>\n<p>Le pr\u00e9sident napolitain Aurelio De Laurentiis doit finalement revoir ses plans. Le m\u00e9dia \u00e9voque les noms de Christophe Galtier, Luciano Spalletti et Simone Inzaghi.<\/p>\n<p><strong>Publi\u00e9 dans :<\/strong> <span>Naples : Concei\u00e7\u00e3o<\/span><\/p>\n<\/div>\n<p>Auteur:<br \/>\n<a href=\"http:\/\/www.lebuteur.com\/article\/detail?titre=naples-larrivee-de-conceicao-a-capote&#038;id=100178&#038;utm_source=feedburner&#038;utm_medium=feed&#038;utm_campaign=Feed%3A+GalerieFArtciles+%28Les+derniers+articles++-+lebuteur.com%29\">Cliquez ici pour lire l&rsquo;article depuis sa source.<\/a><\/p>\n","protected":false},"excerpt":{"rendered":"<p>Auteur : mardi 25 mai 2021 14:30 Le Corriere dello Sport\u00a0 et Maxifoot expliquent qu&rsquo;un d\u00e9saccord de derni\u00e8re minute concernant le contrat du technicien a fait capoter l&rsquo;affaire. \u00ab\u00a0Sergio Concei\u00e7\u00e3o n&rsquo;a \u00e9t\u00e9 l&rsquo;entra\u00eeneur de Naples que pendant 24 heures\u00a0\u00bb, selon les m\u00eames sources,\u00a0la conf\u00e9rence de presse de pr\u00e9sentation du Portugais \u00e9tait d\u00e9j\u00e0 programm\u00e9e pour mercredi [&hellip;]<\/p>\n","protected":false},"author":1738,"featured_media":0,"comment_status":"closed","ping_status":"closed","sticky":false,"template":"","format":"standard","meta":{"fifu_image_url":"\/\/cdn.lebuteur.com\/data\/images\/article\/thumbs\/large-100178naples-larrivee-de-conceicao-a-capote-b5d5f.jpg","fifu_image_alt":"International : Naples : L'arriv\u00e9e de Concei\u00e7\u00e3o a capot\u00e9 !","footnotes":""},"categories":[53,75],"tags":[],"class_list":["post-117366","post","type-post","status-publish","format-standard","hentry","category-algerie","category-sport"],"_links":{"self":[{"href":"https:\/\/linitiative.ca\/International\/wp-json\/wp\/v2\/posts\/117366","targetHints":{"allow":["GET"]}}],"collection":[{"href":"https:\/\/linitiative.ca\/International\/wp-json\/wp\/v2\/posts"}],"about":[{"href":"https:\/\/linitiative.ca\/International\/wp-json\/wp\/v2\/types\/post"}],"author":[{"embeddable":true,"href":"https:\/\/linitiative.ca\/International\/wp-json\/wp\/v2\/users\/1738"}],"replies":[{"embeddable":true,"href":"https:\/\/linitiative.ca\/International\/wp-json\/wp\/v2\/comments?post=117366"}],"version-history":[{"count":0,"href":"https:\/\/linitiative.ca\/International\/wp-json\/wp\/v2\/posts\/117366\/revisions"}],"wp:attachment":[{"href":"https:\/\/linitiative.ca\/International\/wp-json\/wp\/v2\/media?parent=117366"}],"wp:term":[{"taxonomy":"category","embeddable":true,"href":"https:\/\/linitiative.ca\/International\/wp-json\/wp\/v2\/categories?post=117366"},{"taxonomy":"post_tag","embeddable":true,"href":"https:\/\/linitiative.ca\/International\/wp-json\/wp\/v2\/tags?post=117366"}],"curies":[{"name":"wp","href":"https:\/\/api.w.org\/{rel}","templated":true}]}}