{"id":117368,"date":"2021-05-25T15:14:10","date_gmt":"2021-05-25T19:14:10","guid":{"rendered":"https:\/\/linitiative.ca\/International\/equipe-dalgerie-magassouba-ent-mali-belmadi-a-fait-de-lalgerie-une-reference-en-afrique\/"},"modified":"2021-05-25T15:14:10","modified_gmt":"2021-05-25T19:14:10","slug":"equipe-dalgerie-magassouba-ent-mali-belmadi-a-fait-de-lalgerie-une-reference-en-afrique","status":"publish","type":"post","link":"https:\/\/linitiative.ca\/International\/equipe-dalgerie-magassouba-ent-mali-belmadi-a-fait-de-lalgerie-une-reference-en-afrique\/","title":{"rendered":"Equipe d&rsquo;Alg\u00e9rie : Magassouba (Ent-Mali) \u00ab Belmadi a fait de l\u2019Alg\u00e9rie une r\u00e9f\u00e9rence en Afrique \u00bb"},"content":{"rendered":"<div readability=\"32\">\n<p>Auteur : <span>Moumen A.<\/span> <span class=\"time\">mardi 25 mai 2021 16:35<\/span><\/p>\n<\/div>\n<div id=\"post_core\" readability=\"49\">\n<p>Dans une interview accord\u00e9e \u00e0 Radio International alg\u00e9rienne, le coach de la s\u00e9lection malienne reconnait la supr\u00e9matie de l\u2019Alg\u00e9rie sur la sc\u00e8ne africaine et essence Riyad Mahrez apr\u00e8s ses sacres arrach\u00e9es en Angleterre \u00a0\u00abIl est clair que nous n\u2019avons pas atteint le niveau de l\u2019Alg\u00e9rie, mais si nous affrontons cette \u00e9quipe, il est naturel que c\u2019est pour avancer et progresser. C\u2019est la meilleure r\u00e9f\u00e9rence en Afrique actuellement\u00a0\u00bb \u00a0<\/p>\n<p><strong>\u00ab\u00a0Mahrez m\u00e9rite le Ballon d \u2018Or FIFA\u00a0\u00bb<\/strong><\/p>\n<p>\u00a0Concernant le s\u00e9lectionneur national, Djamel Belmadi, \u00a0Mohamed Magassouba d\u00e9clare \u00abJe voudrais saluer le travail accompli par Belmadi, qui a pu pr\u00e9senter l\u2019Alg\u00e9rie et l\u2019Afrique avec une \u00e9quipe comme celle-ci. \u00a0A propos de Riyad Mahrez, j\u2019estime qu\u2019il m\u00e9rite de se voir d\u00e9cerner le Ballon d\u2019Or de la FIFA apr\u00e8s tout ce qu\u2019il a r\u00e9alis\u00e9 avec l\u2019Alg\u00e9rie et son club\u00bb.<\/p>\n<p><strong>Moumen A.<\/strong><\/p>\n<p><strong>Publi\u00e9 dans :<\/strong> <span>Belmadi<\/span><\/p>\n<\/div>\n<p>Auteur:<br \/>\n<a href=\"http:\/\/www.lebuteur.com\/article\/detail?titre=magassouba-ent-mali-belmadi-a-fait-de-lalgerie-une-reference-en-afrique&#038;id=100180&#038;utm_source=feedburner&#038;utm_medium=feed&#038;utm_campaign=Feed%3A+GalerieFArtciles+%28Les+derniers+articles++-+lebuteur.com%29\">Cliquez ici pour lire l&rsquo;article depuis sa source.<\/a><\/p>\n","protected":false},"excerpt":{"rendered":"<p>Auteur : Moumen A. mardi 25 mai 2021 16:35 Dans une interview accord\u00e9e \u00e0 Radio International alg\u00e9rienne, le coach de la s\u00e9lection malienne reconnait la supr\u00e9matie de l\u2019Alg\u00e9rie sur la sc\u00e8ne africaine et essence Riyad Mahrez apr\u00e8s ses sacres arrach\u00e9es en Angleterre \u00a0\u00abIl est clair que nous n\u2019avons pas atteint le niveau de l\u2019Alg\u00e9rie, mais [&hellip;]<\/p>\n","protected":false},"author":1738,"featured_media":0,"comment_status":"closed","ping_status":"closed","sticky":false,"template":"","format":"standard","meta":{"fifu_image_url":"\/\/cdn.lebuteur.com\/data\/images\/article\/thumbs\/large-magassouba-ent-mali-belmadi-a-fait-de-lalgerie-une-reference-en-afrique-a3b49.jpg","fifu_image_alt":"Equipe d'Alg\u00e9rie : Magassouba (Ent-Mali) \u00ab Belmadi a fait de l\u2019Alg\u00e9rie une r\u00e9f\u00e9rence en Afrique \u00bb","footnotes":""},"categories":[53,75],"tags":[],"class_list":["post-117368","post","type-post","status-publish","format-standard","hentry","category-algerie","category-sport"],"_links":{"self":[{"href":"https:\/\/linitiative.ca\/International\/wp-json\/wp\/v2\/posts\/117368","targetHints":{"allow":["GET"]}}],"collection":[{"href":"https:\/\/linitiative.ca\/International\/wp-json\/wp\/v2\/posts"}],"about":[{"href":"https:\/\/linitiative.ca\/International\/wp-json\/wp\/v2\/types\/post"}],"author":[{"embeddable":true,"href":"https:\/\/linitiative.ca\/International\/wp-json\/wp\/v2\/users\/1738"}],"replies":[{"embeddable":true,"href":"https:\/\/linitiative.ca\/International\/wp-json\/wp\/v2\/comments?post=117368"}],"version-history":[{"count":0,"href":"https:\/\/linitiative.ca\/International\/wp-json\/wp\/v2\/posts\/117368\/revisions"}],"wp:attachment":[{"href":"https:\/\/linitiative.ca\/International\/wp-json\/wp\/v2\/media?parent=117368"}],"wp:term":[{"taxonomy":"category","embeddable":true,"href":"https:\/\/linitiative.ca\/International\/wp-json\/wp\/v2\/categories?post=117368"},{"taxonomy":"post_tag","embeddable":true,"href":"https:\/\/linitiative.ca\/International\/wp-json\/wp\/v2\/tags?post=117368"}],"curies":[{"name":"wp","href":"https:\/\/api.w.org\/{rel}","templated":true}]}}