{"id":117369,"date":"2021-05-25T15:14:12","date_gmt":"2021-05-25T19:14:12","guid":{"rendered":"https:\/\/linitiative.ca\/International\/pros-tres-bon-oukidja-face-a-lom\/"},"modified":"2021-05-25T15:14:12","modified_gmt":"2021-05-25T19:14:12","slug":"pros-tres-bon-oukidja-face-a-lom","status":"publish","type":"post","link":"https:\/\/linitiative.ca\/International\/pros-tres-bon-oukidja-face-a-lom\/","title":{"rendered":"Pros : Tr\u00e8s bon Oukidja face \u00e0 l\u2019OM"},"content":{"rendered":"<div readability=\"32\">\n<p>Auteur : <span>Moumen A.<\/span> <span class=\"time\">mardi 25 mai 2021 16:38<\/span><\/p>\n<\/div>\n<div id=\"post_core\" readability=\"40\">\n<p>Pour sa derni\u00e8re rencontre avec son club avant de rejoindre le stage de l\u2019Equipe nationale, le gardien de but international Alg\u00e9rien Alexandre Oukidja a fini la saison sur une tr\u00e8s bonne note contre l&rsquo;Olympique de Marseille. \u00a0Oukidja, r\u00e9gulier cette ann\u00e9e avec le FC Metz\u00a0 est l\u2019un des meilleurs portiers de la Ligue 1 avec \u00e0 la cl\u00e9 un nombre tr\u00e8s important de productions\u00a0 abouties en Championnat.\u00a0 Oukidja a \u00e9t\u00e9 pour beaucoup dans cette belle\u00a0 10\u00e8me place arrach\u00e9e\u00a0 par le FC Metz.\u00a0 L\u2019ancien Strasbourgeois montre ainsi qu\u2019il est bien pr\u00eat \u00e0 pallier \u00e0 son camarade Rais \u00a0Ra\u00efs M&rsquo;Bolhi, critiqu\u00e9 ces derniers temps en Arabe Saoudite en raison de sa baisse de forme.\u00a0\u00a0\u00a0\u00a0<\/p>\n<p><strong>Moumen A.<\/strong><\/p>\n<p><strong>Publi\u00e9 dans :<\/strong> <span>Alexandre Oukidja<\/span><\/p>\n<\/div>\n<p>Auteur:<br \/>\n<a href=\"http:\/\/www.lebuteur.com\/article\/detail?titre=tres-bon-oukidja-face-a-lom&#038;id=100181&#038;utm_source=feedburner&#038;utm_medium=feed&#038;utm_campaign=Feed%3A+GalerieFArtciles+%28Les+derniers+articles++-+lebuteur.com%29\">Cliquez ici pour lire l&rsquo;article depuis sa source.<\/a><\/p>\n","protected":false},"excerpt":{"rendered":"<p>Auteur : Moumen A. mardi 25 mai 2021 16:38 Pour sa derni\u00e8re rencontre avec son club avant de rejoindre le stage de l\u2019Equipe nationale, le gardien de but international Alg\u00e9rien Alexandre Oukidja a fini la saison sur une tr\u00e8s bonne note contre l&rsquo;Olympique de Marseille. \u00a0Oukidja, r\u00e9gulier cette ann\u00e9e avec le FC Metz\u00a0 est l\u2019un [&hellip;]<\/p>\n","protected":false},"author":1738,"featured_media":0,"comment_status":"closed","ping_status":"closed","sticky":false,"template":"","format":"standard","meta":{"fifu_image_url":"\/\/cdn.lebuteur.com\/data\/images\/article\/thumbs\/large-tres-bon-oukidja-face-a-lom-13e32.jpg","fifu_image_alt":"Pros : Tr\u00e8s bon Oukidja face \u00e0 l\u2019OM","footnotes":""},"categories":[53,75],"tags":[],"class_list":["post-117369","post","type-post","status-publish","format-standard","hentry","category-algerie","category-sport"],"_links":{"self":[{"href":"https:\/\/linitiative.ca\/International\/wp-json\/wp\/v2\/posts\/117369","targetHints":{"allow":["GET"]}}],"collection":[{"href":"https:\/\/linitiative.ca\/International\/wp-json\/wp\/v2\/posts"}],"about":[{"href":"https:\/\/linitiative.ca\/International\/wp-json\/wp\/v2\/types\/post"}],"author":[{"embeddable":true,"href":"https:\/\/linitiative.ca\/International\/wp-json\/wp\/v2\/users\/1738"}],"replies":[{"embeddable":true,"href":"https:\/\/linitiative.ca\/International\/wp-json\/wp\/v2\/comments?post=117369"}],"version-history":[{"count":0,"href":"https:\/\/linitiative.ca\/International\/wp-json\/wp\/v2\/posts\/117369\/revisions"}],"wp:attachment":[{"href":"https:\/\/linitiative.ca\/International\/wp-json\/wp\/v2\/media?parent=117369"}],"wp:term":[{"taxonomy":"category","embeddable":true,"href":"https:\/\/linitiative.ca\/International\/wp-json\/wp\/v2\/categories?post=117369"},{"taxonomy":"post_tag","embeddable":true,"href":"https:\/\/linitiative.ca\/International\/wp-json\/wp\/v2\/tags?post=117369"}],"curies":[{"name":"wp","href":"https:\/\/api.w.org\/{rel}","templated":true}]}}