{"id":117371,"date":"2021-05-25T17:04:18","date_gmt":"2021-05-25T21:04:18","guid":{"rendered":"https:\/\/linitiative.ca\/International\/mondher-lakhal-directeur-general-de-la-bna-depuis-mars-2021\/"},"modified":"2021-05-25T17:04:18","modified_gmt":"2021-05-25T21:04:18","slug":"mondher-lakhal-directeur-general-de-la-bna-depuis-mars-2021","status":"publish","type":"post","link":"https:\/\/linitiative.ca\/International\/mondher-lakhal-directeur-general-de-la-bna-depuis-mars-2021\/","title":{"rendered":"Mondher Lakhal: Directeur G\u00e9n\u00e9ral de la BNA depuis mars 2021"},"content":{"rendered":"<p>Titulaire d\u2019une ma\u00eetrise de la Facult\u00e9 des Sciences Economiques et de Gestion de Sfax en 1990 et d\u2019un Dipl\u00f4me Professionnel de L\u2019Institut Technique de Banque de Paris en 2002, Mondher Lakhal a d\u00e9but\u00e9 sa carri\u00e8re en 1992 \u00e0 la Banque Nationale Agricole.<\/p>\n<p>En 2008, apr\u00e8s un parcours de 15 ans en tant qu\u2019analyste des cr\u00e9dits, il a \u00e9t\u00e9 nomm\u00e9 Chef de la Division \u00ab\u00a0Groupes et Grandes Entreprises\u00a0\u00bb, en 2010 Chef du D\u00e9partement \u00ab\u00a0Engagements Commerciaux et Industriels\u00a0\u00bb, puis en 2014 Directeur Central des Etudes et du Contr\u00f4le de Gestion.<\/p>\n<p>Dot\u00e9 d\u2019une expertise dans les diff\u00e9rents m\u00e9tiers de la banque, il devient membre en 2017 du Comit\u00e9 de Direction G\u00e9n\u00e9rale en sa qualit\u00e9 de Directeur du P\u00f4le Risque et ayant pour mission de mettre en place la nouvelle strat\u00e9gie en mati\u00e8re de financement et d\u2019investissement pour les diff\u00e9rents march\u00e9s et de diriger les filiales m\u00e9tiers et les comit\u00e9s op\u00e9rationnels.<\/p>\n<p>En avril 2019, et \u00e0 l\u2019aube du soixanti\u00e8me anniversaire de la banque, Mondher Lakhal est nomm\u00e9 Directeur G\u00e9n\u00e9ral Adjoint de la BNA dont la principale mission est de contribuer \u00e0 l\u2019\u00e9laboration de la nouvelle orientation strat\u00e9gique, d\u2019apporter main forte au grand projet de transformation et de restructuration et de piloter la r\u00e9alisation du contrat programme.<\/p>\n<p>Apr\u00e8s une longue et riche carri\u00e8re de plus de 28 ans, Mondher Lakhal est nomm\u00e9 Directeur G\u00e9n\u00e9ral de la BNA depuis mars 2021afin d\u2019entamer, en tant qu\u2019acteur de premier plan, la 2\u00e8me phase de la strat\u00e9gie de digitalisation et de transformation de la banque, d\u2019instaurer une gouvernance conforme aux normes et standards internationaux et de renforcer la gestion des risques.<\/p>\n<p>Auteur:<br \/>\n<a href=\"https:\/\/www.leaders.com.tn\/article\/31921-mondher-lakhal-directeur-general-de-la-bna-depuis-mars-2021\">Cliquez ici pour lire l&rsquo;article depuis sa source.<\/a><\/p>\n","protected":false},"excerpt":{"rendered":"<p>Titulaire d\u2019une ma\u00eetrise de la Facult\u00e9 des Sciences Economiques et de Gestion de Sfax en 1990 et d\u2019un Dipl\u00f4me Professionnel de L\u2019Institut Technique de Banque de Paris en 2002, Mondher Lakhal a d\u00e9but\u00e9 sa carri\u00e8re en 1992 \u00e0 la Banque Nationale Agricole. En 2008, apr\u00e8s un parcours de 15 ans en tant qu\u2019analyste des cr\u00e9dits, [&hellip;]<\/p>\n","protected":false},"author":1772,"featured_media":0,"comment_status":"closed","ping_status":"closed","sticky":false,"template":"","format":"standard","meta":{"fifu_image_url":"","fifu_image_alt":"","footnotes":""},"categories":[73,55],"tags":[],"class_list":["post-117371","post","type-post","status-publish","format-standard","hentry","category-actualite","category-tunisie"],"_links":{"self":[{"href":"https:\/\/linitiative.ca\/International\/wp-json\/wp\/v2\/posts\/117371","targetHints":{"allow":["GET"]}}],"collection":[{"href":"https:\/\/linitiative.ca\/International\/wp-json\/wp\/v2\/posts"}],"about":[{"href":"https:\/\/linitiative.ca\/International\/wp-json\/wp\/v2\/types\/post"}],"author":[{"embeddable":true,"href":"https:\/\/linitiative.ca\/International\/wp-json\/wp\/v2\/users\/1772"}],"replies":[{"embeddable":true,"href":"https:\/\/linitiative.ca\/International\/wp-json\/wp\/v2\/comments?post=117371"}],"version-history":[{"count":0,"href":"https:\/\/linitiative.ca\/International\/wp-json\/wp\/v2\/posts\/117371\/revisions"}],"wp:attachment":[{"href":"https:\/\/linitiative.ca\/International\/wp-json\/wp\/v2\/media?parent=117371"}],"wp:term":[{"taxonomy":"category","embeddable":true,"href":"https:\/\/linitiative.ca\/International\/wp-json\/wp\/v2\/categories?post=117371"},{"taxonomy":"post_tag","embeddable":true,"href":"https:\/\/linitiative.ca\/International\/wp-json\/wp\/v2\/tags?post=117371"}],"curies":[{"name":"wp","href":"https:\/\/api.w.org\/{rel}","templated":true}]}}