{"id":117372,"date":"2021-05-24T13:15:00","date_gmt":"2021-05-24T17:15:00","guid":{"rendered":"https:\/\/linitiative.ca\/International\/amel-jebari-mdini\/"},"modified":"2021-05-24T13:15:00","modified_gmt":"2021-05-24T17:15:00","slug":"amel-jebari-mdini","status":"publish","type":"post","link":"https:\/\/linitiative.ca\/International\/amel-jebari-mdini\/","title":{"rendered":"Amel Jebari Mdini"},"content":{"rendered":"<p>Amel Jebari Mdini, n\u00e9e en avril 1959 \u00e0 l\u2019Ariana, m\u00e8re de 4 enfants.<\/p>\n<p>Elle a eu un cursus universitaire au cycle sup\u00e9rieur \u00e0 l\u2019Ecole Nationale d\u2019Administration \u00e0 Tunis sanctionn\u00e9 par un dipl\u00f4me de troisi\u00e8me cycle en Economie (\u00e9quivalent d\u2019un mast\u00e8re) impliquant rigueur et d\u00e9marche rationnelle.<\/p>\n<p>Apr\u00e8s 35 ans d\u2019exp\u00e9rience dans le secteur public, elle a entam\u00e9 depuis 2020 une nouvelle exp\u00e9rience dans le secteur priv\u00e9 enlan\u00e7ant mon propre projet \u00abAJM CONSULTING\u00bb pour mettre mes connaissances et mon exp\u00e9rience \u00e0 la disposition d\u2019autres entit\u00e9s (les PME surtout).<\/p>\n<p>Elle a le privil\u00e8ge d\u2019avoir une exp\u00e9rience tr\u00e8s diversifi\u00e9e, qui a forg\u00e9 sa personnalit\u00e9. Cette exp\u00e9rience concerne les domaines du contr\u00f4le et de l\u2019audit (contr\u00f4leur g\u00e9n\u00e9ral et chef du contr\u00f4le G\u00e9n\u00e9ral des finances), la gestion (Secr\u00e9taire G\u00e9n\u00e9ral du Minist\u00e8re des Finances, DGA de la Caisse des D\u00e9p\u00f4ts et Consignations (CDC) et Directeur G\u00e9n\u00e9ral de CDC Gestion) et le capital investissement (gestion de fonds d\u2019investissements \u00e0 la CDCG) ce qui lui a permis d\u2019avoir une vision globale des institutions et de l\u2019administration.<\/p>\n<p>Son exp\u00e9rience professionnelle s\u2019est enrichie gr\u00e2ce aux activit\u00e9s suivantes :<\/p>\n<p><span class=\"c2\"><strong>\u2022<\/strong><\/span> La repr\u00e9sentation de l\u2019Etat dans le conseil d\u2019administration de plusieurs entreprises publiques exer\u00e7ants dans diff\u00e9rents secteurs (BH Bank, STB, SODEPS, RNTA, H\u00f4pital Aziza OTHMANA). Actuellement elle est pr\u00e9sidente du Conseil d\u2019Administration de la STB Bank apr\u00e8s avoir \u00e9t\u00e9 pr\u00e9sidente du Conseil d\u2019Administration de la BH Bank.<\/p>\n<p><span class=\"c2\"><strong>\u2022<\/strong><\/span> Enseignement et encadrement des travaux de fin d\u2019\u00e9tude \u00e0 l\u2019ENA ce qui lui a permis de garder le contact avec le milieu de l\u2019enseignement pour une certaine p\u00e9riode.<\/p>\n<p><span class=\"c2\"><strong>\u2022<\/strong><\/span> R\u00e9alisations de missions avec des organismes internationaux ou r\u00e9gionaux comme la Banque Mondiale, le programme Alimentaire Mondial et la ligue Arabe.<\/p>\n<p><span class=\"c3\"><strong>Biographie d\u00e9taill\u00e9<\/strong><\/span><\/p>\n<p><span class=\"c4\"><strong>\u00c9tat civil<\/strong><\/span><\/p>\n<p>Pr\u00e9nom et Nom Amel Jebari ep Mdini<br \/>Nationalit\u00e9 : Tunisienne\u00a0\u00a0\u00a0<br \/>Date et lieu de naissance :12 avril 1959 \u00e0 Tunis \u00a0\u00a0\u00a0<br \/>\u00c9tat Civil : mari\u00e9e\u00a0\u00a0\u00a0<\/p>\n<p><span class=\"c4\"><strong>Exp\u00e9rience professionnelle<\/strong><\/span><\/p>\n<p><span class=\"c5\"><strong>G\u00e9rante soci\u00e9t\u00e9 AJM consulting :25 mars 2020<\/strong><\/span><\/p>\n<p>Assistance aux entreprises dans divers domaines : cr\u00e9ation, organisation, manuel de proc\u00e9dures, lev\u00e9e de fonds, pr\u00e9paration dossiers d\u2019appels d\u2019offres et formation\u2026<\/p>\n<p class=\"c6\"><span class=\"c2\"><strong>\u2022<\/strong><\/span> Mission avec Expertise France sur l\u2019\u00e9valuation de la pr\u00e9paration et de l\u2019ex\u00e9cution du budget Tunisien selon la nouvelle loi organique du budget par objectifs (\u00e9valuation au niveau de 10 minist\u00e8res, identification des pr\u00e9 requis pour le fonctionnement efficace des macro-processus \u00e9laboration et ex\u00e9cution du budget et revue des canevas du PAP et du RAP (d\u00e9cembre 2020-mars 2021).<\/p>\n<p class=\"c6\"><span class=\"c2\"><strong>\u2022<\/strong><\/span> Assistance soci\u00e9t\u00e9 de gestion<\/p>\n<p class=\"c6\"><span class=\"c2\"><strong>\u2022<\/strong><\/span> Mission en cour avec expertise France sur l\u2019\u00e9valuation du contenu des documents de performance (PAP et RAP\u00b0<\/p>\n<p><span class=\"c5\"><strong>Directeur G\u00e9n\u00e9ral par int\u00e9rim de la BH Bank :\u2019juillet \u2013 aout 2019)<\/strong><\/span><\/p>\n<p><span class=\"c5\"><strong>Caisse de D\u00e9p\u00f4ts et Consignations-Gestion : Directeur G\u00e9n\u00e9ral (Mai 2015 \u2013 Avril 2019)<\/strong><\/span><br \/><span class=\"c2\"><strong>\u2022<\/strong><\/span> Gestion de quatre fonds \u00ab fonds de d\u00e9veloppement r\u00e9gional d\u2019un montant de 50MDT \u00bb \u00ab CDC croissance 1 d\u2019un montant de 50 millions de DT \u00bb, \u00ab fonds de d\u00e9veloppement r\u00e9gional 2 d\u2019un montant de 50MDT \u00bb et fonds CDC Amor\u00e7age qui est en phase de lev\u00e9e de fonds :<\/p>\n<p class=\"c6\">&#8211; Pr\u00e9paration de la documentation juridique des Fonds (r\u00e8glement int\u00e9rieur et prospectus.<\/p>\n<p class=\"c6\">&#8211; Lev\u00e9e de fonds aupr\u00e8s des institutionnels publics et priv\u00e9s.<\/p>\n<p class=\"c6\">&#8211; Supervision et suivi de l\u2019\u00e9tude des dossiers d\u2019investissement \u00e0 pr\u00e9senter aux comit\u00e9s, d\u2019investissement, de la documentation juridique n\u00e9cessaire pour la mise en place des projets approuv\u00e9s, et le suivi des entreprises dans le portefeuille<\/p>\n<p><span class=\"c2\"><strong>\u2022<\/strong><\/span> Supervision de la gestion administrative et financi\u00e8re de l\u2019entreprise et des reportings au CMF et aux souscripteurs aux FCPR.<\/p>\n<p><span class=\"c2\"><strong>\u2022<\/strong><\/span> Supervision et contribution active pour:<\/p>\n<p class=\"c6\">&#8211; L\u2019\u00e9laboration des manuels de proc\u00e9dures (m\u00e9tier, support et blanchiment d\u2019argent)<\/p>\n<p class=\"c6\">&#8211; Syst\u00e8me d\u2019information m\u00e9tier<\/p>\n<p class=\"c6\">&#8211; Cartographie des risques<\/p>\n<p class=\"c6\">&#8211; Syst\u00e8me d\u2019\u00e9valuation du personnel<\/p>\n<p><span class=\"c5\"><strong>Caisse de D\u00e9p\u00f4ts et Consignations :<\/strong><\/span> Directeur G\u00e9n\u00e9ral Adjoint (f\u00e9vrier 2012 -avril 2015)<\/p>\n<p><span class=\"c2\"><strong>\u2022<\/strong><\/span> Supervision des activit\u00e9s administratives et financi\u00e8res (gestion des ressources humaines gestion financi\u00e8re, approvisionnement, traitement des questions juridiques \u2026)<br \/><span class=\"c2\"><strong>\u2022<\/strong><\/span> Supervision des activit\u00e9s m\u00e9tiers (Supervision des \u00e9tudes des projets d\u2019investissements et des participations dans les fonds d\u2019investissement et suivi de leurs r\u00e9alisations (Private Equity)\u2026)<\/p>\n<p><span class=\"c5\"><strong>Minist\u00e8re des Finances:<\/strong><\/span> Secr\u00e9taire G\u00e9n\u00e9ral du Minist\u00e8re des Finances (Octobre 2009 \u2013janvier 2012)<\/p>\n<p>Supervision et suivi essentiellement :<\/p>\n<p class=\"c6\"><span class=\"c2\"><strong>\u2022<\/strong><\/span> De la gestion administrative et financi\u00e8re du minist\u00e8re<\/p>\n<p class=\"c6\"><span class=\"c2\"><strong>\u2022<\/strong><\/span> De l\u2019activit\u00e9 des directions techniques (imp\u00f4t comptabilit\u00e9, douane)<\/p>\n<p class=\"c6\"><span class=\"c2\"><strong>\u2022<\/strong><\/span> De la r\u00e9alisation des projets de coop\u00e9ration avec les organismes internationaux<\/p>\n<p><span class=\"c5\"><strong>Contr\u00f4le g\u00e9n\u00e9ral des finances:<\/strong><\/span> Chef du Contr\u00f4le G\u00e9n\u00e9ral des finances (mai 2008 \u2013 septembre 2009).<br \/>Programmation de l\u2019activit\u00e9 de l\u2019institution et supervision et suivi des missions de contr\u00f4le, de suivi et d\u2019\u00e9valuation r\u00e9alis\u00e9es par les \u00e9quipes du CGF<\/p>\n<p><span class=\"c5\"><strong>Haut Comit\u00e9 du Contr\u00f4le Administratif et Financier :<\/strong><\/span> Charg\u00e9e de mission (janvier 2000-septembre 2009)<\/p>\n<p><span class=\"c2\"><strong>\u2022<\/strong><\/span> Mission de coordination et de suivi des travaux de contr\u00f4le r\u00e9alis\u00e9s par les diff\u00e9rentes structures (la cours des comptes, le Contr\u00f4le g\u00e9n\u00e9ral des finances, le Contr\u00f4le g\u00e9n\u00e9ral des services publics, le Contr\u00f4le g\u00e9n\u00e9ral du domaine de l\u2019 Etat et les inspections d\u00e9partementales )<\/p>\n<p><span class=\"c5\"><strong>Contr\u00f4le g\u00e9n\u00e9ral des finances:<\/strong><\/span> Contr\u00f4leur G\u00e9n\u00e9ral des Finances depuis avril 1998 et Contr\u00f4leur des finances (1\u00e8re classe\/ juin 1993, 2\u00e8me classe\/ juin 1989, 3\u00e8me classe\/ juillet 1985):<\/p>\n<p class=\"c6\"><span class=\"c2\"><strong>\u2022<\/strong><\/span> Missions de contr\u00f4le approfondi de la gestion de diverses structures (entreprises publiques, \u00e9tablissements publics, administrations, associations\u2026)<\/p>\n<p class=\"c6\"><span class=\"c2\"><strong>\u2022<\/strong><\/span> Missions d\u2019\u00e9valuation<\/p>\n<p class=\"c6\"><span class=\"c2\"><strong>\u2022<\/strong><\/span> Missions d\u2019audit des comptes des projets financ\u00e9s par des ressources ext\u00e9rieures (Banque Mondiale, BAD\u2026)<\/p>\n<p><span class=\"c4\"><strong>Autres missions<\/strong><\/span><\/p>\n<p><span class=\"c5\"><strong>A l\u2019international<\/strong><\/span><\/p>\n<p class=\"c6\"><span class=\"c2\"><strong>\u2022<\/strong><\/span> Participation en tant que consultant de la Banque Mondiale pour la r\u00e9alisation d\u2019un manuel de contr\u00f4le financier au Minist\u00e8re des finances (Egypte) (2013-2014)<\/p>\n<p class=\"c6\"><span class=\"c2\"><strong>\u2022<\/strong><\/span> Participation \u00e0 l\u2019audit des \u00e9tats financiers de la Ligue arabe (2010)<\/p>\n<p class=\"c6\"><span class=\"c2\"><strong>\u2022<\/strong><\/span> R\u00e9alisation d\u2019une mission \u00e0 Djibouti concernant les corps de contr\u00f4le et la coordination entre eux (mission financ\u00e9e par la Banque Mondiale)<\/p>\n<p><span class=\"c5\"><strong>En Tunisie<\/strong><\/span><\/p>\n<p class=\"c6\"><span class=\"c2\"><strong>\u2022<\/strong><\/span> Chef de projet du jumelage relatif \u00e0 l\u2019administration fiscale avec l\u2019Union Europ\u00e9enne (fin 2009 et 2010) pour la partie tunisienne.<\/p>\n<p class=\"c6\"><span class=\"c2\"><strong>\u2022<\/strong><\/span> Chef de projet relatif au budget par objectifs (Minist\u00e8re des Finances ; 2011-d\u00e9but 2012) pour la partie tunisienne.<\/p>\n<p class=\"c6\"><span class=\"c2\"><strong>\u2022<\/strong><\/span> Chef du projet de simplification des proc\u00e9dures du minist\u00e8re des finances (volets imp\u00f4ts et douane) (2012)<\/p>\n<p class=\"c6\"><span class=\"c2\"><strong>\u2022<\/strong><\/span> Contr\u00f4leur d\u2019\u00e9tat de \u00ab l\u2019Office national de la famille et de la population et de \u00ab l\u2019h\u00f4pital\u00a0 Mongi Slim La Marsa \u00bb<\/p>\n<p class=\"c6\"><span class=\"c2\"><strong>\u2022<\/strong><\/span> Membre repr\u00e9sentant la CDC au conseil d\u2019administration de:<\/p>\n<p class=\"c7\">&#8211; CDC Gestion (depuis 2013)<br \/>&#8211; Syaha capital ( 2014 2016)<\/p>\n<p class=\"c6\"><span class=\"c2\"><strong>\u2022<\/strong><\/span> Membre repr\u00e9sentant la CDC dans les comit\u00e9s d\u2019investissement des fonds d\u2019investissements suivants :<\/p>\n<p class=\"c7\">&#8211; Fonds themar : fonds g\u00e9n\u00e9raliste, islamique (2012- 2018)<\/p>\n<p class=\"c7\">&#8211; Fonds r\u00e9gional : fonds g\u00e9n\u00e9raliste d\u00e9di\u00e9 aux PME dans les zones de d\u00e9veloppement r\u00e9gional<\/p>\n<p class=\"c6\"><span class=\"c2\"><strong>\u2022<\/strong><\/span> Membre repr\u00e9sentant les participants publics au Conseil d\u2019Administration de la BH Bank\u00a0 \u00e0 partir du 16 Avril 2015 jusqu&rsquo;\u00e0 avril 2021, et pr\u00e9sidente du conseil de la m\u00eame banque de d\u00e9cembre 2015 \u00e0 avril 2021.<\/p>\n<p class=\"c6\"><span class=\"c2\"><strong>\u2022<\/strong><\/span> Membre du comit\u00e9 de cr\u00e9dit \u00e0 la BH bank du 16 Avril 2015 au 31-12-2016.<\/p>\n<p class=\"c6\"><span class=\"c2\"><strong>\u2022<\/strong><\/span> Membre du comit\u00e9 d\u2019audit de la BH bank de Janvier 2017 \u00e0 avril 2021.<\/p>\n<p class=\"c6\"><span class=\"c2\"><strong>\u2022<\/strong><\/span> Membre repr\u00e9sentant le Minist\u00e8re des finances au Conseil d\u2019Administration de :<\/p>\n<p class=\"c7\">&#8211; Soci\u00e9t\u00e9 Tunisienne de Banque de mai 2011 \u00e0 fin Mars 2015<\/p>\n<p class=\"c7\">&#8211; SODEPS (juin 2008 \u2013avril 2011)<\/p>\n<p class=\"c7\">&#8211; R\u00e9gie Nationale des Tabacs (mars 2010 \u2013 Mars 2012)<\/p>\n<p class=\"c7\">&#8211; H\u00f4pital Aziza Othmana en 1999<\/p>\n<p class=\"c6\"><span class=\"c2\"><strong>\u2022<\/strong><\/span> Membre du conseil d\u2019administration et du comit\u00e9 d\u2019audit de la STB depuis 2011 jusqu&rsquo;\u00e0 mars 2015.<\/p>\n<p class=\"c6\"><span class=\"c2\"><strong>\u2022<\/strong><\/span> Membre permanent repr\u00e9sentant le Minist\u00e8re des Finances \u00e0 la Chambre de Discipline de l\u2019Ordre des Experts Comptables de Tunisie jusqu&rsquo;\u00e0 janvier 2000<\/p>\n<p class=\"c6\"><span class=\"c2\"><strong>\u2022<\/strong><\/span> Elaboration d\u2019un manuel de proc\u00e9dures cantines scolaire :PAM Tunisie(2020)<\/p>\n<p class=\"c6\"><span class=\"c2\"><strong>\u2022<\/strong><\/span> Chef de file pour l\u2019\u00e9laboration:<\/p>\n<p class=\"c7\">&#8211; Du guide de v\u00e9rification des projets financ\u00e9s par des ressources ext\u00e9rieures (contr\u00f4le g\u00e9n\u00e9ral des finances)<\/p>\n<p class=\"c7\">&#8211; Du guide de gestion administrative et financi\u00e8re des associations<\/p>\n<p class=\"c7\">&#8211; Du guide d\u2019\u00e9valuation pour les corps de contr\u00f4le<\/p>\n<p class=\"c6\"><span class=\"c2\"><strong>\u2022<\/strong><\/span> Participation dans l\u2019\u00e9laboration d\u2019autres guides de contr\u00f4le (ambassade, recettes des finances)<\/p>\n<p class=\"c6\"><span class=\"c2\"><strong>\u2022<\/strong><\/span> Enseignement d\u2019un cours sur l\u2019\u00e9valuation dans le secteur public \u00e0 l\u2019\u00c9cole Nationale d\u2019Administration (2008 ,2009 et 2015)<\/p>\n<p class=\"c6\"><span class=\"c2\"><strong>\u2022<\/strong><\/span> Elaboration d\u2019un manuel de proc\u00e9dure sur le blanchiment d\u2019argent pour une soci\u00e9t\u00e9 de capital investissement (2020).<\/p>\n<p class=\"c6\"><span class=\"c2\"><strong>\u2022<\/strong><\/span> Elaboration d\u2019un cahier des charges pour la mise en place d\u2019un syst\u00e8me d\u2019information pour deux soci\u00e9t\u00e9s de capital investissement (2018 et 2020)<\/p>\n<p><span class=\"c5\"><strong>Activit\u00e9 associative<\/strong><\/span><\/p>\n<p class=\"c6\"><span class=\"c2\"><strong>\u2022<\/strong><\/span> Vice-pr\u00e9sidente de l\u2019ATIC (2017-2019)<\/p>\n<p class=\"c6\"><span class=\"c2\"><strong>\u2022<\/strong><\/span> Pr\u00e9sidente de la commission juridique de l\u2019Atic (contribution active dans l\u2019\u00e9tude des textes relatifs au capital investissement et les lois de finances, pr\u00e9sentations de recommandations pour l\u2019am\u00e9lioration du cadre l\u00e9gislatif et \u00e9laboration d\u2019un manuel sur le blanchiment d\u2019argent adapt\u00e9 \u00e0 l\u2019activit\u00e9 des soci\u00e9t\u00e9s de gestion.<\/p>\n<p class=\"c6\"><span class=\"c2\"><strong>\u2022<\/strong><\/span> Membre du bureau de l\u2019association \u00ab Forum Ibn Khaldoun (think-thank) \u00e0 partir de 2017<\/p>\n<p><span class=\"c4\"><strong>Dipl\u00f4mes<\/strong><\/span><\/p>\n<p class=\"c6\"><span class=\"c2\"><strong>\u2022<\/strong><\/span> Dipl\u00f4me du cycle sup\u00e9rieur de l\u2019\u00c9cole Nationale d\u2019Administration (F\u00e9vrier 1985)<\/p>\n<p class=\"c6\"><span class=\"c2\"><strong>\u2022<\/strong><\/span> Dipl\u00f4me du cycle moyen de l\u2019\u00c9cole Nationale d\u2019Administration (Juin 1982)<\/p>\n<p class=\"c6\"><span class=\"c2\"><strong>\u2022<\/strong><\/span> Baccalaur\u00e9at math-sciences (Juin 1979)<\/p>\n<p><span class=\"c4\"><strong>Autres formations<\/strong><\/span><\/p>\n<p class=\"c6\"><span class=\"c2\"><strong>\u2022<\/strong><\/span> Formation sur divers volets de la gestion bancaire (2020)<\/p>\n<p class=\"c6\"><span class=\"c2\"><strong>\u2022<\/strong><\/span> Formation sur le droit des soci\u00e9t\u00e9s (2019)<\/p>\n<p class=\"c6\"><span class=\"c2\"><strong>\u2022<\/strong><\/span> Formation sur l\u2019\u00e9valuation du risque d\u2019entreprise et le Risk Management (2019)<\/p>\n<p class=\"c6\"><span class=\"c2\"><strong>\u2022<\/strong><\/span> Formation sur les obligations fiscales d\u2019une soci\u00e9t\u00e9 de gestion de FCPR (2018)<\/p>\n<p class=\"c6\"><span class=\"c2\"><strong>\u2022<\/strong><\/span> Formation sur la comptabilit\u00e9 des fonds (2018)<\/p>\n<p class=\"c6\"><span class=\"c2\"><strong>\u2022<\/strong><\/span> Le Forum Annuel commun des Responsables de la Lutte contre le Blanchiment d\u2019Argent et le Financement du Terrorisme (LBA\/FT) en Tunisie et en Palestine (2018)<\/p>\n<p class=\"c6\"><span class=\"c2\"><strong>\u2022<\/strong><\/span> Formation sur les r\u00f4les et responsabilit\u00e9s des cadres repr\u00e9sentants une soci\u00e9t\u00e9 de gestion en tant qu&rsquo;administrateurs et actionnaires dans les soci\u00e9t\u00e9s investies (2018)<\/p>\n<p class=\"c6\"><span class=\"c2\"><strong>\u2022<\/strong><\/span> Formation sur les mesures pratiques pour la lutte contre le blanchiment d&rsquo;argent et le financement du terrorisme adapt\u00e9 aux soci\u00e9t\u00e9s de gestion (2018)<\/p>\n<p class=\"c6\"><span class=\"c2\"><strong>\u2022<\/strong><\/span> Formation sur la base de la communication interpersonnelle la PNL (2017)<\/p>\n<p class=\"c6\"><span class=\"c2\"><strong>\u2022<\/strong><\/span> Formation sur les pactes d&rsquo;actionnaires (2017)<\/p>\n<p class=\"c6\"><span class=\"c2\"><strong>\u2022<\/strong><\/span> Formation sur les op\u00e9rations de capital transmission LBO (2017)<\/p>\n<p class=\"c6\"><span class=\"c2\"><strong>\u2022<\/strong><\/span> Formation sur le Capital Risque Nouveaut\u00e9s en mati\u00e8re de fiscalit\u00e9 et d&rsquo;avantages fiscaux (2017)<\/p>\n<p class=\"c6\"><span class=\"c2\"><strong>\u2022<\/strong><\/span> Formation sur la gestion des produits de taux (2017)<\/p>\n<p class=\"c6\"><span class=\"c2\"><strong>\u2022<\/strong><\/span> Formation sur la Due Diligence financi\u00e8re (2016)<\/p>\n<p class=\"c6\"><span class=\"c2\"><strong>\u2022<\/strong><\/span> Formation sur la gouvernance et la gestion des risques bancaires (2016)<\/p>\n<p class=\"c6\"><span class=\"c2\"><strong>\u2022<\/strong><\/span> Formation sur la restructuration des PME en difficult\u00e9s financi\u00e8res ; Aspects juridiques et financiers (2015)<\/p>\n<p class=\"c6\"><span class=\"c2\"><strong>\u2022<\/strong><\/span> Formation sur la fonction du responsable contr\u00f4le de la conformit\u00e9 et du contr\u00f4le interne (RCCI) dans les fonds d\u2019investissements (2015)<\/p>\n<p class=\"c6\"><span class=\"c2\"><strong>\u2022<\/strong><\/span> Formation sur le cadre juridique du Private Equity (2014)<\/p>\n<p class=\"c6\"><span class=\"c2\"><strong>\u2022<\/strong><\/span> Formation Gestion des risques (2013)<\/p>\n<p class=\"c6\"><span class=\"c2\"><strong>\u2022<\/strong><\/span> Formation sur les m\u00e9thodes pratiques d\u2019\u00e9valuation des entreprises (2013)<\/p>\n<p class=\"c6\"><span class=\"c2\"><strong>\u2022<\/strong><\/span> Formation sur la maitrise de l\u2019analyse financi\u00e8re dans les entreprises (2013)<\/p>\n<p><span class=\"c4\"><strong>Connaissances linguistiques<\/strong><\/span><\/p>\n<p class=\"c6\"><span class=\"c2\"><strong>\u2022<\/strong><\/span> <span class=\"c2\"><strong>Arabe:<\/strong><\/span> tr\u00e8s bon<\/p>\n<p class=\"c6\"><span class=\"c2\"><strong>\u2022<\/strong><\/span> <span class=\"c2\"><strong>Fran\u00e7ais:<\/strong><\/span> tr\u00e8s bon<\/p>\n<p class=\"c6\"><span class=\"c2\"><strong>\u2022<\/strong><\/span> <span class=\"c2\"><strong>Anglais:<\/strong><\/span> moyen<\/p>\n<p>Auteur:<br \/>\n<a href=\"https:\/\/www.leaders.com.tn\/article\/31922-amel-jebari-mdini\">Cliquez ici pour lire l&rsquo;article depuis sa source.<\/a><\/p>\n","protected":false},"excerpt":{"rendered":"<p>Amel Jebari Mdini, n\u00e9e en avril 1959 \u00e0 l\u2019Ariana, m\u00e8re de 4 enfants. Elle a eu un cursus universitaire au cycle sup\u00e9rieur \u00e0 l\u2019Ecole Nationale d\u2019Administration \u00e0 Tunis sanctionn\u00e9 par un dipl\u00f4me de troisi\u00e8me cycle en Economie (\u00e9quivalent d\u2019un mast\u00e8re) impliquant rigueur et d\u00e9marche rationnelle. Apr\u00e8s 35 ans d\u2019exp\u00e9rience dans le secteur public, elle a [&hellip;]<\/p>\n","protected":false},"author":1772,"featured_media":0,"comment_status":"closed","ping_status":"closed","sticky":false,"template":"","format":"standard","meta":{"fifu_image_url":"","fifu_image_alt":"","footnotes":""},"categories":[73,55],"tags":[],"class_list":["post-117372","post","type-post","status-publish","format-standard","hentry","category-actualite","category-tunisie"],"_links":{"self":[{"href":"https:\/\/linitiative.ca\/International\/wp-json\/wp\/v2\/posts\/117372","targetHints":{"allow":["GET"]}}],"collection":[{"href":"https:\/\/linitiative.ca\/International\/wp-json\/wp\/v2\/posts"}],"about":[{"href":"https:\/\/linitiative.ca\/International\/wp-json\/wp\/v2\/types\/post"}],"author":[{"embeddable":true,"href":"https:\/\/linitiative.ca\/International\/wp-json\/wp\/v2\/users\/1772"}],"replies":[{"embeddable":true,"href":"https:\/\/linitiative.ca\/International\/wp-json\/wp\/v2\/comments?post=117372"}],"version-history":[{"count":0,"href":"https:\/\/linitiative.ca\/International\/wp-json\/wp\/v2\/posts\/117372\/revisions"}],"wp:attachment":[{"href":"https:\/\/linitiative.ca\/International\/wp-json\/wp\/v2\/media?parent=117372"}],"wp:term":[{"taxonomy":"category","embeddable":true,"href":"https:\/\/linitiative.ca\/International\/wp-json\/wp\/v2\/categories?post=117372"},{"taxonomy":"post_tag","embeddable":true,"href":"https:\/\/linitiative.ca\/International\/wp-json\/wp\/v2\/tags?post=117372"}],"curies":[{"name":"wp","href":"https:\/\/api.w.org\/{rel}","templated":true}]}}