{"id":117374,"date":"2021-05-25T11:17:00","date_gmt":"2021-05-25T15:17:00","guid":{"rendered":"https:\/\/linitiative.ca\/International\/mohamed-ben-ezzeddine-un-journaliste-talentueux-nous-quitte\/"},"modified":"2021-05-25T11:17:00","modified_gmt":"2021-05-25T15:17:00","slug":"mohamed-ben-ezzeddine-un-journaliste-talentueux-nous-quitte","status":"publish","type":"post","link":"https:\/\/linitiative.ca\/International\/mohamed-ben-ezzeddine-un-journaliste-talentueux-nous-quitte\/","title":{"rendered":"Mohamed Ben Ezzeddine, un journaliste talentueux nous quitte"},"content":{"rendered":"<div readability=\"50\">\n<p>Il a toujours \u00e9t\u00e9 journaliste, d\u2019abord. Rigoureux, pr\u00e9cis, le verbe cisel\u00e9. Mohamed Ben Ezzeddine, ancien PDG de l\u2019Agence Tunis Afrique Presse et de la SNIPE, \u00e9ditrice de La Presse et Assahafa, et directeur de l\u2019Information au minist\u00e8re des Affaires \u00e9trang\u00e8res, vient de nous quitter. Agencier talentueux, sachant \u00eatre rapide, sans n\u00e9gliger le moindre d\u00e9tail, ni tomber dans les biais, il avait gard\u00e9 chevill\u00e9e au corps la passion de sa noble profession. Hiss\u00e9 \u00e0 de grandes charges \u00e0 la t\u00eate de m\u00e9dias publics, comme au sein des Affaires \u00e9trang\u00e8res, Ben Ezzeddine \u00e9tait journaliste, sans se laisser \u00e9tourdir par les apparats du pouvoir. Humble, discret et amical.<\/p>\n<p>Allah Yerhamou!<\/p>\n<p><em>(Photo TAP)<\/em><br \/>\u00a0<\/p>\n<\/div>\n<div readability=\"10.5\">\n<div class=\"col-xs-2 col-sm-2 col-md-1 col-lg-1\"><img decoding=\"async\" src=\"\/images\/front\/img_commentaire.png\" alt=\"\"\/><\/div>\n<div class=\"col-xs-10 col-sm-10 col-md-11 col-lg-11\" readability=\"16\">\n<p><strong>Habib OFAKHRI<\/strong> &#8211; 25-05-2021 16:06<\/p>\n<p>Plus qu&rsquo;un coll\u00e8gue,Ben Ezdine \u00e9tait pour moi un ami,affable et discret. En avance sur son temps,il aspirait \u00e0 une presse pluraliste et lib\u00e9rale alors que de semblants de \u00ab\u00a0journalistes\u00a0\u00bbinf\u00e9od\u00e9s brisaient toute vell\u00e9it\u00e9 de changement au sein de l&rsquo;agence Tap..Que de stigmates&#8230;Le bref passage de Tahar Belkhoja \u00e0 la t\u00eate du d\u00e9partement de l&rsquo;information avait ouvert une br\u00e8che rapidement referm\u00e9e par l&rsquo;ex premier ministre de l&rsquo;\u00e9poque &#8230; Plus tard, les \u00ab\u00a0apparats du pouvoir\u00a0\u00bb ont fait \u00ab\u00a0etournir \u00a0\u00bb plus d&rsquo;un (e).. Qu&rsquo;il repose en paix.<\/p>\n<\/div>\n<\/div>\n<p>Auteur:<br \/>\n<a href=\"https:\/\/www.leaders.com.tn\/article\/31925-mohamed-ben-ezzeddine-un-journaliste-talentueux-nous-quitte\">Cliquez ici pour lire l&rsquo;article depuis sa source.<\/a><\/p>\n","protected":false},"excerpt":{"rendered":"<p>Il a toujours \u00e9t\u00e9 journaliste, d\u2019abord. Rigoureux, pr\u00e9cis, le verbe cisel\u00e9. Mohamed Ben Ezzeddine, ancien PDG de l\u2019Agence Tunis Afrique Presse et de la SNIPE, \u00e9ditrice de La Presse et Assahafa, et directeur de l\u2019Information au minist\u00e8re des Affaires \u00e9trang\u00e8res, vient de nous quitter. Agencier talentueux, sachant \u00eatre rapide, sans n\u00e9gliger le moindre d\u00e9tail, ni [&hellip;]<\/p>\n","protected":false},"author":1772,"featured_media":0,"comment_status":"closed","ping_status":"closed","sticky":false,"template":"","format":"standard","meta":{"fifu_image_url":"\/images\/front\/img_commentaire.png","fifu_image_alt":"Mohamed Ben Ezzeddine, un journaliste talentueux nous quitte","footnotes":""},"categories":[73,55],"tags":[],"class_list":["post-117374","post","type-post","status-publish","format-standard","hentry","category-actualite","category-tunisie"],"_links":{"self":[{"href":"https:\/\/linitiative.ca\/International\/wp-json\/wp\/v2\/posts\/117374","targetHints":{"allow":["GET"]}}],"collection":[{"href":"https:\/\/linitiative.ca\/International\/wp-json\/wp\/v2\/posts"}],"about":[{"href":"https:\/\/linitiative.ca\/International\/wp-json\/wp\/v2\/types\/post"}],"author":[{"embeddable":true,"href":"https:\/\/linitiative.ca\/International\/wp-json\/wp\/v2\/users\/1772"}],"replies":[{"embeddable":true,"href":"https:\/\/linitiative.ca\/International\/wp-json\/wp\/v2\/comments?post=117374"}],"version-history":[{"count":0,"href":"https:\/\/linitiative.ca\/International\/wp-json\/wp\/v2\/posts\/117374\/revisions"}],"wp:attachment":[{"href":"https:\/\/linitiative.ca\/International\/wp-json\/wp\/v2\/media?parent=117374"}],"wp:term":[{"taxonomy":"category","embeddable":true,"href":"https:\/\/linitiative.ca\/International\/wp-json\/wp\/v2\/categories?post=117374"},{"taxonomy":"post_tag","embeddable":true,"href":"https:\/\/linitiative.ca\/International\/wp-json\/wp\/v2\/tags?post=117374"}],"curies":[{"name":"wp","href":"https:\/\/api.w.org\/{rel}","templated":true}]}}