{"id":117380,"date":"2021-05-25T15:08:40","date_gmt":"2021-05-25T19:08:40","guid":{"rendered":"https:\/\/linitiative.ca\/International\/onu-le-lieutenant-general-senegalais-birame-diop-forme-au-maroc-promu-conseiller-militaire\/"},"modified":"2021-05-25T15:08:40","modified_gmt":"2021-05-25T19:08:40","slug":"onu-le-lieutenant-general-senegalais-birame-diop-forme-au-maroc-promu-conseiller-militaire","status":"publish","type":"post","link":"https:\/\/linitiative.ca\/International\/onu-le-lieutenant-general-senegalais-birame-diop-forme-au-maroc-promu-conseiller-militaire\/","title":{"rendered":"ONU : le lieutenant-g\u00e9n\u00e9ral s\u00e9n\u00e9galais Birame Diop form\u00e9 au Maroc promu conseiller militaire"},"content":{"rendered":"<p><strong>Le Secr\u00e9taire g\u00e9n\u00e9ral des Nations unies a nomm\u00e9 le lieutenant-g\u00e9n\u00e9ral Birame Diop du S\u00e9n\u00e9gal en tant que conseiller militaire au D\u00e9partement des op\u00e9rations de paix.<\/strong><\/p>\n<div class=\"c10\">\n<\/div>\n<p>Il succ\u00e8de au lieutenant-g\u00e9n\u00e9ral Carlos Humberto Loitey de l\u2019Uruguay, \u00e0 qui le Secr\u00e9taire g\u00e9n\u00e9ral est reconnaissant de son d\u00e9vouement au service de l\u2019Organisation et de son importante contribution \u00e0 l\u2019avancement des travaux des composantes militaires dans les op\u00e9rations de paix et au renforcement du partenariat avec les troupes des pays contributeurs. Le lieutenant-g\u00e9n\u00e9ral Diop jouit de plus de 30 ans d\u2019exp\u00e9rience militaire, servant actuellement de chef d\u2019\u00e9tat-major de la d\u00e9fense des forces arm\u00e9es s\u00e9n\u00e9galaises.<\/p>\n<p>Il a pr\u00e9c\u00e9demment occup\u00e9 le poste de conseiller \u00e0 la s\u00e9curit\u00e9 nationale aupr\u00e8s du pr\u00e9sident du S\u00e9n\u00e9gal et de chef d\u2019\u00e9tat-major de l\u2019arm\u00e9e de l\u2019air. Il a aussi \u00e9t\u00e9 adjoint et chef des op\u00e9rations a\u00e9riennes \u00e0 la Mission des Nations unies en R\u00e9publique d\u00e9mocratique du Congo (de 2002 \u00e0 2003 et a men\u00e9 une brillante carri\u00e8re dans les forces arm\u00e9es s\u00e9n\u00e9galaises. Il a \u00e9galement \u00e9t\u00e9 d\u00e9tach\u00e9 aupr\u00e8s des organisations non gouvernementales partenaires pour le changement d\u00e9mocratique de 2009 \u00e0 2013.<\/p>\n<p><strong>Lire aussi | <a href=\"https:\/\/www.challenge.ma\/nouveau-kia-sorento-sa-commercialisation-est-effective-185716\/\" target=\"_blank\" rel=\"noreferrer noopener\">Nouveau Kia Sorento : sa commercialisation est effective<\/a><\/strong><\/p>\n<p>Le lieutenant-g\u00e9n\u00e9ral Birame Diop est dipl\u00f4m\u00e9 de l\u2019Ecole royale de l\u2019air de Marrakech et est \u00e9galement titulaire du dipl\u00f4me Air Command and Staff College degree de l\u2019Air University aux USA et d\u2019un War College degree \u00a0de l\u2019Ecole de Guerre-Terre de France. \u00a0<\/p>\n<p>Auteur: challenge<br \/>\n<a href=\"https:\/\/www.challenge.ma\/onu-le-lieutenant-general-senegalais-birame-diop-forme-au-maroc-promu-conseiller-militaire-185722\/\">Cliquez ici pour lire l&rsquo;article depuis sa source.<\/a><\/p>\n","protected":false},"excerpt":{"rendered":"<p>Le Secr\u00e9taire g\u00e9n\u00e9ral des Nations unies a nomm\u00e9 le lieutenant-g\u00e9n\u00e9ral Birame Diop du S\u00e9n\u00e9gal en tant que conseiller militaire au D\u00e9partement des op\u00e9rations de paix. Il succ\u00e8de au lieutenant-g\u00e9n\u00e9ral Carlos Humberto Loitey de l\u2019Uruguay, \u00e0 qui le Secr\u00e9taire g\u00e9n\u00e9ral est reconnaissant de son d\u00e9vouement au service de l\u2019Organisation et de son importante contribution \u00e0 l\u2019avancement [&hellip;]<\/p>\n","protected":false},"author":1787,"featured_media":0,"comment_status":"closed","ping_status":"closed","sticky":false,"template":"","format":"standard","meta":{"fifu_image_url":"","fifu_image_alt":"","footnotes":""},"categories":[78,54],"tags":[],"class_list":["post-117380","post","type-post","status-publish","format-standard","hentry","category-economie","category-maroc"],"_links":{"self":[{"href":"https:\/\/linitiative.ca\/International\/wp-json\/wp\/v2\/posts\/117380","targetHints":{"allow":["GET"]}}],"collection":[{"href":"https:\/\/linitiative.ca\/International\/wp-json\/wp\/v2\/posts"}],"about":[{"href":"https:\/\/linitiative.ca\/International\/wp-json\/wp\/v2\/types\/post"}],"author":[{"embeddable":true,"href":"https:\/\/linitiative.ca\/International\/wp-json\/wp\/v2\/users\/1787"}],"replies":[{"embeddable":true,"href":"https:\/\/linitiative.ca\/International\/wp-json\/wp\/v2\/comments?post=117380"}],"version-history":[{"count":0,"href":"https:\/\/linitiative.ca\/International\/wp-json\/wp\/v2\/posts\/117380\/revisions"}],"wp:attachment":[{"href":"https:\/\/linitiative.ca\/International\/wp-json\/wp\/v2\/media?parent=117380"}],"wp:term":[{"taxonomy":"category","embeddable":true,"href":"https:\/\/linitiative.ca\/International\/wp-json\/wp\/v2\/categories?post=117380"},{"taxonomy":"post_tag","embeddable":true,"href":"https:\/\/linitiative.ca\/International\/wp-json\/wp\/v2\/tags?post=117380"}],"curies":[{"name":"wp","href":"https:\/\/api.w.org\/{rel}","templated":true}]}}