{"id":117381,"date":"2021-05-25T16:37:34","date_gmt":"2021-05-25T20:37:34","guid":{"rendered":"https:\/\/linitiative.ca\/International\/csmd-le-rapport-general-presente-a-s-m-le-roi-document\/"},"modified":"2021-05-25T16:37:34","modified_gmt":"2021-05-25T20:37:34","slug":"csmd-le-rapport-general-presente-a-s-m-le-roi-document","status":"publish","type":"post","link":"https:\/\/linitiative.ca\/International\/csmd-le-rapport-general-presente-a-s-m-le-roi-document\/","title":{"rendered":"CSMD : le rapport g\u00e9n\u00e9ral pr\u00e9sent\u00e9 \u00e0 S.M. le Roi [Document]"},"content":{"rendered":"<p><strong>Voil\u00e0, le \u00ab\u00a0b\u00e9b\u00e9\u00a0\u00bb tant attendu vient de na\u00eetre. Les marocains pourront dor\u00e9navant disposer d\u2019une \u00ab\u00a0boussole\u00a0\u00bb, c\u2019est-\u00e0-dire une vision collectivement construite et partag\u00e9e.<\/strong><\/p>\n<div class=\"c10\">\n<\/div>\n<p>En fait, d\u00e9j\u00e0 des chantiers strat\u00e9giques ont \u00e9t\u00e9 entam\u00e9s au cours des 20 derni\u00e8res ann\u00e9es et ont permis de r\u00e9aliser de grandes infrastructures comme pr\u00e9alable indispensable\u00a0 aux mutations \u00e9conomiques fondamentales. N\u00e9anmoins, comme l\u2019a d\u00e9clar\u00e9 le Souverain, en 2019, les r\u00e9sultats atteints ont faiblement impact\u00e9 positivement le niveau de vie de la majorit\u00e9 de la population, en particulier les cat\u00e9gories sociales vivant dans la pr\u00e9carit\u00e9.Le principal d\u00e9fi est donc de concilier croissance \u00e9conomique et justice sociale, autrement dit rendre inclusive la croissance \u00e9conomique. Pour cela, une Commission sp\u00e9ciale a \u00e9t\u00e9 cr\u00e9\u00e9e par le Souverain, charg\u00e9e de Lui proposer un nouveau mod\u00e8le de d\u00e9veloppement. La Commission mise en place, compos\u00e9e de 35 membres et pr\u00e9sid\u00e9e par Chakib Benmoussa, a imm\u00e9diatement entam\u00e9 ses travaux sur la base d\u2019une approche inclusive et participative. Partis politiques, syndicats, associations, institutions, experts nationaux et internationaux(\u2026), ont \u00e9t\u00e9 impliqu\u00e9s dans le processus de r\u00e9flexion.<\/p>\n<p><strong>Lire aussi | <a href=\"https:\/\/www.challenge.ma\/onu-le-lieutenant-general-senegalais-birame-diop-forme-au-maroc-promu-conseiller-militaire-185722\/\" target=\"_blank\" rel=\"noreferrer noopener\">ONU : le lieutenant-g\u00e9n\u00e9ral s\u00e9n\u00e9galais Birame Diop form\u00e9 au Maroc promu conseiller militaire<\/a><\/strong><\/p>\n<p>Aujourd\u2019hui, presque 18 mois apr\u00e8s la cr\u00e9ation de la Commission, le rapport sur le nouveau mod\u00e8le de d\u00e9veloppement a \u00e9t\u00e9 pr\u00e9sent\u00e9 au Souverain. Le Maroc doit \u00eatre tr\u00e8s fier de ce r\u00e9sultat. Le \u00ab\u00a0nouveau-n\u00e9\u00a0\u00bb, fruit d\u2019une concertation collective, devra permettre aux acteurs politiques, \u00e9conomiques et sociaux, de disposer d\u2019un r\u00e9f\u00e9rentiel commun pour construire ensemble un nouveau Maroc, le Maroc de demain, \u00e9conomiquement dynamique et socialement solidaire.<\/p>\n<p>Auteur: Mohamed Amine<br \/>\n<a href=\"https:\/\/www.challenge.ma\/csmd-le-rapport-general-presente-a-s-m-le-roi-document-185735\/\">Cliquez ici pour lire l&rsquo;article depuis sa source.<\/a><\/p>\n","protected":false},"excerpt":{"rendered":"<p>Voil\u00e0, le \u00ab\u00a0b\u00e9b\u00e9\u00a0\u00bb tant attendu vient de na\u00eetre. Les marocains pourront dor\u00e9navant disposer d\u2019une \u00ab\u00a0boussole\u00a0\u00bb, c\u2019est-\u00e0-dire une vision collectivement construite et partag\u00e9e. En fait, d\u00e9j\u00e0 des chantiers strat\u00e9giques ont \u00e9t\u00e9 entam\u00e9s au cours des 20 derni\u00e8res ann\u00e9es et ont permis de r\u00e9aliser de grandes infrastructures comme pr\u00e9alable indispensable\u00a0 aux mutations \u00e9conomiques fondamentales. N\u00e9anmoins, comme l\u2019a [&hellip;]<\/p>\n","protected":false},"author":1787,"featured_media":0,"comment_status":"closed","ping_status":"closed","sticky":false,"template":"","format":"standard","meta":{"fifu_image_url":"","fifu_image_alt":"","footnotes":""},"categories":[78,54],"tags":[],"class_list":["post-117381","post","type-post","status-publish","format-standard","hentry","category-economie","category-maroc"],"_links":{"self":[{"href":"https:\/\/linitiative.ca\/International\/wp-json\/wp\/v2\/posts\/117381","targetHints":{"allow":["GET"]}}],"collection":[{"href":"https:\/\/linitiative.ca\/International\/wp-json\/wp\/v2\/posts"}],"about":[{"href":"https:\/\/linitiative.ca\/International\/wp-json\/wp\/v2\/types\/post"}],"author":[{"embeddable":true,"href":"https:\/\/linitiative.ca\/International\/wp-json\/wp\/v2\/users\/1787"}],"replies":[{"embeddable":true,"href":"https:\/\/linitiative.ca\/International\/wp-json\/wp\/v2\/comments?post=117381"}],"version-history":[{"count":0,"href":"https:\/\/linitiative.ca\/International\/wp-json\/wp\/v2\/posts\/117381\/revisions"}],"wp:attachment":[{"href":"https:\/\/linitiative.ca\/International\/wp-json\/wp\/v2\/media?parent=117381"}],"wp:term":[{"taxonomy":"category","embeddable":true,"href":"https:\/\/linitiative.ca\/International\/wp-json\/wp\/v2\/categories?post=117381"},{"taxonomy":"post_tag","embeddable":true,"href":"https:\/\/linitiative.ca\/International\/wp-json\/wp\/v2\/tags?post=117381"}],"curies":[{"name":"wp","href":"https:\/\/api.w.org\/{rel}","templated":true}]}}