{"id":117383,"date":"2021-05-25T16:42:57","date_gmt":"2021-05-25T20:42:57","guid":{"rendered":"https:\/\/linitiative.ca\/International\/monde-des-etudiants-tunisiens-qui-nont-pas-pu-rentrer-en-russie-lambassade-de-tunisie-a-moscou-explique\/"},"modified":"2021-05-25T16:42:57","modified_gmt":"2021-05-25T20:42:57","slug":"monde-des-etudiants-tunisiens-qui-nont-pas-pu-rentrer-en-russie-lambassade-de-tunisie-a-moscou-explique","status":"publish","type":"post","link":"https:\/\/linitiative.ca\/International\/monde-des-etudiants-tunisiens-qui-nont-pas-pu-rentrer-en-russie-lambassade-de-tunisie-a-moscou-explique\/","title":{"rendered":"Monde: Des \u00e9tudiants tunisiens qui n\u2019ont pas pu rentrer en Russie, l\u2019ambassade de Tunisie \u00e0 Moscou explique"},"content":{"rendered":"<div class=\"post-cont-in left relative\">\n<div id=\"post-info-wrap\" class=\"left relative post-info-out\">\n<div class=\"post-info-img left relative\"><img decoding=\"async\" alt=\"\" src=\"https:\/\/secure.gravatar.com\/avatar\/ea481d7287ad38ca1787f44b5bb1b70e?s=50&amp;d=mm&amp;r=g\" srcset=\"https:\/\/secure.gravatar.com\/avatar\/ea481d7287ad38ca1787f44b5bb1b70e?s=100&amp;d=mm&amp;r=g 2x\" class=\"avatar avatar-50 photo\" height=\"50\" width=\"50\" loading=\"lazy\"\/><\/div>\n<div class=\"post-info-in\">\n<div class=\"post-info-right left relative post-info-name left relative\"><span><span class=\"post-info-text\">Par<\/span> <span class=\"author-name vcard fn author\"><a href=\"https:\/\/www.tunisienumerique.com\/author\/rania-ben-slimane\/\" title=\"Articles par rania ben slimane\" rel=\"author\">rania ben slimane<\/a><\/span><\/span> <span class=\"post-date updated\"><time class=\"post-date updated\" datetime=\"2021-05-25\">\u00a0| Il y a 29 secondes<\/time><\/span><br \/>\n<meta itemprop=\"dateModified\" content=\"2021-05-25\"\/><\/div>\n<div class=\"left relative\"><button id=\"listenButton1\" class=\"responsivevoice-button\" type=\"button\" value=\"Play\" title=\"\u00c9coutez l'article\"><span>\ud83d\udd0a \u00c9coutez l&rsquo;article<\/span><\/button>\n<\/div>\n<\/div>\n<\/div>\n<p>L\u2019ambassade de Tunisie \u00e0 Moscou a pr\u00e9cis\u00e9 dans un communiqu\u00e9 rendu public ce mardi 25 mai 2021, qu\u2019elle suit de pr\u00e8s la situation des \u00e9tudiants tunisiens qui sont rentr\u00e9s en\u00a0 Tunisie dans le cadre des voyages d\u2019\u00e9vacuation lors de la premi\u00e8re vague de la pand\u00e9mie de la Covid-19 l\u2019ann\u00e9e derni\u00e8re et qu\u2019ils n\u2019ont pas pu retourner en Russie.<\/p>\n<div class=\"code-block code-block-1 c4\">\n <ins class=\"adsbygoogle c3\" data-ad-layout=\"in-article\" data-ad-format=\"fluid\" data-ad-client=\"ca-pub-2102118777505746\" data-ad-slot=\"7301775417\"\/>\n<\/div>\n<p>Elle a confirm\u00e9 que, contrairement \u00e0 ce qui circule parmi certains \u00e9tudiants ou activistes suivant cette affaire, les autorit\u00e9s tunisiennes, dirig\u00e9es par le minist\u00e8re des Affaires \u00e9trang\u00e8res, de l\u2019Immigration et des Tunisiens \u00e0 l\u2019\u00e9tranger ainsi que l\u2019ambassade de la R\u00e9publique Tunisienne \u00e0 Moscou, accordent une attention particuli\u00e8re \u00e0 cette question et comprend toutes les difficult\u00e9s que traversent les \u00e9tudiants \u00e0 diff\u00e9rents niveaux et disciplines scientifiques.<\/p>\n<p>Indiquant que gr\u00e2ce aux efforts d\u00e9ploy\u00e9s, il \u00e9tait pr\u00e9vu d\u2019ouvrir les fronti\u00e8res avec la Tunisie, comme quelques autres pays, ce mois-ci, mais la situation \u00e9pid\u00e9miologique et le rythme de la campagne de vaccination en Tunisie ont emp\u00each\u00e9 le r\u00e9sultat escompt\u00e9.<\/p>\n<p>L\u2019ambassade a, en outre, appel\u00e9 tous les \u00e9tudiants tunisiens \u00e0 faire preuve de sagesse et de retenue dans l\u2019attente de la r\u00e9ouverture des fronti\u00e8res, comme leurs coll\u00e8gues d\u2019autres nationalit\u00e9s, en parall\u00e8le avec la poursuite des efforts tunisiens afin de surmonter les difficult\u00e9s qu\u2019ils rencontrent et de maintenir le long entretenir des relations amicales avec ce pays ami et les int\u00e9r\u00eats communs des citoyens des deux pays.<\/p>\n<p>Elle a \u00e9galement affirm\u00e9 que les donn\u00e9es contenues dans cette clarification seront mises \u00e0 jour p\u00e9riodiquement pour informer les \u00e9tudiants de toutes les actualit\u00e9s.<\/p>\n<div class=\"swp_social_panel swp_horizontal_panel swp_flat_fresh swp_default_full_color swp_individual_full_color swp_other_full_color scale-100 scale-\" data-min-width=\"1100\" data-float-color=\"#ffffff\" data-float=\"bottom\" data-float-mobile=\"bottom\" data-transition=\"slide\">\n<div class=\"nc_tweetContainer swp_share_button total_shares total_sharesalt\"><span class=\"swp_count\">0 <span class=\"swp_label\">Partages<\/span><\/span><\/div>\n<\/div>\n<p><strong>Que se passe-t-il en Tunisie?<\/strong><br \/>Nous expliquons sur notre <a href=\"https:\/\/www.youtube.com\/channel\/UCRzypVq0B_yBad5eGrwBx0Q?sub_confirmation=1\" target=\"_blank\" rel=\"noopener\">cha\u00eene YouTube<\/a> . <a href=\"https:\/\/www.youtube.com\/channel\/UCRzypVq0B_yBad5eGrwBx0Q?sub_confirmation=1\" target=\"_blank\" rel=\"noopener\">Abonnez-vous!<\/a><\/p>\n<div class=\"mvp-org-wrap\" itemprop=\"publisher\">\n<div class=\"mvp-org-logo\" itemprop=\"logo\"><img decoding=\"async\" src=\"https:\/\/www.tunisienumerique.com\/wp-content\/uploads\/2017\/02\/logo_tunisie_numerique.png\"\/><br \/>\n<meta itemprop=\"url\" content=\"https:\/\/www.tunisienumerique.com\/wp-content\/uploads\/2017\/02\/logo_tunisie_numerique.png\"\/><\/div>\n<p><meta content=\"Tunisie\"\/><\/div>\n<div class=\"mvp-related-posts left relative\">\n<h4 class=\"post-header\"><span class=\"post-header\">Lire aussi<\/span><\/h4>\n<\/div>\n<div id=\"article-ad\">\n <ins class=\"adsbygoogle c5\" data-ad-client=\"ca-pub-2102118777505746\" data-ad-slot=\"6513972734\" data-ad-format=\"auto\" data-full-width-responsive=\"true\"\/>\n<\/div>\n<\/div>\n<div id=\"post-sidebar-wrap\">\n <ins class=\"adsbygoogle c5\" data-ad-client=\"ca-pub-2102118777505746\" data-ad-slot=\"6168283410\" data-ad-format=\"auto\" data-full-width-responsive=\"true\"\/>\n<\/div>\n<p>Auteur: rania ben slimane<br \/>\n<a href=\"https:\/\/www.tunisienumerique.com\/monde-des-etudiants-tunisiens-qui-nont-pas-pu-rentrer-en-russie-lambassade-de-tunisie-a-moscou-explique\/\">Cliquez ici pour lire l&rsquo;article depuis sa source.<\/a><\/p>\n","protected":false},"excerpt":{"rendered":"<p>Par rania ben slimane \u00a0| Il y a 29 secondes \ud83d\udd0a \u00c9coutez l&rsquo;article L\u2019ambassade de Tunisie \u00e0 Moscou a pr\u00e9cis\u00e9 dans un communiqu\u00e9 rendu public ce mardi 25 mai 2021, qu\u2019elle suit de pr\u00e8s la situation des \u00e9tudiants tunisiens qui sont rentr\u00e9s en\u00a0 Tunisie dans le cadre des voyages d\u2019\u00e9vacuation lors de la premi\u00e8re vague [&hellip;]<\/p>\n","protected":false},"author":1789,"featured_media":0,"comment_status":"closed","ping_status":"closed","sticky":false,"template":"","format":"standard","meta":{"fifu_image_url":"https:\/\/secure.gravatar.com\/avatar\/ea481d7287ad38ca1787f44b5bb1b70e?s=50&d=mm&r=g","fifu_image_alt":"Monde: Des \u00e9tudiants tunisiens qui n\u2019ont pas pu rentrer en Russie, l\u2019ambassade de Tunisie \u00e0 Moscou explique","footnotes":""},"categories":[73,55],"tags":[],"class_list":["post-117383","post","type-post","status-publish","format-standard","hentry","category-actualite","category-tunisie"],"_links":{"self":[{"href":"https:\/\/linitiative.ca\/International\/wp-json\/wp\/v2\/posts\/117383","targetHints":{"allow":["GET"]}}],"collection":[{"href":"https:\/\/linitiative.ca\/International\/wp-json\/wp\/v2\/posts"}],"about":[{"href":"https:\/\/linitiative.ca\/International\/wp-json\/wp\/v2\/types\/post"}],"author":[{"embeddable":true,"href":"https:\/\/linitiative.ca\/International\/wp-json\/wp\/v2\/users\/1789"}],"replies":[{"embeddable":true,"href":"https:\/\/linitiative.ca\/International\/wp-json\/wp\/v2\/comments?post=117383"}],"version-history":[{"count":0,"href":"https:\/\/linitiative.ca\/International\/wp-json\/wp\/v2\/posts\/117383\/revisions"}],"wp:attachment":[{"href":"https:\/\/linitiative.ca\/International\/wp-json\/wp\/v2\/media?parent=117383"}],"wp:term":[{"taxonomy":"category","embeddable":true,"href":"https:\/\/linitiative.ca\/International\/wp-json\/wp\/v2\/categories?post=117383"},{"taxonomy":"post_tag","embeddable":true,"href":"https:\/\/linitiative.ca\/International\/wp-json\/wp\/v2\/tags?post=117383"}],"curies":[{"name":"wp","href":"https:\/\/api.w.org\/{rel}","templated":true}]}}