{"id":117384,"date":"2021-05-25T17:01:58","date_gmt":"2021-05-25T21:01:58","guid":{"rendered":"https:\/\/linitiative.ca\/International\/mesure-de-confinement-abusive-des-tunisiens-lancent-un-appel-au-prefet-de-la-ville-de-paris\/"},"modified":"2021-05-25T17:01:58","modified_gmt":"2021-05-25T21:01:58","slug":"mesure-de-confinement-abusive-des-tunisiens-lancent-un-appel-au-prefet-de-la-ville-de-paris","status":"publish","type":"post","link":"https:\/\/linitiative.ca\/International\/mesure-de-confinement-abusive-des-tunisiens-lancent-un-appel-au-prefet-de-la-ville-de-paris\/","title":{"rendered":"Mesure de confinement abusive\u00a0: Des tunisiens lancent un appel au pr\u00e9fet de la ville de Paris"},"content":{"rendered":"<div class=\"post-cont-in left relative\">\n<div id=\"post-info-wrap\" class=\"left relative post-info-out\">\n<div class=\"post-info-img left relative\"><img decoding=\"async\" alt=\"\" src=\"https:\/\/secure.gravatar.com\/avatar\/047123be9d5e8513774383916ee72db2?s=50&amp;d=mm&amp;r=g\" srcset=\"https:\/\/secure.gravatar.com\/avatar\/047123be9d5e8513774383916ee72db2?s=100&amp;d=mm&amp;r=g 2x\" class=\"avatar avatar-50 photo\" height=\"50\" width=\"50\" loading=\"lazy\"\/><\/div>\n<div class=\"post-info-in\">\n<div class=\"post-info-right left relative post-info-name left relative\"><span><span class=\"post-info-text\">Par<\/span> <span class=\"author-name vcard fn author\"><a href=\"https:\/\/www.tunisienumerique.com\/author\/lm\/\" title=\"Articles par LM\" rel=\"author\">LM<\/a><\/span><\/span> <span class=\"post-date updated\"><time class=\"post-date updated\" datetime=\"2021-05-25\">\u00a0| Il y a 7 minutes<\/time><\/span><br \/>\n<meta itemprop=\"dateModified\" content=\"2021-05-25\"\/><\/div>\n<div class=\"left relative\"><button id=\"listenButton1\" class=\"responsivevoice-button\" type=\"button\" value=\"Play\" title=\"\u00c9coutez l'article\"><span>\ud83d\udd0a \u00c9coutez l&rsquo;article<\/span><\/button>\n<\/div>\n<\/div>\n<\/div>\n<p>TunisieNumerique vient d\u2019apprendre \u00e0 travers ses lecteurs qu\u2019une fois arriv\u00e9s \u00e0 l\u2019a\u00e9roport Charles de Gaulle, les passagers du vol Air France AF1284 Du lundi 24 Mai 2021 reliant Tunis \u00e0 Paris ont \u00e9t\u00e9, non seulement soumis \u00e0 un Test Antig\u00e9nique \u00e0 lecture rapide, mais surtout soumis et sans exception \u00e0 une quarantaine obligatoire de 10 jours, y compris pour les M\u00e9decins exer\u00e7ant en France, non soumis normalement \u00e0 une quarantaine, et \u00e9galement pour les passagers ayant une vaccination compl\u00e8te et ayant un test PCR Covid 19 n\u00e9gatif. Une mesure surprise pour bon nombre de ces passagers puisque la Tunisie ne figure pas sur la liste des pays soumis \u00e0 une quarantaine obligatoire (Arr\u00eat\u00e9 du 14 Mai 2021 et publi\u00e9 sur le journal officiel) et consultable sur le site de gouvernement.fr<\/p>\n<div class=\"code-block code-block-1 c4\">\n <ins class=\"adsbygoogle c3\" data-ad-layout=\"in-article\" data-ad-format=\"fluid\" data-ad-client=\"ca-pub-2102118777505746\" data-ad-slot=\"7301775417\"\/>\n<\/div>\n<p>Les passagers ont \u00e9t\u00e9 contact\u00e9s ce matin par la CPAM pour leur expliquer que les fonctionnaires de police de l\u2019a\u00e9roport CDG ayant appliqu\u00e9 cet arr\u00eat\u00e9 pr\u00e9fectoral, ont confondu la Tunisie et le Qatar dont les passagers sont, effectivement, soumis \u00e0 une quarantaine, et qu\u2019il \u00e9tait impossible de lever leur d\u00e9cision de quarantaine sans d\u00e9cision pr\u00e9fectorale.<\/p>\n<p>Tous les passagers de ce vol sont \u00e0 cette heure encore soumis \u00e0 une quarantaine sans la possibilit\u00e9 de sortir, mise \u00e0 part entre 10 heures et 12 heures sous peine d\u2019une amende de 1000 euros major\u00e9e \u00e0 1300 euros. Pire encore, certains passagers ont \u00e9t\u00e9 r\u00e9veill\u00e9s ce matin \u00e0 7 heures par des agents de police pour v\u00e9rifier qu\u2019ils \u00e9taient bien chez eux.<\/p>\n<p>Ces voyageurs, qui n\u2019ont aucune raison de rester en confinement, surtout les m\u00e9decins exer\u00e7ant en France, lancent \u00e0 travers TunisieNumerique, un appel aux autorit\u00e9s Fran\u00e7aises comp\u00e9tentes, et en particulier au Pr\u00e9fet de Police de la ville de Paris, Mr Didier Lallement, pour casser cet arr\u00eat\u00e9 appliqu\u00e9 par erreur aux passagers en provenance de la Tunisie.<\/p>\n<p>TunisieNumerique se joint \u00e0 ces compatriotes, et demande aux autorit\u00e9s fran\u00e7aises de bien vouloir corriger l\u2019erreur, et lever le tort occasionn\u00e9 \u00e0 ces tunisiens qui sont en France, pour y travailler et rendre de fiers services aux fran\u00e7ais\u00a0!<\/p>\n<div class=\"swp_social_panel swp_horizontal_panel swp_flat_fresh swp_default_full_color swp_individual_full_color swp_other_full_color scale-100 scale-\" data-min-width=\"1100\" data-float-color=\"#ffffff\" data-float=\"bottom\" data-float-mobile=\"bottom\" data-transition=\"slide\">\n<div class=\"nc_tweetContainer swp_share_button total_shares total_sharesalt\"><span class=\"swp_count\">0 <span class=\"swp_label\">Partages<\/span><\/span><\/div>\n<\/div>\n<p><strong>Que se passe-t-il en Tunisie?<\/strong><br \/>Nous expliquons sur notre <a href=\"https:\/\/www.youtube.com\/channel\/UCRzypVq0B_yBad5eGrwBx0Q?sub_confirmation=1\" target=\"_blank\" rel=\"noopener\">cha\u00eene YouTube<\/a> . <a href=\"https:\/\/www.youtube.com\/channel\/UCRzypVq0B_yBad5eGrwBx0Q?sub_confirmation=1\" target=\"_blank\" rel=\"noopener\">Abonnez-vous!<\/a><\/p>\n<div class=\"mvp-org-wrap\" itemprop=\"publisher\">\n<div class=\"mvp-org-logo\" itemprop=\"logo\"><img decoding=\"async\" src=\"https:\/\/www.tunisienumerique.com\/wp-content\/uploads\/2017\/02\/logo_tunisie_numerique.png\"\/><br \/>\n<meta itemprop=\"url\" content=\"https:\/\/www.tunisienumerique.com\/wp-content\/uploads\/2017\/02\/logo_tunisie_numerique.png\"\/><\/div>\n<p><meta content=\"Tunisie\"\/><\/div>\n<div class=\"mvp-related-posts left relative\">\n<h4 class=\"post-header\"><span class=\"post-header\">Lire aussi<\/span><\/h4>\n<\/div>\n<div id=\"article-ad\">\n <ins class=\"adsbygoogle c5\" data-ad-client=\"ca-pub-2102118777505746\" data-ad-slot=\"6513972734\" data-ad-format=\"auto\" data-full-width-responsive=\"true\"\/>\n<\/div>\n<\/div>\n<div id=\"post-sidebar-wrap\">\n <ins class=\"adsbygoogle c5\" data-ad-client=\"ca-pub-2102118777505746\" data-ad-slot=\"6168283410\" data-ad-format=\"auto\" data-full-width-responsive=\"true\"\/>\n<\/div>\n<p>Auteur: LM<br \/>\n<a href=\"https:\/\/www.tunisienumerique.com\/mesure-de-confinement-abusive-des-tunisiens-lancent-un-appel-au-prefet-de-la-ville-de-paris\/\">Cliquez ici pour lire l&rsquo;article depuis sa source.<\/a><\/p>\n","protected":false},"excerpt":{"rendered":"<p>Par LM \u00a0| Il y a 7 minutes \ud83d\udd0a \u00c9coutez l&rsquo;article TunisieNumerique vient d\u2019apprendre \u00e0 travers ses lecteurs qu\u2019une fois arriv\u00e9s \u00e0 l\u2019a\u00e9roport Charles de Gaulle, les passagers du vol Air France AF1284 Du lundi 24 Mai 2021 reliant Tunis \u00e0 Paris ont \u00e9t\u00e9, non seulement soumis \u00e0 un Test Antig\u00e9nique \u00e0 lecture rapide, mais [&hellip;]<\/p>\n","protected":false},"author":1789,"featured_media":0,"comment_status":"closed","ping_status":"closed","sticky":false,"template":"","format":"standard","meta":{"fifu_image_url":"https:\/\/secure.gravatar.com\/avatar\/047123be9d5e8513774383916ee72db2?s=50&d=mm&r=g","fifu_image_alt":"Mesure de confinement abusive\u00a0: Des tunisiens lancent un appel au pr\u00e9fet de la ville de Paris","footnotes":""},"categories":[73,55],"tags":[],"class_list":["post-117384","post","type-post","status-publish","format-standard","hentry","category-actualite","category-tunisie"],"_links":{"self":[{"href":"https:\/\/linitiative.ca\/International\/wp-json\/wp\/v2\/posts\/117384","targetHints":{"allow":["GET"]}}],"collection":[{"href":"https:\/\/linitiative.ca\/International\/wp-json\/wp\/v2\/posts"}],"about":[{"href":"https:\/\/linitiative.ca\/International\/wp-json\/wp\/v2\/types\/post"}],"author":[{"embeddable":true,"href":"https:\/\/linitiative.ca\/International\/wp-json\/wp\/v2\/users\/1789"}],"replies":[{"embeddable":true,"href":"https:\/\/linitiative.ca\/International\/wp-json\/wp\/v2\/comments?post=117384"}],"version-history":[{"count":0,"href":"https:\/\/linitiative.ca\/International\/wp-json\/wp\/v2\/posts\/117384\/revisions"}],"wp:attachment":[{"href":"https:\/\/linitiative.ca\/International\/wp-json\/wp\/v2\/media?parent=117384"}],"wp:term":[{"taxonomy":"category","embeddable":true,"href":"https:\/\/linitiative.ca\/International\/wp-json\/wp\/v2\/categories?post=117384"},{"taxonomy":"post_tag","embeddable":true,"href":"https:\/\/linitiative.ca\/International\/wp-json\/wp\/v2\/tags?post=117384"}],"curies":[{"name":"wp","href":"https:\/\/api.w.org\/{rel}","templated":true}]}}