{"id":117387,"date":"2021-05-25T15:24:05","date_gmt":"2021-05-25T19:24:05","guid":{"rendered":"https:\/\/linitiative.ca\/International\/destabilisation-de-la-transition-au-mali\/"},"modified":"2021-05-25T15:24:05","modified_gmt":"2021-05-25T19:24:05","slug":"destabilisation-de-la-transition-au-mali","status":"publish","type":"post","link":"https:\/\/linitiative.ca\/International\/destabilisation-de-la-transition-au-mali\/","title":{"rendered":"DESTABILISATION DE LA TRANSITION AU MALI"},"content":{"rendered":"<p class=\"c4\"><em>On connaissait Tombouctou, Gao, Djenn\u00e9, Mopti,\u2026qui sont autant de villes du Mali, c\u00e9l\u00e8bres par la force de leur histoire et l\u2019attrait de leurs sites touristiques. D\u00e9sormais, il y a aussi Kati, ville garnison situ\u00e9e \u00e0 quelques encablures de la capitale Bamako, qui est en passe d\u2019\u00eatre pour le Mali, une v\u00e9ritable gangr\u00e8ne dont il a du mal \u00e0 gu\u00e9rir. Ce Kati-l\u00e0 est en train d\u2019entrer dans l\u2019histoire comme un centre de fabrique de putschistes, d\u2019o\u00f9 partent tous les mauvais coups contre la R\u00e9publique. Le dernier en date est celui du 24 mai dernier, qui s\u2019est traduit par l\u2019embastillement des autorit\u00e9s civiles de la Transition que sont le pr\u00e9sident Bah N\u2019Daw et son Premier ministre (PM) Moctar Ouane, suite au remaniement minist\u00e9riel qui a vu l\u2019\u00e9viction, du gouvernement, de certains membres influents de la junte \u00e0 l\u2019origine du coup d\u2019Etat du 18 ao\u00fbt 2020, qui a renvers\u00e9 le pr\u00e9sident Ibrahim Boubacar K\u00e9ita (IBK). Dans la foul\u00e9e, Assimi Go\u00efta, le \u00ab\u00a0mal-nomm\u00e9\u00a0\u00bb vice-pr\u00e9sident malgr\u00e9 lui de la Transition, qui aurait fait tra\u00eener manu militari par ses hommes, le pr\u00e9sident Bah N\u2019Daw et son PM dans son bureau, a annonc\u00e9, le 25 mai dernier, par voie de communiqu\u00e9, les \u00a0avoir \u00ab\u00a0plac\u00e9s hors de leurs pr\u00e9rogatives\u00a0\u00bb.<\/em><\/p>\n<p class=\"c4\"><em>\u00a0<\/em><\/p>\n<p class=\"c6\"><strong><em>C\u2019est un retour \u00e0 la case d\u00e9part qui n\u2019honore pas le Mali<\/em><\/strong><\/p>\n<p class=\"c6\"><strong><em>\u00a0<\/em><\/strong><\/p>\n<p class=\"c4\"><em>\u00a0<\/em><\/p>\n<p class=\"c4\"><em>\u00a0<\/em><em>Une volont\u00e9 de mise \u00e0 l\u2019\u00e9cart qui pr\u00e9cise les intentions des tombeurs de IBK, et dont on se demande sur quoi elle va d\u00e9boucher. La question est d\u2019autant plus fond\u00e9e qu\u2019elle interroge en m\u00eame temps sur l\u2019avenir de la Transition. Que va-t-il se passer, au moment o\u00f9 la communaut\u00e9 internationale est dans une logique de condamnation ferme et unanime de ce coup de ba\u00efonnette plant\u00e9 par les militaires dans le flanc de la Transition au Mali\u00a0? Ira-t-on vers une remise en selle des dirigeants de la Transition pour la mener \u00e0 bon port comme il en a \u00e9t\u00e9 au Burkina\u00a0? Ou bien cette sortie des militaires scelle-t-elle d\u00e9finitivement le sort du pr\u00e9sident Bah N\u2019Daw et de son Premier ministre Moctar Ouane\u00a0? Dans ces conditions, comment les militaires comptent-ils s\u2019y prendre pour \u00e9viter d\u2019\u00eatre juridiquement rattrap\u00e9s par les textes si la d\u00e9mission du pr\u00e9sident de la Transition n\u2019est pas act\u00e9e\u00a0? Autant de questions qui ne devraient pas tarder \u00e0 trouver des r\u00e9ponses avec le d\u00e9placement du m\u00e9diateur de la CEDEAO, Goodluck Jonathan, qui \u00e9tait attendu \u00a0\u00e0 Bamako, hier, dans l\u2019apr\u00e8s-midi. En attendant, c\u2019est un retour \u00e0 la case d\u00e9part qui n\u2019honore pas le Mali mais qui a l\u2019avantage de clarifier la situation. En effet, Assimi Go\u00efta et ses camarades ont tomb\u00e9 le masque. Ils ont apport\u00e9 la preuve manifeste qu\u2019ils ne sont pas l\u00e0 pour le Mali, mais pour leurs int\u00e9r\u00eats bassement \u00e9go\u00efstes. Pour des gens qui se d\u00e9fendaient de toutes vell\u00e9it\u00e9s pouvoiristes, ils ont fini par apporter la preuve qu\u2019ils ne sont pas des officiers \u00e0 la parole d\u2019honneur, et qu\u2019ils ne sont pas mieux que des soldats d\u2019op\u00e9rette venus non pas pour d\u00e9fendre la R\u00e9publique, mais pour se goinfrer aux frais de la princesse. C\u2019est \u00e0 se demander s\u2019ils sont conscients que c\u2019est d\u2019abord et avant tout, les sacrifices du contribuable malien qui les entretient et que c\u2019est \u00e0 ce titre qu\u2019on leur demande de mouiller le kaki pour les Maliens.\u00a0<\/em><\/p>\n<p class=\"c4\"><em>\u00a0<\/em><\/p>\n<p class=\"c6\"><strong><em>La communaut\u00e9 internationale doit faire preuve de fermet\u00e9<\/em><\/strong><\/p>\n<p class=\"c6\"><strong><em>\u00a0<\/em><\/strong><\/p>\n<p class=\"c4\"><em>\u00a0<\/em><\/p>\n<p class=\"c4\"><em>En d\u2019autres termes, ce qu\u2019on demande \u00e0 Assimi Go\u00efta et ses camarades, ce n\u2019est pas de g\u00e9rer le Mali, mais d\u2019assurer la s\u00e9curit\u00e9 des Maliens et la s\u00e9curit\u00e9 de leurs biens, en commen\u00e7ant par \u00a0s\u2019illustrer vaillamment sur le th\u00e9\u00e2tre de la lutte contre le terrorisme. Mais, si c\u2019est le pr\u00e9c\u00e9dent tchadien qui leur fait pousser des ailes, alors ils ont tout faux car, sans les absoudre \u00e0 bons comptes, les\u00a0 militaires tchadiens, au moins, ont fait la preuve qu\u2019ils savent casser du djihadiste. Ce qui est loin d\u2019\u00eatre leur cas. Maintenant qu\u2019ils ont os\u00e9 franchir le\u2026 Djoliba au moment o\u00f9 la Transition malienne peinait \u00e0 trouver son \u00e9quilibre, Assimi Go\u00efta et ses camarades ont, aux yeux des Maliens et aux yeux de la communaut\u00e9 internationale, perdu tout cr\u00e9dit pour continuer \u00e0 conduire la Transition. Pire, ils sont la honte de l\u2019arm\u00e9e malienne, si vuln\u00e9rable et si f\u00e9brile face aux terroristes, mais si forte et si prompte \u00e0 prendre en otage la R\u00e9publique dans une lutte impudique pour le pouvoir. Et avec ce qu\u2019ils viennent de poser comme acte, rien ne dit qu\u2019ils tiendront parole quand ils cherchent \u00e0 rassurer sur la tenue des \u00e9lections en 2022. C\u2019est pourquoi la communaut\u00e9 internationale doit faire preuve de fermet\u00e9 en \u00e9cartant d\u00e9finitivement les militaires de la conduite de la Transition. Cette communaut\u00e9 internationale doit envisager de dures sanctions voire l\u2019isolement \u00e0 tous les niveaux, aussi bien \u00e9conomique, politique que diplomatique. Car, une transition bancale comme c\u2019est le cas aujourd\u2019hui, ne peut conduire qu\u2019\u00e0 des \u00e9lections bancales et fauss\u00e9es, avec les cons\u00e9quences qui en d\u00e9couleront de source. Et si Assimi Go\u00efta et ses camarades ne sont pas pr\u00eats \u00e0 rentrer dans les rangs, qu\u2019ils assument enti\u00e8rement leurs actes et leurs cons\u00e9quences au lieu de chercher \u00e0 instrumentaliser la Transition pour parvenir \u00e0 leurs fins.\u00a0<\/em> <em>En tout \u00e9tat de cause, la Transition malienne doit continuer, m\u00eame s\u2019il se pose la question de savoir si elle peut encore tenir la route. Mais il appartient surtout \u00e0 la communaut\u00e9 internationale de trouver la formule pour la remettre sur les rails. Sous quelle forme\u00a0? On attend de voir.<\/em><\/p>\n<p class=\"c4\"><em>\u00a0<\/em><\/p>\n<p class=\"c6\"><strong><em>\u00a0\u00ab\u00a0Le Pays\u00a0\u00bb<\/em><\/strong><\/p>\n<p class=\"c4\"><em>\u00a0<\/em><\/p>\n<p>Auteur: Editions LEPAYS<br \/>\n<a href=\"https:\/\/lepays.bf\/destabilisation-de-la-transition-au-mali\/\">Cliquez ici pour lire l&rsquo;article depuis sa source.<\/a><\/p>\n","protected":false},"excerpt":{"rendered":"<p>On connaissait Tombouctou, Gao, Djenn\u00e9, Mopti,\u2026qui sont autant de villes du Mali, c\u00e9l\u00e8bres par la force de leur histoire et l\u2019attrait de leurs sites touristiques. D\u00e9sormais, il y a aussi Kati, ville garnison situ\u00e9e \u00e0 quelques encablures de la capitale Bamako, qui est en passe d\u2019\u00eatre pour le Mali, une v\u00e9ritable gangr\u00e8ne dont il a [&hellip;]<\/p>\n","protected":false},"author":1813,"featured_media":0,"comment_status":"closed","ping_status":"closed","sticky":false,"template":"","format":"standard","meta":{"fifu_image_url":"","fifu_image_alt":"","footnotes":""},"categories":[73,81],"tags":[],"class_list":["post-117387","post","type-post","status-publish","format-standard","hentry","category-actualite","category-burkina-faso"],"_links":{"self":[{"href":"https:\/\/linitiative.ca\/International\/wp-json\/wp\/v2\/posts\/117387","targetHints":{"allow":["GET"]}}],"collection":[{"href":"https:\/\/linitiative.ca\/International\/wp-json\/wp\/v2\/posts"}],"about":[{"href":"https:\/\/linitiative.ca\/International\/wp-json\/wp\/v2\/types\/post"}],"author":[{"embeddable":true,"href":"https:\/\/linitiative.ca\/International\/wp-json\/wp\/v2\/users\/1813"}],"replies":[{"embeddable":true,"href":"https:\/\/linitiative.ca\/International\/wp-json\/wp\/v2\/comments?post=117387"}],"version-history":[{"count":0,"href":"https:\/\/linitiative.ca\/International\/wp-json\/wp\/v2\/posts\/117387\/revisions"}],"wp:attachment":[{"href":"https:\/\/linitiative.ca\/International\/wp-json\/wp\/v2\/media?parent=117387"}],"wp:term":[{"taxonomy":"category","embeddable":true,"href":"https:\/\/linitiative.ca\/International\/wp-json\/wp\/v2\/categories?post=117387"},{"taxonomy":"post_tag","embeddable":true,"href":"https:\/\/linitiative.ca\/International\/wp-json\/wp\/v2\/tags?post=117387"}],"curies":[{"name":"wp","href":"https:\/\/api.w.org\/{rel}","templated":true}]}}