{"id":117392,"date":"2021-05-25T17:44:02","date_gmt":"2021-05-25T21:44:02","guid":{"rendered":"https:\/\/linitiative.ca\/International\/crise-au-mali-l-attention-soutenue-de-luemoa\/"},"modified":"2021-05-25T17:44:02","modified_gmt":"2021-05-25T21:44:02","slug":"crise-au-mali-l-attention-soutenue-de-luemoa","status":"publish","type":"post","link":"https:\/\/linitiative.ca\/International\/crise-au-mali-l-attention-soutenue-de-luemoa\/","title":{"rendered":"Crise au Mali : l\u2019\u00ab attention soutenue \u00bb  de l\u2019UEMOA"},"content":{"rendered":"<div class=\"td-post-featured-image\"><a href=\"https:\/\/www.sidwaya.info\/wp-content\/uploads\/2021\/05\/1-41.jpg\" data-caption=\"\"><img loading=\"lazy\" decoding=\"async\" width=\"595\" height=\"397\" class=\"entry-thumb td-modal-image\" src=\"https:\/\/www.sidwaya.info\/wp-content\/uploads\/2021\/05\/1-41.jpg\" srcset=\"https:\/\/www.sidwaya.info\/wp-content\/uploads\/2021\/05\/1-41.jpg 595w, https:\/\/www.sidwaya.info\/wp-content\/uploads\/2021\/05\/1-41-300x200.jpg 300w, https:\/\/www.sidwaya.info\/wp-content\/uploads\/2021\/05\/1-41-150x100.jpg 150w\" sizes=\"auto, (max-width: 595px) 100vw, 595px\" alt=\"\" title=\"1\"\/><\/a><\/div>\n<p><strong>Le nouveau pr\u00e9sident de la commission de l\u2019UEMOA, Abdoulaye Diop, a discut\u00e9 des chantiers prioritaires de l\u2019organisation, avec le pr\u00e9sident en exercice de la conf\u00e9rence des chefs d\u2019Etat et de gouvernement, le chef de l\u2019Etat, Roch Marc Christian Kabor\u00e9, le mardi 25 mai 2021.<\/strong><\/p>\n<p>Quinze jours apr\u00e8s sa prestation de serment marquant son entr\u00e9e en fonction en tant que pr\u00e9sident de la commission de l\u2019Union \u00e9conomique et mon\u00e9taire ouest africaine (UEMOA), Abdoulaye Diop, est all\u00e9 recueillir les orientations et les priorit\u00e9s du pr\u00e9sident en exercice de la conf\u00e9rence des chefs d\u2019Etat et de gouvernement, le chef de l\u2019Etat, Roch Marc Christian Kabor\u00e9, hier mardi 25 mai 2021. \u00ab Les priorit\u00e9s au niveau de la commission de l\u2019UEMOA sont assez nombreuses \u00e0 l\u2019image de celles des Etats membres dans les diff\u00e9rents domaines tels que l\u2019\u00e9conomie et l\u2019environnement. Mais le pr\u00e9sident de la conf\u00e9rence des chefs d\u2019Etat et de gouvernement a particuli\u00e8rement insist\u00e9 sur la libre circulation des personnes dans l\u2019espace \u00bb, a confi\u00e9 M. Diop, \u00e0 sa sortie d\u2019audience.<\/p>\n<p>Un chantier que le pr\u00e9sident de la commission s\u2019est engag\u00e9 \u00e0 travailler \u00e0 concr\u00e9tiser avec le concours des autres commissaires et collaborateurs. M. Diop a relev\u00e9 que la libre circulation des personnes, des biens et services constitue la caract\u00e9ristique fondamentale d\u2019une Union \u00e9conomique et mon\u00e9taire \u00e0 l\u2019image de celle de la r\u00e9gion ouest africaine. La r\u00e9silience des pays membres de l\u2019UEMOA face \u00e0 la pand\u00e9mie de la COVID-19 repr\u00e9sente une autre priorit\u00e9 sur laquelle, le pr\u00e9sident en exercice de l\u2019organe supr\u00eame de l\u2019UEMOA a instruit le pr\u00e9sident de l\u2019organe d\u2019ex\u00e9cution de s\u2019investir. \u00ab Il a \u00e9t\u00e9 d\u00e9cid\u00e9 \u00e0 la conf\u00e9rence des chefs d\u2019Etat et de gouvernement du 25 mars 2021 d\u2019harmoniser le prix des tests COVID-19. Cela est effectif seulement dans certains Etats. Il s\u2019agit pour la commission, de faire en sorte que tous les Etats appliquent le taux de 25 000FCFA qui a \u00e9t\u00e9 fix\u00e9 \u00bb, a r\u00e9v\u00e9l\u00e9 M. Diop. A l\u2019issue de l\u2019audience de prestation de serment, le 10 mai 2021, le pr\u00e9sident de la commission avait d\u00e9clar\u00e9, que les d\u00e9fis que la commission doit relever concernent la recherche de moyens pour la relance \u00e9conomique, les questions de lutte contre la pauvret\u00e9 et de l\u2019emploi des jeunes, la poursuite des programmes et projets en cours, la mobilisation des ressources propres et celles des partenaires, entre autres. A cela, s\u2019ajoutent les priorit\u00e9s dict\u00e9es par le pr\u00e9sident Kabor\u00e9.<\/p>\n<p>Concernant la crise au sein de l\u2019appareil d\u2019Etat en cours au Mali, l\u2019un des Etats membres de l\u2019UEMOA, le pr\u00e9sident de la commission a d\u00e9clar\u00e9 qu\u2019il s\u2019agit d\u2019une actualit\u00e9 que le pr\u00e9sident Kabor\u00e9, en sa qualit\u00e9 de pr\u00e9sident de la conf\u00e9rence des chefs d\u2019Etat et de gouvernement et lui, suivent avec une attention soutenue. L\u2019UEMOA regroupe huit Etats membres, \u00e0 savoir le B\u00e9nin, le Burkina Faso, la C\u00f4te d\u2019Ivoire, la Guin\u00e9e Bissau, le Mali, le Niger, le S\u00e9n\u00e9gal, le Togo qui ont en partage le franc CFA et sont tous situ\u00e9s en Afrique de l\u2019ouest. En vue de l\u2019accomplissement de sa mission, la r\u00e9alisation de l\u2019int\u00e9gration \u00e9conomique des \u00c9tats membres, plusieurs organes avec des r\u00f4les compl\u00e9mentaires ont \u00e9t\u00e9 mises en place. La conf\u00e9rence des chefs d\u2019Etat et de gouvernement en est l\u2019organe supr\u00eame, charg\u00e9 de d\u00e9finir les grandes orientations de la politique de l\u2019Union. La commission, pour sa part, est un organe ex\u00e9cutif. Elle exerce, en vue du bon fonctionnement et de l\u2019int\u00e9r\u00eat g\u00e9n\u00e9ral de l\u2019Union, les pouvoirs propres que lui conf\u00e8re le Trait\u00e9, sign\u00e9 le 10 janvier 1994.<\/p>\n<p class=\"c1\"><strong>Nad\u00e8ge YE<\/strong><\/p>\n<div class=\"td-a-rec td-a-rec-id-content_bottom tdi_33_fad td_block_template_1\">\n<p><img loading=\"lazy\" decoding=\"async\" class=\"aligncenter size-full wp-image-27454\" src=\"https:\/\/www.sidwaya.info\/wp-content\/uploads\/2020\/10\/PUB-Bandeau-paiement-mobile-siteweb.jpg\" alt=\"\" width=\"728\" height=\"90\"\/><\/div>\n<p>Auteur: BM. Sidwaya<br \/>\n<a href=\"https:\/\/www.sidwaya.info\/blog\/2021\/05\/25\/crise-au-mali-l-attention-soutenue-de-luemoa\/\">Cliquez ici pour lire l&rsquo;article depuis sa source.<\/a><\/p>\n","protected":false},"excerpt":{"rendered":"<p>Le nouveau pr\u00e9sident de la commission de l\u2019UEMOA, Abdoulaye Diop, a discut\u00e9 des chantiers prioritaires de l\u2019organisation, avec le pr\u00e9sident en exercice de la conf\u00e9rence des chefs d\u2019Etat et de gouvernement, le chef de l\u2019Etat, Roch Marc Christian Kabor\u00e9, le mardi 25 mai 2021. Quinze jours apr\u00e8s sa prestation de serment marquant son entr\u00e9e en [&hellip;]<\/p>\n","protected":false},"author":1816,"featured_media":0,"comment_status":"closed","ping_status":"closed","sticky":false,"template":"","format":"standard","meta":{"fifu_image_url":"https:\/\/www.sidwaya.info\/wp-content\/uploads\/2021\/05\/1-41.jpg","fifu_image_alt":"Crise au Mali : l\u2019\u00ab attention soutenue \u00bb  de l\u2019UEMOA","footnotes":""},"categories":[73,81],"tags":[],"class_list":["post-117392","post","type-post","status-publish","format-standard","hentry","category-actualite","category-burkina-faso"],"_links":{"self":[{"href":"https:\/\/linitiative.ca\/International\/wp-json\/wp\/v2\/posts\/117392","targetHints":{"allow":["GET"]}}],"collection":[{"href":"https:\/\/linitiative.ca\/International\/wp-json\/wp\/v2\/posts"}],"about":[{"href":"https:\/\/linitiative.ca\/International\/wp-json\/wp\/v2\/types\/post"}],"author":[{"embeddable":true,"href":"https:\/\/linitiative.ca\/International\/wp-json\/wp\/v2\/users\/1816"}],"replies":[{"embeddable":true,"href":"https:\/\/linitiative.ca\/International\/wp-json\/wp\/v2\/comments?post=117392"}],"version-history":[{"count":0,"href":"https:\/\/linitiative.ca\/International\/wp-json\/wp\/v2\/posts\/117392\/revisions"}],"wp:attachment":[{"href":"https:\/\/linitiative.ca\/International\/wp-json\/wp\/v2\/media?parent=117392"}],"wp:term":[{"taxonomy":"category","embeddable":true,"href":"https:\/\/linitiative.ca\/International\/wp-json\/wp\/v2\/categories?post=117392"},{"taxonomy":"post_tag","embeddable":true,"href":"https:\/\/linitiative.ca\/International\/wp-json\/wp\/v2\/tags?post=117392"}],"curies":[{"name":"wp","href":"https:\/\/api.w.org\/{rel}","templated":true}]}}