{"id":117393,"date":"2021-05-25T13:18:03","date_gmt":"2021-05-25T17:18:03","guid":{"rendered":"https:\/\/linitiative.ca\/International\/senegal-publication-de-la-liste-daliou-cisse\/"},"modified":"2021-05-25T13:18:03","modified_gmt":"2021-05-25T17:18:03","slug":"senegal-publication-de-la-liste-daliou-cisse","status":"publish","type":"post","link":"https:\/\/linitiative.ca\/International\/senegal-publication-de-la-liste-daliou-cisse\/","title":{"rendered":"S\u00e9n\u00e9gal : publication de la liste d\u2019Aliou Ciss\u00e9"},"content":{"rendered":"<div readability=\"32\">\n<p>Publi\u00e9 le 25.05.2021 \u00e0 18h18 par APA News<\/p>\n<\/div>\n<div readability=\"116\">\n<p>Le s\u00e9lectionneur de l\u2019\u00e9quipe nationale de football a appel\u00e9, ce mardi 25 mai, vingt-six joueurs pour disputer deux rencontres amicales.Pour les 5e et 6e journ\u00e9es des \u00e9liminatoires de la prochaine Coupe d\u2019Afrique des nations, Aliou Ciss\u00e9 avait publi\u00e9 une liste \u00e9largie de 31 joueurs pour pallier certaines absences dues \u00e0 des blessures ou \u00e0 des contraintes administratives.<\/p>\n<p>Ainsi Abdallah Sima (Slavia Prague, R\u00e9publique tch\u00e8que) et Mamadou Fall (Charleroi, Belgique) ont notamment \u00e9t\u00e9 appel\u00e9s en renfort. Les deux attaquants ont m\u00eame pu honorer leur premi\u00e8re s\u00e9lection face \u00e0 eSwatini (1-1).<\/p>\n<p>Bingourou Camara, Ousseynou B\u00e2, Franck Kanout\u00e9, Youssouph Badji, Mbaye Diagne et Mame Baba Thiam avaient particip\u00e9 au rassemblement de mars dernier en faisant partie de la liste initiale.<\/p>\n<p>Mais ces internationaux seront absents pour les matchs amicaux contre la Zambie (5 juin) et Cabo Verde (8 juin) pr\u00e9vus au stade Lat Dior de Thi\u00e8s (70 kilom\u00e8tres \u00e0 l\u2019est de Dakar). Cette fois-ci, il y a 26 convocations. Pas une de plus.<\/p>\n<p>Liste du S\u00e9n\u00e9gal :<\/p>\n<p>Gardiens (4) : Alfred Gomis (Rennes, France), Pape Seydou Ndiaye (Jaraaf, S\u00e9n\u00e9gal), Seyni Dieng (Queens Park Rangers, Angleterre) et Edouard Mendy (Chelsea FC, Angleterre).<\/p>\n<p>D\u00e9fenseurs (9) : Fod\u00e9 Ballo Tour\u00e9 (AS Monaco, France), Lamine Gassama (G\u00f6ztepe Spor Kul\u00fcb\u00fc, Turquie), Youssouf Sabaly (Bordeaux, France), Cheikhou Kouyat\u00e9 (Crystal Palace, Angleterre), Kalidou Koulibaly (Naples, Italie), Abdoulaye Seck (Royal Antwerp, Belgique), Pape Abou Ciss\u00e9 (Saint-Etienne, France), Saliou Ciss (AS Nancy, France) et Abdou Diallo (Paris Saint-Germain, France).<\/p>\n<p>Milieux (6) : Kr\u00e9pin Diatta (AS Monaco, France), Pape Matar Sarr (FC Metz, France), Idrissa Gana Gu\u00e8ye (Paris Saint-Germain, France), Moustapha Name (Paris FC, France), Nampalys Mendy (Leicester City, Angleterre) et Joseph Lopy (FC Sochaux, France).<\/p>\n<p>Attaquants (7) : Diao Ke\u00efta Bald\u00e9 (Sampdoria, Italie), Habib Diallo (Strasbourg, France), Sadio Man\u00e9 (Liverpool, Angleterre), Isma\u00efla Sarr (Watford, Angleterre), Famara Di\u00e9dhiou (Bristol City, Angleterre), Boulaye Dia (Reims, France) et Sada Thioub (SCO Angers, France).<\/p>\n<\/div>\n<p>Auteur: APA News<br \/>\n<a href=\"https:\/\/www.journalducameroun.com\/senegal-publication-de-la-liste-daliou-cisse\/\">Cliquez ici pour lire l&rsquo;article depuis sa source.<\/a><\/p>\n","protected":false},"excerpt":{"rendered":"<p>Publi\u00e9 le 25.05.2021 \u00e0 18h18 par APA News Le s\u00e9lectionneur de l\u2019\u00e9quipe nationale de football a appel\u00e9, ce mardi 25 mai, vingt-six joueurs pour disputer deux rencontres amicales.Pour les 5e et 6e journ\u00e9es des \u00e9liminatoires de la prochaine Coupe d\u2019Afrique des nations, Aliou Ciss\u00e9 avait publi\u00e9 une liste \u00e9largie de 31 joueurs pour pallier certaines [&hellip;]<\/p>\n","protected":false},"author":1965,"featured_media":0,"comment_status":"closed","ping_status":"closed","sticky":false,"template":"","format":"standard","meta":{"fifu_image_url":"","fifu_image_alt":"","footnotes":""},"categories":[73,82],"tags":[],"class_list":["post-117393","post","type-post","status-publish","format-standard","hentry","category-actualite","category-cameroun"],"_links":{"self":[{"href":"https:\/\/linitiative.ca\/International\/wp-json\/wp\/v2\/posts\/117393","targetHints":{"allow":["GET"]}}],"collection":[{"href":"https:\/\/linitiative.ca\/International\/wp-json\/wp\/v2\/posts"}],"about":[{"href":"https:\/\/linitiative.ca\/International\/wp-json\/wp\/v2\/types\/post"}],"author":[{"embeddable":true,"href":"https:\/\/linitiative.ca\/International\/wp-json\/wp\/v2\/users\/1965"}],"replies":[{"embeddable":true,"href":"https:\/\/linitiative.ca\/International\/wp-json\/wp\/v2\/comments?post=117393"}],"version-history":[{"count":0,"href":"https:\/\/linitiative.ca\/International\/wp-json\/wp\/v2\/posts\/117393\/revisions"}],"wp:attachment":[{"href":"https:\/\/linitiative.ca\/International\/wp-json\/wp\/v2\/media?parent=117393"}],"wp:term":[{"taxonomy":"category","embeddable":true,"href":"https:\/\/linitiative.ca\/International\/wp-json\/wp\/v2\/categories?post=117393"},{"taxonomy":"post_tag","embeddable":true,"href":"https:\/\/linitiative.ca\/International\/wp-json\/wp\/v2\/tags?post=117393"}],"curies":[{"name":"wp","href":"https:\/\/api.w.org\/{rel}","templated":true}]}}