{"id":117394,"date":"2021-05-25T15:18:01","date_gmt":"2021-05-25T19:18:01","guid":{"rendered":"https:\/\/linitiative.ca\/International\/senegal-pour-une-hausse-du-budget-dinvestissement-de-leducation\/"},"modified":"2021-05-25T15:18:01","modified_gmt":"2021-05-25T19:18:01","slug":"senegal-pour-une-hausse-du-budget-dinvestissement-de-leducation","status":"publish","type":"post","link":"https:\/\/linitiative.ca\/International\/senegal-pour-une-hausse-du-budget-dinvestissement-de-leducation\/","title":{"rendered":"S\u00e9n\u00e9gal : pour une hausse du budget d\u2019investissement de l\u2019\u00e9ducation"},"content":{"rendered":"<div readability=\"32\">\n<p>Publi\u00e9 le 25.05.2021 \u00e0 20h18 par APA News<\/p>\n<\/div>\n<div readability=\"102\">\n<p>Ces trois derni\u00e8res ann\u00e9es, le budget consacr\u00e9 \u00e0 l\u2019investissement dans l\u2019\u00e9ducation au S\u00e9n\u00e9gal ne cesse de baisser, a constat\u00e9 Cheikh Mbow.Le Directeur ex\u00e9cutif de la Coalition des organisations en synergie pour la d\u00e9fense de l\u2019\u00e9ducation publique (Cosydep) a plaid\u00e9 ainsi pour l\u2019inversement de la tendance afin de mettre fin aux difficult\u00e9s de l\u2019\u00e9cole s\u00e9n\u00e9galaise.<\/p>\n<p>\u00ab Chaque ann\u00e9e, on finance de moins en moins l\u2019investissement dans l\u2019\u00e9ducation. Pourtant, c\u2019est l\u2019investissement qui garantit un environnement appropri\u00e9 de l\u2019\u00e9ducation \u00bb, a dit Cheikh Mbow, mardi \u00e0 Dakar, lors d\u2019un forum cl\u00f4turant la Semaine mondiale d\u2019action pour l\u2019\u00e9ducation (SMAE).<\/p>\n<p>Selon lui, en 2021, le budget de l\u2019\u00e9ducation nationale est de 541,211 milliards de francs CFA, repartis en budget de fonctionnement pour 518,606 milliards et d\u2019investissement \u00e0 hauteur de 22,605 milliards.<\/p>\n<p>\u00ab Contrairement aux ann\u00e9es pr\u00e9c\u00e9dentes, le budget d\u2019investissement a connu une baisse durant les trois derni\u00e8res p\u00e9riodes. De 50,356 milliards en 2019, il est pass\u00e9 \u00e0 38,519 milliards en 2020 avant de chuter \u00e0 un niveau relativement faible de 22,605 milliards \u00bb, a indiqu\u00e9 le Directeur ex\u00e9cutif de la Cosydep.<\/p>\n<p>Partant de l\u00e0, il a soulign\u00e9 que la question de la priorisation du secteur de l\u2019\u00e9ducation et de la formation se pose avec une plus grande acuit\u00e9 si l\u2019on admet que la r\u00e9ponse aux objectifs de diversification, d\u2019am\u00e9lioration de l\u2019environnement scolaire et de r\u00e9silience du syst\u00e8me, passe par conforter les d\u00e9penses publiques d\u2019investissement, de mani\u00e8re consid\u00e9rable.<\/p>\n<p>A propos des difficult\u00e9s de r\u00e9silience du syst\u00e8me \u00e9ducatif s\u00e9n\u00e9galais, Cheikh Mbow a d\u00e9plor\u00e9 la r\u00e9currence de la probl\u00e9matique de l\u2019eau, de l\u2019assainissement et de la s\u00e9curit\u00e9 dans les \u00e9coles.<\/p>\n<p>\u00ab Au total,\u00a0a-t-il r\u00e9v\u00e9l\u00e9, 40% des \u00e9coles ne disposent pas de latrines, 2\/3 parmi elles n\u2019ont pas d\u2019eau potable et une \u00e9cole sur deux n\u2019a pas de s\u00e9curit\u00e9 \u00bb.<\/p>\n<p>La Semaine Mondiale d\u2019Action pour l\u2019Education (SMAE) est l\u2019un des principaux points de convergence du mouvement de la soci\u00e9t\u00e9 civile. Elle offre aux Coalitions nationales \u00e9ducation (CNE) l\u2019occasion de d\u00e9ployer des efforts cibl\u00e9s pour r\u00e9aliser des changements sur le terrain.<\/p>\n<p>Sous l\u2019\u00e9gide de la Campagne Mondiale pour l\u2019Education (CME), la SMAE vise \u00e0 attirer l\u2019attention des pouvoirs publics et autres partenaires sur l\u2019imp\u00e9ratif d\u2019offrir \u00e0 chaque enfant une \u00e9ducation publique de qualit\u00e9.<\/p>\n<p>Cette ann\u00e9e, la SMAE est ax\u00e9e autour du th\u00e8me : \u00ab Augmentation du financement de l\u2019\u00e9ducation pour un syst\u00e8me \u00e9ducatif public r\u00e9silient pendant et post covid-19\u00a0\u00bb.<\/p>\n<\/div>\n<p>Auteur: APA News<br \/>\n<a href=\"https:\/\/www.journalducameroun.com\/senegal-pour-une-hausse-du-budget-dinvestissement-de-leducation\/\">Cliquez ici pour lire l&rsquo;article depuis sa source.<\/a><\/p>\n","protected":false},"excerpt":{"rendered":"<p>Publi\u00e9 le 25.05.2021 \u00e0 20h18 par APA News Ces trois derni\u00e8res ann\u00e9es, le budget consacr\u00e9 \u00e0 l\u2019investissement dans l\u2019\u00e9ducation au S\u00e9n\u00e9gal ne cesse de baisser, a constat\u00e9 Cheikh Mbow.Le Directeur ex\u00e9cutif de la Coalition des organisations en synergie pour la d\u00e9fense de l\u2019\u00e9ducation publique (Cosydep) a plaid\u00e9 ainsi pour l\u2019inversement de la tendance afin de [&hellip;]<\/p>\n","protected":false},"author":1965,"featured_media":0,"comment_status":"closed","ping_status":"closed","sticky":false,"template":"","format":"standard","meta":{"fifu_image_url":"","fifu_image_alt":"","footnotes":""},"categories":[73,82],"tags":[],"class_list":["post-117394","post","type-post","status-publish","format-standard","hentry","category-actualite","category-cameroun"],"_links":{"self":[{"href":"https:\/\/linitiative.ca\/International\/wp-json\/wp\/v2\/posts\/117394","targetHints":{"allow":["GET"]}}],"collection":[{"href":"https:\/\/linitiative.ca\/International\/wp-json\/wp\/v2\/posts"}],"about":[{"href":"https:\/\/linitiative.ca\/International\/wp-json\/wp\/v2\/types\/post"}],"author":[{"embeddable":true,"href":"https:\/\/linitiative.ca\/International\/wp-json\/wp\/v2\/users\/1965"}],"replies":[{"embeddable":true,"href":"https:\/\/linitiative.ca\/International\/wp-json\/wp\/v2\/comments?post=117394"}],"version-history":[{"count":0,"href":"https:\/\/linitiative.ca\/International\/wp-json\/wp\/v2\/posts\/117394\/revisions"}],"wp:attachment":[{"href":"https:\/\/linitiative.ca\/International\/wp-json\/wp\/v2\/media?parent=117394"}],"wp:term":[{"taxonomy":"category","embeddable":true,"href":"https:\/\/linitiative.ca\/International\/wp-json\/wp\/v2\/categories?post=117394"},{"taxonomy":"post_tag","embeddable":true,"href":"https:\/\/linitiative.ca\/International\/wp-json\/wp\/v2\/tags?post=117394"}],"curies":[{"name":"wp","href":"https:\/\/api.w.org\/{rel}","templated":true}]}}