{"id":117395,"date":"2021-05-25T17:18:02","date_gmt":"2021-05-25T21:18:02","guid":{"rendered":"https:\/\/linitiative.ca\/International\/la-cote-divoire-lance-des-reflexions-autour-dune-gestion-integree-de-ses-frontieres-jeudi\/"},"modified":"2021-05-25T17:18:02","modified_gmt":"2021-05-25T21:18:02","slug":"la-cote-divoire-lance-des-reflexions-autour-dune-gestion-integree-de-ses-frontieres-jeudi","status":"publish","type":"post","link":"https:\/\/linitiative.ca\/International\/la-cote-divoire-lance-des-reflexions-autour-dune-gestion-integree-de-ses-frontieres-jeudi\/","title":{"rendered":"La C\u00f4te d\u2019Ivoire lance des r\u00e9flexions autour d\u2019une gestion int\u00e9gr\u00e9e de ses fronti\u00e8res jeudi"},"content":{"rendered":"<div readability=\"32\">\n<p>Publi\u00e9 le 25.05.2021 \u00e0 22h18 par APA News<\/p>\n<\/div>\n<div readability=\"88\">\n<p>La C\u00f4te d\u2019Ivoire lance les travaux d\u2019\u00e9laboration d\u2019une politique nationale de gestion int\u00e9gr\u00e9e de ses fronti\u00e8res, jeudi, sous les auspices du Premier ministre, Patrick Achi.<\/p>\n<p>Ces travaux qui d\u00e9marrent, jeudi, sont pilot\u00e9s par le secr\u00e9tariat ex\u00e9cutif de la Commission nationale des fronti\u00e8res de C\u00f4te d\u2019Ivoire (CNFCI) dirig\u00e9 par\u00a0Diakalidia Konat\u00e9.\u00a0<\/p>\n<p>A travers cette c\u00e9r\u00e9monie, il s\u2019agira d\u2019installer officiellement le Comit\u00e9 technique\u00a0charg\u00e9 de\u00a0l\u2019\u00e9laboration des politique\u00a0et Strat\u00e9gie\u00a0nationales\u00a0des fronti\u00e8res.\u00a0<\/p>\n<p>Un\u00a0cabinet international a \u00e9t\u00e9 recrut\u00e9 pour accompagner\u00a0le\u00a0comit\u00e9 technique dans sa t\u00e2che. A cette occasion, les missions du Comit\u00e9 technique seront\u00a0d\u00e9finies ainsi que la m\u00e9thodologie de travail.<\/p>\n<p>La C\u00f4te d\u2019Ivoire, \u00e0 l\u2019instar des autres pays membres de l\u2019Union Africaine, s\u2019est engag\u00e9e dans un processus d\u2019\u00e9laboration d\u2019une politique nationale de gestion int\u00e9gr\u00e9e de ses espaces frontaliers.<\/p>\n<p>Le pays veut disposer d\u2019un cadre de pilotage strat\u00e9gique et op\u00e9rationnel en vue d\u2019une s\u00e9curisation optimale de ses fronti\u00e8res et contrer les actes terroristes. \u00a0<\/p>\n<p>Le Premier ministre, selon le texte, est le pr\u00e9sident de la CNFCI. La c\u00e9r\u00e9monie intervient apr\u00e8s la signature le 13 novembre 2020 d\u2019un arr\u00eat\u00e9 portant cr\u00e9ation d\u2019un Comit\u00e9 Technique en charge de l\u2019\u00e9laboration des politique et strat\u00e9gie nationales de gestion des fronti\u00e8res. \u00a0<\/p>\n<p>Ce comit\u00e9 technique est compos\u00e9 de 76 membres issus de 40 structures techniques nationales, de partenaires techniques et financiers ainsi que de la soci\u00e9t\u00e9 civile.\u00a0<\/p>\n<p>Des pays d\u2019Afrique occidentale notamment le B\u00e9nin, le Burkina, le Mali et le Niger ont d\u00e9j\u00e0 \u00e9labor\u00e9 et mis en \u0153uvre leur document de politique nationale des fronti\u00e8res.\u00a0<\/p>\n<p>La Commission Nationale des Fronti\u00e8res de la C\u00f4te d\u2019Ivoire (CNFCI), cr\u00e9\u00e9e en juillet 2017 a pour mission d\u2019assister le gouvernement dans la conception, la d\u00e9finition et la mise en \u0153uvre des politique et strat\u00e9gie nationales.\u00a0<\/p>\n<p>Pr\u00e9sid\u00e9e par le Premier ministre, cette commission qui regroupe 26 membres, est charg\u00e9e, de\u00a0faire des suggestions au gouvernement en mati\u00e8re de d\u00e9limitation, de mat\u00e9rialisation et de gestion des fronti\u00e8res.\u00a0<\/p>\n<\/div>\n<p>Auteur: APA News<br \/>\n<a href=\"https:\/\/www.journalducameroun.com\/la-cote-divoire-lance-des-reflexions-autour-dune-gestion-integree-de-ses-frontieres-jeudi\/\">Cliquez ici pour lire l&rsquo;article depuis sa source.<\/a><\/p>\n","protected":false},"excerpt":{"rendered":"<p>Publi\u00e9 le 25.05.2021 \u00e0 22h18 par APA News La C\u00f4te d\u2019Ivoire lance les travaux d\u2019\u00e9laboration d\u2019une politique nationale de gestion int\u00e9gr\u00e9e de ses fronti\u00e8res, jeudi, sous les auspices du Premier ministre, Patrick Achi. Ces travaux qui d\u00e9marrent, jeudi, sont pilot\u00e9s par le secr\u00e9tariat ex\u00e9cutif de la Commission nationale des fronti\u00e8res de C\u00f4te d\u2019Ivoire (CNFCI) dirig\u00e9 [&hellip;]<\/p>\n","protected":false},"author":1965,"featured_media":0,"comment_status":"closed","ping_status":"closed","sticky":false,"template":"","format":"standard","meta":{"fifu_image_url":"","fifu_image_alt":"","footnotes":""},"categories":[73,82],"tags":[],"class_list":["post-117395","post","type-post","status-publish","format-standard","hentry","category-actualite","category-cameroun"],"_links":{"self":[{"href":"https:\/\/linitiative.ca\/International\/wp-json\/wp\/v2\/posts\/117395","targetHints":{"allow":["GET"]}}],"collection":[{"href":"https:\/\/linitiative.ca\/International\/wp-json\/wp\/v2\/posts"}],"about":[{"href":"https:\/\/linitiative.ca\/International\/wp-json\/wp\/v2\/types\/post"}],"author":[{"embeddable":true,"href":"https:\/\/linitiative.ca\/International\/wp-json\/wp\/v2\/users\/1965"}],"replies":[{"embeddable":true,"href":"https:\/\/linitiative.ca\/International\/wp-json\/wp\/v2\/comments?post=117395"}],"version-history":[{"count":0,"href":"https:\/\/linitiative.ca\/International\/wp-json\/wp\/v2\/posts\/117395\/revisions"}],"wp:attachment":[{"href":"https:\/\/linitiative.ca\/International\/wp-json\/wp\/v2\/media?parent=117395"}],"wp:term":[{"taxonomy":"category","embeddable":true,"href":"https:\/\/linitiative.ca\/International\/wp-json\/wp\/v2\/categories?post=117395"},{"taxonomy":"post_tag","embeddable":true,"href":"https:\/\/linitiative.ca\/International\/wp-json\/wp\/v2\/tags?post=117395"}],"curies":[{"name":"wp","href":"https:\/\/api.w.org\/{rel}","templated":true}]}}