{"id":117396,"date":"2021-05-25T17:18:03","date_gmt":"2021-05-25T21:18:03","guid":{"rendered":"https:\/\/linitiative.ca\/International\/education-la-cote-divoire-envisage-la-creation-dune-chaine-tv-et-de-radio\/"},"modified":"2021-05-25T17:18:03","modified_gmt":"2021-05-25T21:18:03","slug":"education-la-cote-divoire-envisage-la-creation-dune-chaine-tv-et-de-radio","status":"publish","type":"post","link":"https:\/\/linitiative.ca\/International\/education-la-cote-divoire-envisage-la-creation-dune-chaine-tv-et-de-radio\/","title":{"rendered":"\u00c9ducation: la C\u00f4te d\u2019Ivoire envisage la cr\u00e9ation d\u2019une cha\u00eene TV et de radio"},"content":{"rendered":"<div readability=\"32\">\n<p>Publi\u00e9 le 25.05.2021 \u00e0 22h18 par APA News<\/p>\n<\/div>\n<div readability=\"89\">\n<p>La ministre ivoirienne de l\u2019\u00c9ducation nationale et de l\u2019alphab\u00e9tisation, Mariatou Kon\u00e9, a \u00e9voqu\u00e9 mardi la cr\u00e9ation d\u2019une cha\u00eene TV et de radio au profit du syst\u00e8me \u00e9ducatif, lors d\u2019un forum virtuel de la Coalition mondiale de l\u2019\u00e9ducation organis\u00e9 par l\u2019Unesco.<\/p>\n<p>Les acteurs du secteur de l\u2019\u00e9ducation, \u00e0 travers le monde, ont dans ce conteste marqu\u00e9 par la pand\u00e9mie de Covid-19, \u00e9mis des r\u00e9flexions autour du th\u00e8me: \u00ab\u00a0Comment d\u00e9velopper les \u00e9cosyst\u00e8mes d\u2019apprentissage num\u00e9rique prosp\u00e8re en Afrique ?\u00a0\u00bb\u00a0<\/p>\n<p>Mme Mariatou Kon\u00e9, par ailleurs porte-parole de l\u2019Afrique de l\u2019Ouest, a au cours de ce panel de haut niveau, soutenu\u00a0les solutions locales prometteuses visant \u00e0 renforcer les syst\u00e8mes locaux d\u2019apprentissage num\u00e9rique.\u00a0<\/p>\n<p>Partageant l\u2019exp\u00e9rience ivoirienne, elle a \u00e9voqu\u00e9 la question de \u00ab\u00a0la cr\u00e9ation d\u2019une cha\u00eene de TV et radio, la formation des acteurs impliqu\u00e9s dans le t\u00e9l\u00e9-enseignement, la cr\u00e9ation de salles multim\u00e9dia dans les principales r\u00e9gions du pays et la mise \u00e0 disposition des bibliobus dans des zones recul\u00e9es en C\u00f4te d\u2019Ivoire\u00a0\u00bb. \u00a0<\/p>\n<p>A la t\u00eate du secteur de l\u2019\u00e9ducation, il y a quelques mois, Mme Mariatou Kon\u00e9 a rendu hommage \u00e0 son pr\u00e9d\u00e9cesseur Kandia Camara, qui a facilit\u00e9 la r\u00e9silience de la C\u00f4te d\u2019Ivoire face \u00e0 Covid-19.\u00a0<\/p>\n<p>D\u00e8s la survenue de la pand\u00e9mie en C\u00f4te d\u2019Ivoire, Mme Kandia Camara a pris des initiatives en vue d\u2019assurer la continuit\u00e9 p\u00e9dagogique en instituant des cours \u00e0 distance destin\u00e9s aux \u00e9l\u00e8ves confin\u00e9s chez eux, et proc\u00e9d\u00e9 \u00e0 un r\u00e9am\u00e9nagement scolaire.\u00a0<\/p>\n<p>Les \u00e9changes des diff\u00e9rents participants ont permis de tirer des le\u00e7ons sur les r\u00e9ponses apport\u00e9es \u00e0 la crise de l\u2019\u00e9ducation au cours de l\u2019ann\u00e9e \u00e9coul\u00e9e et d\u2019explorer les possibilit\u00e9s d\u2019investir davantage dans la technologie pour garantir un apprentissage continu et \u00e9quitable en Afrique.<\/p>\n<p>L\u2019id\u00e9e de cr\u00e9ation d\u2019une cha\u00eene de t\u00e9l\u00e9vision et de radio \u00e9mise par la ministre ivoirienne de l\u2019\u00c9ducation nationale et de l\u2019alphab\u00e9tisation, a pour objectif d\u2019amplifier l\u2019enseignement \u00e0 distance afin qu\u2019 il n\u2019y ait aucune interruption de l\u2019apprentissage scolaire.\u00a0<\/p>\n<p>Le forum de la coalition mondiale pour l\u2019\u00e9ducation, mis en place par l\u2019UNESCO, compte 175 partenaires op\u00e9rant dans 112 pays dont 30 pays d\u2019Afrique. Cette \u00e9dition a lieu \u00e0 l\u2019occasion de la Journ\u00e9e de l\u2019Afrique et vise \u00e0 explorer les possibilit\u00e9s d\u2019exploitation de la technologie pour transformer les syst\u00e8mes \u00e9ducatifs.<\/p>\n<\/div>\n<p>Auteur: APA News<br \/>\n<a href=\"https:\/\/www.journalducameroun.com\/education-la-cote-divoire-envisage-la-creation-dune-chaine-tv-et-de-radio\/\">Cliquez ici pour lire l&rsquo;article depuis sa source.<\/a><\/p>\n","protected":false},"excerpt":{"rendered":"<p>Publi\u00e9 le 25.05.2021 \u00e0 22h18 par APA News La ministre ivoirienne de l\u2019\u00c9ducation nationale et de l\u2019alphab\u00e9tisation, Mariatou Kon\u00e9, a \u00e9voqu\u00e9 mardi la cr\u00e9ation d\u2019une cha\u00eene TV et de radio au profit du syst\u00e8me \u00e9ducatif, lors d\u2019un forum virtuel de la Coalition mondiale de l\u2019\u00e9ducation organis\u00e9 par l\u2019Unesco. Les acteurs du secteur de l\u2019\u00e9ducation, \u00e0 [&hellip;]<\/p>\n","protected":false},"author":1965,"featured_media":0,"comment_status":"closed","ping_status":"closed","sticky":false,"template":"","format":"standard","meta":{"fifu_image_url":"","fifu_image_alt":"","footnotes":""},"categories":[73,82],"tags":[],"class_list":["post-117396","post","type-post","status-publish","format-standard","hentry","category-actualite","category-cameroun"],"_links":{"self":[{"href":"https:\/\/linitiative.ca\/International\/wp-json\/wp\/v2\/posts\/117396","targetHints":{"allow":["GET"]}}],"collection":[{"href":"https:\/\/linitiative.ca\/International\/wp-json\/wp\/v2\/posts"}],"about":[{"href":"https:\/\/linitiative.ca\/International\/wp-json\/wp\/v2\/types\/post"}],"author":[{"embeddable":true,"href":"https:\/\/linitiative.ca\/International\/wp-json\/wp\/v2\/users\/1965"}],"replies":[{"embeddable":true,"href":"https:\/\/linitiative.ca\/International\/wp-json\/wp\/v2\/comments?post=117396"}],"version-history":[{"count":0,"href":"https:\/\/linitiative.ca\/International\/wp-json\/wp\/v2\/posts\/117396\/revisions"}],"wp:attachment":[{"href":"https:\/\/linitiative.ca\/International\/wp-json\/wp\/v2\/media?parent=117396"}],"wp:term":[{"taxonomy":"category","embeddable":true,"href":"https:\/\/linitiative.ca\/International\/wp-json\/wp\/v2\/categories?post=117396"},{"taxonomy":"post_tag","embeddable":true,"href":"https:\/\/linitiative.ca\/International\/wp-json\/wp\/v2\/tags?post=117396"}],"curies":[{"name":"wp","href":"https:\/\/api.w.org\/{rel}","templated":true}]}}