{"id":117397,"date":"2021-05-25T17:18:03","date_gmt":"2021-05-25T21:18:03","guid":{"rendered":"https:\/\/linitiative.ca\/International\/covid-19-les-recettes-de-lasecna-en-regression-de-53-en-2020\/"},"modified":"2021-05-25T17:18:03","modified_gmt":"2021-05-25T21:18:03","slug":"covid-19-les-recettes-de-lasecna-en-regression-de-53-en-2020","status":"publish","type":"post","link":"https:\/\/linitiative.ca\/International\/covid-19-les-recettes-de-lasecna-en-regression-de-53-en-2020\/","title":{"rendered":"Covid-19 : les recettes de l\u2019ASECNA en  r\u00e9gression de 53% en 2020"},"content":{"rendered":"<div readability=\"32\">\n<p>Publi\u00e9 le 25.05.2021 \u00e0 22h18 par APA News<\/p>\n<\/div>\n<div readability=\"103\">\n<p>L\u2019Agence pour la s\u00e9curit\u00e9 de la navigation a\u00e9rienne en Afrique et \u00e0 Madagascar (ASECNA) a termin\u00e9 l\u2019ann\u00e9e 2020 avec une r\u00e9gression de 53% de ses recettes d\u2019exploitation et le premier trimestre 2021 a connu un recul de 52% par rapport \u00e0 2020 en raison de la Covid-19.<\/p>\n<p>L\u2019information a \u00e9t\u00e9 donn\u00e9e, mardi \u00e0 Abidjan, o\u00f9 s\u2019est ouverte la 4e Assembl\u00e9e g\u00e9n\u00e9rale ordinaire de la F\u00e9d\u00e9ration des associations des contr\u00f4leurs a\u00e9riens (FACAA) de l\u2019Agence pour la s\u00e9curit\u00e9 de la navigation a\u00e9rienne en Afrique et \u00e0 Madagascar (ASECNA).<\/p>\n<p>Plusieurs d\u00e9l\u00e9gations de l\u2019organisation, venues de divers horizons du continent, prennent part \u00e0 cette 4e Assembl\u00e9e g\u00e9n\u00e9rale ordinaire de la F\u00e9d\u00e9ration des associations des contr\u00f4leurs a\u00e9riens de l\u2019ASECNA qui se d\u00e9roule les 25 et 26 mai 2021.<\/p>\n<p>Cette assembl\u00e9e g\u00e9n\u00e9rale se tient dans un contexte particuli\u00e8rement difficile pour l\u2019industrie du transport a\u00e9rien, marqu\u00e9 par la pand\u00e9mie de Covid-19 qui a entra\u00een\u00e9 une baisse drastique du trafic a\u00e9rien.<\/p>\n<p>Selon M. Louis Bakienon, directeur de l\u2019exploitation de la navigation a\u00e9rienne, repr\u00e9sentant le directeur g\u00e9n\u00e9ral de l\u2019ASECNA, Mohamed Moussa, au plus fort de la crise sanitaire, les activit\u00e9s mensuelles de l\u2019agence ont chut\u00e9 pour s\u2019\u00e9tablir \u00e0 20% de la normale en mai 2020.\u00a0<\/p>\n<p>\u00a0\u00ab\u00a0Nous avons termin\u00e9 l\u2019ann\u00e9e 2020 avec une r\u00e9gression de 53% de nos recettes d\u2019exploitation et le premier trimestre 2021 a connu un recul de 52% par rapport \u00e0 2020\u00a0\u00bb, a fait savoir M. Bakienon.<\/p>\n<p>Toutefois, dira-t-il, l\u2019agence a su montrer sa capacit\u00e9 de r\u00e9silience en maintenant la qualit\u00e9 des prestations aux usagers de l\u2019air afin de donner satisfaction aux \u00c9tats membres.<\/p>\n<p>M. Diop Mbaye, conseiller technique, repr\u00e9sentant le ministre ivoirien des Transports, Amadou Kon\u00e9, parrain de cette 4e Assembl\u00e9e g\u00e9n\u00e9rale ordinaire, a salu\u00e9 la contribution d\u00e9cisive de l\u2019ASECNA quant \u00e0 l\u2019impl\u00e9mentation r\u00e9ussie de la technologie novatrice du SBAS.<\/p>\n<p>Les services SBAS augmentent notamment les performances de positionnement fournies par les constellations existantes comme le GPS ou GALILEO. Ils am\u00e9liorent les applications de navigation par satellite.<\/p>\n<p>Le repr\u00e9sentant du ministre ivoirien des Transports a encourag\u00e9 les contr\u00f4leurs a\u00e9riens de l\u2019ASECNA \u00e0 consolider le m\u00e9canisme de dialogue social qui est un mod\u00e8le dans le monde.<\/p>\n<p>M. Ciss\u00e9 Soungalo, le pr\u00e9sident de l\u2019Association professionnelle des contr\u00f4leurs a\u00e9riens en C\u00f4te d\u2019Ivoire \u00a0(APCACI), h\u00f4te de l\u2019\u00e9v\u00e9nement, a relev\u00e9 que les contr\u00f4leurs a\u00e9riens, \u00ab\u00a0\u00e9prouv\u00e9s\u00a0\u00bb par la Covid-19 sont rest\u00e9s professionnels avec un service de qualit\u00e9.<\/p>\n<p>Il a fait observer que les contr\u00f4leurs a\u00e9riens sont les officiers de la s\u00e9curit\u00e9 a\u00e9rienne et sont charg\u00e9s d\u2019assurer la s\u00e9curit\u00e9 des vols, mais \u00e9galement de surveiller les fronti\u00e8res des \u00c9tats dont ils ont la gestion.<\/p>\n<p>La 4e Assembl\u00e9e g\u00e9n\u00e9rale ordinaire de la F\u00e9d\u00e9ration des associations des contr\u00f4leurs a\u00e9riens de l\u2019ASECNA devrait permettre de mettre en place des strat\u00e9gies afin que le secteur a\u00e9rien soit r\u00e9silient face \u00e0 la pand\u00e9mie de Covid-19.\u00a0<\/p>\n<\/div>\n<p>Auteur: APA News<br \/>\n<a href=\"https:\/\/www.journalducameroun.com\/covid-19-les-recettes-de-lasecna-en-regression-de-53-en-2020\/\">Cliquez ici pour lire l&rsquo;article depuis sa source.<\/a><\/p>\n","protected":false},"excerpt":{"rendered":"<p>Publi\u00e9 le 25.05.2021 \u00e0 22h18 par APA News L\u2019Agence pour la s\u00e9curit\u00e9 de la navigation a\u00e9rienne en Afrique et \u00e0 Madagascar (ASECNA) a termin\u00e9 l\u2019ann\u00e9e 2020 avec une r\u00e9gression de 53% de ses recettes d\u2019exploitation et le premier trimestre 2021 a connu un recul de 52% par rapport \u00e0 2020 en raison de la Covid-19. [&hellip;]<\/p>\n","protected":false},"author":1965,"featured_media":0,"comment_status":"closed","ping_status":"closed","sticky":false,"template":"","format":"standard","meta":{"fifu_image_url":"","fifu_image_alt":"","footnotes":""},"categories":[73,82],"tags":[],"class_list":["post-117397","post","type-post","status-publish","format-standard","hentry","category-actualite","category-cameroun"],"_links":{"self":[{"href":"https:\/\/linitiative.ca\/International\/wp-json\/wp\/v2\/posts\/117397","targetHints":{"allow":["GET"]}}],"collection":[{"href":"https:\/\/linitiative.ca\/International\/wp-json\/wp\/v2\/posts"}],"about":[{"href":"https:\/\/linitiative.ca\/International\/wp-json\/wp\/v2\/types\/post"}],"author":[{"embeddable":true,"href":"https:\/\/linitiative.ca\/International\/wp-json\/wp\/v2\/users\/1965"}],"replies":[{"embeddable":true,"href":"https:\/\/linitiative.ca\/International\/wp-json\/wp\/v2\/comments?post=117397"}],"version-history":[{"count":0,"href":"https:\/\/linitiative.ca\/International\/wp-json\/wp\/v2\/posts\/117397\/revisions"}],"wp:attachment":[{"href":"https:\/\/linitiative.ca\/International\/wp-json\/wp\/v2\/media?parent=117397"}],"wp:term":[{"taxonomy":"category","embeddable":true,"href":"https:\/\/linitiative.ca\/International\/wp-json\/wp\/v2\/categories?post=117397"},{"taxonomy":"post_tag","embeddable":true,"href":"https:\/\/linitiative.ca\/International\/wp-json\/wp\/v2\/tags?post=117397"}],"curies":[{"name":"wp","href":"https:\/\/api.w.org\/{rel}","templated":true}]}}