{"id":117398,"date":"2021-05-25T08:48:06","date_gmt":"2021-05-25T12:48:06","guid":{"rendered":"https:\/\/linitiative.ca\/International\/letat-veut-auditer-son-contrat-plan-de-linstitut-national-de-cartographie\/"},"modified":"2021-05-25T08:48:06","modified_gmt":"2021-05-25T12:48:06","slug":"letat-veut-auditer-son-contrat-plan-de-linstitut-national-de-cartographie","status":"publish","type":"post","link":"https:\/\/linitiative.ca\/International\/letat-veut-auditer-son-contrat-plan-de-linstitut-national-de-cartographie\/","title":{"rendered":"L\u2019Etat veut auditer son contrat-plan de l\u2019Institut National de Cartographie"},"content":{"rendered":"<p>L\u2019Institut National de Cartographie (INC), va bient\u00f4t \u00eatre l\u2019objet d\u2019un audit\u00a0 et\u00a0 d\u2019un diagnostic strat\u00e9gique. Le ministre des Finances, tutelle financi\u00e8re de cet \u00e9tablissement public \u00e0 caract\u00e8re scientifique\u00a0 a, \u00e0 cet effet, lanc\u00e9 un avis \u00e0 manifestation d\u2019int\u00e9r\u00eat en vue du recrutement d\u2019un consultant pour la r\u00e9alisation de l\u2019audit\u00a0 du contrat-plan Etat-INS. \u00ab la participation \u00e0 cet appel \u00e0 manifestation d\u2019int\u00e9r\u00eat est ouverte \u00e0 tous les cabinets ou groupement de cabinets ayant des connaissances av\u00e9r\u00e9es dans les secteurs concern\u00e9s\u00a0 par cette \u00e9tude et disposant des r\u00e9f\u00e9rences ainsi qu\u2019une exp\u00e9rience av\u00e9r\u00e9e dans l\u2019audit, les \u00e9tudes de faisabilit\u00e9, les \u00e9tudes diagnostiques, les \u00e9valuations et l\u2019analyse de viabilit\u00e9 d\u2019une entreprise \u00bb, note le communiqu\u00e9 du Minfi.<\/p>\n<p><strong>Lire aussi<\/strong> : <strong><a href=\"https:\/\/ecomatin.net\/zones-industrielles-la-magzi-impuissante-face-aux-occupants-illegaux-de-nsam-et-mvan\/\">Zones industrielles : la Magzi impuissante face aux occupants ill\u00e9gaux de Nsam et Mvan<\/a><\/strong><\/p>\n<p>Sur une p\u00e9riode de trois mois, le consultant devra appr\u00e9cier l\u2019impact des mesures de restructuration\u00a0 mises en place par le l\u2019Etat d\u2019une part, et proc\u00e9der \u00e0 un nouvel \u00e9tat des lieux par \u00e9valuation de la situation socio\u00e9conomique, technique et financi\u00e8re de l\u2019Institut dans toutes les dimensions d\u2019autre part. Par la m\u00eame occasion, il sera assign\u00e9 au consultant, de proc\u00e9der \u00e0 un diagnostic organisationnel, technique, comptable et financier permettant de connaitre l\u2019\u00e9tat des lieux de cet \u00e9tablissement public et proposer les mesures pour am\u00e9liorer ses performances. \u00ab En raison des difficult\u00e9s rencontr\u00e9es par l\u2019INS dans la mise en \u0153uvre de ses missions, le Gouvernement camerounais a entrepris plusieurs mesures visant \u00e0 relancer les activit\u00e9s strat\u00e9gique de la production cartographique et de recherche g\u00e9ographique \u00bb, renseigne l\u2019avis \u00e0 manifestation du Minist\u00e8re des Finances.<\/p>\n<p><strong>Champ d\u2019action<\/strong><\/p>\n<p>L\u2019\u00e9tude financ\u00e9e par le budget de l\u2019Etat, de mani\u00e8re sp\u00e9cifique, vise \u00e0 analyser la pertinence des actions de restructuration\u00a0 retenues ; d\u2019analyser dans le m\u00eame sillage le choix des investissements. Il s\u2019agira aussi de s\u2019assurer de l\u2019effectivit\u00e9 des r\u00e9alisations mat\u00e9rielles et financi\u00e8res conform\u00e9ment aux dispositions du contrat et l\u2019\u00e9valuation de l\u2019impact du contrat-plan sur les activit\u00e9s de l\u2019INC.<\/p>\n<p><strong>Lire aussi<\/strong> : <strong><a href=\"https:\/\/ecomatin.net\/magzi-le-poids-des-zones-industrielles-dans-leconomie\/\">Magzi : le poids des zones industrielles dans l\u2019\u00e9conomie<\/a><\/strong><\/p>\n<p>Pour ce qui est du diagnostic, il sera question\u00a0 dans ce segment\u00a0 de faire un \u00e9tat des lieux complet de la situation de l\u2019INC. Dans la m\u00eame lanc\u00e9e, de proposer un sch\u00e9ma de d\u00e9veloppement accompagn\u00e9 des sc\u00e9narii de r\u00e9habilitation soutenues par une matrice d\u2019actions chiffr\u00e9e le cas \u00e9ch\u00e9ant. Le consultant sera charg\u00e9 d\u2019analyser le positionnement strat\u00e9gique de l\u2019INC au regard de ses atouts et des menaces auxquelles l\u2019institut fait face. Figure \u00e9galement dans les termes du diagnostic, l\u2019identification de ses forces et ses faiblesses, ainsi que les menaces et opportunit\u00e9s de l\u2019\u00e9tablissement.<\/p>\n<p>Auteur: Amina MALLOUM<br \/>\n<a href=\"https:\/\/ecomatin.net\/letat-veut-auditer-son-contrat-plan-de-linstitut-national-de-cartographie\/\">Cliquez ici pour lire l&rsquo;article depuis sa source.<\/a><\/p>\n","protected":false},"excerpt":{"rendered":"<p>L\u2019Institut National de Cartographie (INC), va bient\u00f4t \u00eatre l\u2019objet d\u2019un audit\u00a0 et\u00a0 d\u2019un diagnostic strat\u00e9gique. Le ministre des Finances, tutelle financi\u00e8re de cet \u00e9tablissement public \u00e0 caract\u00e8re scientifique\u00a0 a, \u00e0 cet effet, lanc\u00e9 un avis \u00e0 manifestation d\u2019int\u00e9r\u00eat en vue du recrutement d\u2019un consultant pour la r\u00e9alisation de l\u2019audit\u00a0 du contrat-plan Etat-INS. \u00ab la participation [&hellip;]<\/p>\n","protected":false},"author":1969,"featured_media":0,"comment_status":"closed","ping_status":"closed","sticky":false,"template":"","format":"standard","meta":{"fifu_image_url":"","fifu_image_alt":"","footnotes":""},"categories":[82,78],"tags":[],"class_list":["post-117398","post","type-post","status-publish","format-standard","hentry","category-cameroun","category-economie"],"_links":{"self":[{"href":"https:\/\/linitiative.ca\/International\/wp-json\/wp\/v2\/posts\/117398","targetHints":{"allow":["GET"]}}],"collection":[{"href":"https:\/\/linitiative.ca\/International\/wp-json\/wp\/v2\/posts"}],"about":[{"href":"https:\/\/linitiative.ca\/International\/wp-json\/wp\/v2\/types\/post"}],"author":[{"embeddable":true,"href":"https:\/\/linitiative.ca\/International\/wp-json\/wp\/v2\/users\/1969"}],"replies":[{"embeddable":true,"href":"https:\/\/linitiative.ca\/International\/wp-json\/wp\/v2\/comments?post=117398"}],"version-history":[{"count":0,"href":"https:\/\/linitiative.ca\/International\/wp-json\/wp\/v2\/posts\/117398\/revisions"}],"wp:attachment":[{"href":"https:\/\/linitiative.ca\/International\/wp-json\/wp\/v2\/media?parent=117398"}],"wp:term":[{"taxonomy":"category","embeddable":true,"href":"https:\/\/linitiative.ca\/International\/wp-json\/wp\/v2\/categories?post=117398"},{"taxonomy":"post_tag","embeddable":true,"href":"https:\/\/linitiative.ca\/International\/wp-json\/wp\/v2\/tags?post=117398"}],"curies":[{"name":"wp","href":"https:\/\/api.w.org\/{rel}","templated":true}]}}