{"id":117399,"date":"2021-05-25T09:18:36","date_gmt":"2021-05-25T13:18:36","guid":{"rendered":"https:\/\/linitiative.ca\/International\/cooperation-bad-cameroun-le-directeur-de-la-region-afrique-centrale-prend-contact\/"},"modified":"2021-05-25T09:18:36","modified_gmt":"2021-05-25T13:18:36","slug":"cooperation-bad-cameroun-le-directeur-de-la-region-afrique-centrale-prend-contact","status":"publish","type":"post","link":"https:\/\/linitiative.ca\/International\/cooperation-bad-cameroun-le-directeur-de-la-region-afrique-centrale-prend-contact\/","title":{"rendered":"Coop\u00e9ration BAD\/Cameroun : le Directeur de la r\u00e9gion Afrique centrale prend contact"},"content":{"rendered":"<p>Le nouveau Directeur g\u00e9n\u00e9ral de la r\u00e9gion Afrique centrale de la Banque africaine de d\u00e9veloppement (BAD), Serge N\u2019Guessan, a entam\u00e9 une visite de courtoisie aupr\u00e8s des officiels camerounais. La plus r\u00e9cente en date est la visite effectu\u00e9e au Premier ministre ce 25 mai 2021. La semaine derni\u00e8re, plus pr\u00e9cis\u00e9ment le 19 mai 2021, il avait \u00e9t\u00e9 re\u00e7u par le ministre de l\u2019Economie de la planification et de l\u2019am\u00e9nagement du territoire (Minepat), Alamine Ousmane Mey. Au cours de cette rencontre, les deux autorit\u00e9s ont eu l\u2019occasion de discuter de la situation \u00e9conomique de la sous-r\u00e9gion. \u00ab Je suis venu rendre une visite de courtoisie \u00e0 mon gouverneur du Cameroun, en charge de la Banque africaine de d\u00e9veloppement, me pr\u00e9senter \u00e0 lui, avoir ses conseils et ses orientations pour la fonction que je vais mener dans cette r\u00e9gion. J\u2019ai \u00e9t\u00e9 tr\u00e8s impressionn\u00e9 par la maitrise, la connaissance des dossiers de la r\u00e9gion par le ministre et surtout sa maitrise bien-s\u00fbr de la situation \u00e9conomique du Cameroun \u00bb, confie Serge N\u2019Guessan avant d\u2019ajouter \u00ab Nous avons aussi parler de la performance de la Banque dans cette r\u00e9gion et aussi au Cameroun, et j\u2019ai dit vouloir compter sur lui pour pouvoir nous a aider \u00e0 faire avancer ces grands projets structurants et surtout les grands dossiers de dialogue, de transformation \u00e9conomique de cette r\u00e9gion \u00bb.<\/p>\n<p><strong>Lire aussi<\/strong> : <strong><a href=\"https:\/\/ecomatin.net\/la-bad-octroie-55-milliardss-de-f-aux-filieress-piscicole-bovine-et-porcine\/\">La BAD octroie 55 milliards de F aux fili\u00e8res piscicole, bovine et porcine<\/a><\/strong><\/p>\n<p>Notons que Serge N\u2019Guessan de nationalit\u00e9 canadienne, a \u00e9t\u00e9 port\u00e9 au poste de Directeur g\u00e9n\u00e9ral de la r\u00e9gion Afrique centrale de la BAD en janvier 2021, second\u00e9 par Solomane Kon\u00e9 qui \u00e9tait alors repr\u00e9sentant bureau-pays de la BAD au Cameroun. Il est assign\u00e9 \u00e0 ces deux personnalit\u00e9s comme missions de diriger et assurer l\u2019efficacit\u00e9 op\u00e9rationnelle, l\u2019efficience et la sant\u00e9 g\u00e9n\u00e9rale du portefeuille de la Banque dans toute la r\u00e9gion d\u2019Afrique centrale ; de jouer un r\u00f4le de premier plan dans le d\u00e9veloppement des entreprises et des investissements r\u00e9gionaux en stimulant la mobilisation des ressources dans les pays relevant de sa comp\u00e9tence et en renfor\u00e7ant de mani\u00e8re significative les activit\u00e9s de la Banque.<\/p>\n<p><strong>Fin de s\u00e9jour<\/strong><\/p>\n<p>Cette visite de Serge N\u2019Guessan au Minepat, intervient quelques jours apr\u00e8s la remise, de la Croix d\u2019Officier de l\u2019Ordre de la Valeur \u00e0 Solomane Kone, arriv\u00e9 en fin de s\u00e9jour au Cameroun. L\u2019insigne d\u00e9cern\u00e9 par le pr\u00e9sident de la R\u00e9publique, lui a \u00e9t\u00e9 remise le 14 mai 2021, par Alamine Ousmane Mey. Ayant s\u00e9journ\u00e9 au Cameroun pendant trois ans et demi, Solomane Kone a contribu\u00e9 durant cette p\u00e9riode \u00e0 booster les \u00e9changes entre le Cameroun et l\u2019institution financi\u00e8re. Son portefeuille est ainsi pass\u00e9 de 900 milliards de Fcfa \u00e0 1 482 milliard de Fcfa, pour une enveloppe totale de 31 projets. Parmi les projets sous son \u00e8re on d\u00e9nombre le projet de construction du pont sur le fleuve Logone reliant le Cameroun au Tchad ; le projet d\u2019interconnexion des r\u00e9seaux \u00e9lectriques du Cameroun et du Tchad, l\u2019\u00e9tude d\u2019extension de la ligne ferroviaire Ngaound\u00e9r\u00e9-Ndjamena et le projet de d\u00e9veloppement des cha\u00eenes de valeurs de l\u2019\u00e9levage et de la pisciculture.<\/p>\n<p><strong>Lire aussi<\/strong> : <strong><a href=\"https:\/\/ecomatin.net\/la-bad-elue-meilleure-institution-financieres-multilaterale-du-monde-pour-2021\/\">La BAD \u00e9lue meilleure institution financi\u00e8re multilat\u00e9rale du monde pour 2021<\/a><\/strong><\/p>\n<p>Bas\u00e9 d\u00e9sormais \u00e0 Kinshasa Solomane Kone est appel\u00e9 \u00e0 s\u2019occuper de la R\u00e9publique D\u00e9mocratique du Congo, de la Guin\u00e9e Equatoriale et du Congo. Ce dernier dit toutefois conserver un lien avec le Cameroun en sa qualit\u00e9 de Directeur g\u00e9n\u00e9ral de la r\u00e9gion Afrique Centrale.<\/p>\n<p>Auteur: Cindy MBALA<br \/>\n<a href=\"https:\/\/ecomatin.net\/cooperation-bad-cameroun-le-directeur-de-la-region-afrique-centrale-prend-contact\/\">Cliquez ici pour lire l&rsquo;article depuis sa source.<\/a><\/p>\n","protected":false},"excerpt":{"rendered":"<p>Le nouveau Directeur g\u00e9n\u00e9ral de la r\u00e9gion Afrique centrale de la Banque africaine de d\u00e9veloppement (BAD), Serge N\u2019Guessan, a entam\u00e9 une visite de courtoisie aupr\u00e8s des officiels camerounais. La plus r\u00e9cente en date est la visite effectu\u00e9e au Premier ministre ce 25 mai 2021. La semaine derni\u00e8re, plus pr\u00e9cis\u00e9ment le 19 mai 2021, il avait [&hellip;]<\/p>\n","protected":false},"author":1969,"featured_media":0,"comment_status":"closed","ping_status":"closed","sticky":false,"template":"","format":"standard","meta":{"fifu_image_url":"","fifu_image_alt":"","footnotes":""},"categories":[82,78],"tags":[],"class_list":["post-117399","post","type-post","status-publish","format-standard","hentry","category-cameroun","category-economie"],"_links":{"self":[{"href":"https:\/\/linitiative.ca\/International\/wp-json\/wp\/v2\/posts\/117399","targetHints":{"allow":["GET"]}}],"collection":[{"href":"https:\/\/linitiative.ca\/International\/wp-json\/wp\/v2\/posts"}],"about":[{"href":"https:\/\/linitiative.ca\/International\/wp-json\/wp\/v2\/types\/post"}],"author":[{"embeddable":true,"href":"https:\/\/linitiative.ca\/International\/wp-json\/wp\/v2\/users\/1969"}],"replies":[{"embeddable":true,"href":"https:\/\/linitiative.ca\/International\/wp-json\/wp\/v2\/comments?post=117399"}],"version-history":[{"count":0,"href":"https:\/\/linitiative.ca\/International\/wp-json\/wp\/v2\/posts\/117399\/revisions"}],"wp:attachment":[{"href":"https:\/\/linitiative.ca\/International\/wp-json\/wp\/v2\/media?parent=117399"}],"wp:term":[{"taxonomy":"category","embeddable":true,"href":"https:\/\/linitiative.ca\/International\/wp-json\/wp\/v2\/categories?post=117399"},{"taxonomy":"post_tag","embeddable":true,"href":"https:\/\/linitiative.ca\/International\/wp-json\/wp\/v2\/tags?post=117399"}],"curies":[{"name":"wp","href":"https:\/\/api.w.org\/{rel}","templated":true}]}}