{"id":117400,"date":"2021-05-25T12:51:07","date_gmt":"2021-05-25T16:51:07","guid":{"rendered":"https:\/\/linitiative.ca\/International\/filiere-textile-la-cicam-mise-sur-son-usine-de-garoua-pour-sauver-son-chiffre-daffaires-en-2021\/"},"modified":"2021-05-25T12:51:07","modified_gmt":"2021-05-25T16:51:07","slug":"filiere-textile-la-cicam-mise-sur-son-usine-de-garoua-pour-sauver-son-chiffre-daffaires-en-2021","status":"publish","type":"post","link":"https:\/\/linitiative.ca\/International\/filiere-textile-la-cicam-mise-sur-son-usine-de-garoua-pour-sauver-son-chiffre-daffaires-en-2021\/","title":{"rendered":"Fili\u00e8re textile : la Cicam mise sur son usine de Garoua pour sauver son chiffre d\u2019affaires en 2021"},"content":{"rendered":"<p>La Cotonni\u00e8re industrielle du Cameroun (Cicam) pr\u00e9sente une situation \u00e9conomique et financi\u00e8re pas tr\u00e8s reluisante ces derni\u00e8res ann\u00e9es, exacerb\u00e9e au cours de l\u2019ann\u00e9e 2020 par la pand\u00e9mie de Coronavirus, qui a s\u00e9rieusement impact\u00e9 ses activit\u00e9s. En effet, le contexte de crise sanitaire obligeant, les c\u00e9l\u00e9brations autour de traditionnels rendez-vous festifs au Cameroun ont \u00e9t\u00e9 annul\u00e9es, \u00e0 l\u2019instar de la f\u00eate du travail c\u00e9l\u00e9br\u00e9e le 1er mai et de la journ\u00e9e internationale de la femme le 8 mars. Or, il s\u2019agit de moments fastueux qui ont souvent permis \u00e0 l\u2019entreprise de renflouer ses caisses et de faire du chiffre d\u2019affaires.<\/p>\n<p><strong>Lire aussi<\/strong> : <strong><a href=\"https:\/\/ecomatin.net\/cicam-vers-le-spectre-dune-nouvelle-annee-sombre\/\">Cicam : vers le spectre d\u2019une nouvelle ann\u00e9e sombre<\/a><\/strong><\/p>\n<p>L\u2019ann\u00e9e 2021 a \u00e9galement emboit\u00e9 le pas \u00e0 la pr\u00e9c\u00e9dente, rendant plus pr\u00e9occupante encore la situation de l\u2019entreprise. L\u2019heure est d\u00e9sormais \u00e0 une strat\u00e9gie de sauvetage de l\u2019ann\u00e9e en cours, ax\u00e9e sur la redynamisation de l\u2019usine de Garoua, principale mamelle nourrici\u00e8re de l\u2019industrie. \u00ab La Cicam entend sauver son chiffre d\u2019affaires gr\u00e2ce au d\u00e9veloppement de cette usine \u00bb, indique l\u2019entreprise dans une note publi\u00e9e dans le quotidien \u00ab Cameroon Tribune \u00bb du mardi 18 mai 2021. Le chiffre d\u2019affaires r\u00e9alis\u00e9 par l\u2019entreprise en 2020 n\u2019est pas encore rendu public. En 2019, il \u00e9tait de 10,044 milliards contre 13,265 milliards de FCFA en 2018, soit une baisse de 3,221 milliards (-24,2%). Une contreperformance qui se justifie entre autres par la concurrence d\u00e9loyale des tissus chinois et ouest-africains, qui envahissent une bonne partie du march\u00e9 local.<\/p>\n<p><strong>Lire aussi<\/strong> : <strong><a href=\"https:\/\/ecomatin.net\/pourquoi-les-masques-de-cicam-coutent-1300-f\/\">Pourquoi les masques de Cicam co\u00fbtent 1300 F<\/a><\/strong><\/p>\n<p>A cause de ses soucis conjoncturels, l\u2019usine de Garoua est r\u00e9guli\u00e8rement en cessation d\u2019activit\u00e9s. Ses 350 employ\u00e9s ont pass\u00e9 quatre mois d\u2019inactivit\u00e9 entre octobre 2020 et f\u00e9vrier 2021, suite \u00e0 la suspension de fourniture de coton par la Soci\u00e9t\u00e9 de D\u00e9veloppement du Coton (Sodecoton) en raison d\u2019impay\u00e9s. A peine ont-ils repris du service, que la Sodecoton a de nouveau menac\u00e9 de suspendre ses livraisons, pour exiger le paiement d\u2019une ardoise de 1,3 milliards de F \u00e0 la date du 10 mai 2021. Et jusqu\u2019au moment o\u00f9 nous mettions sous presse, une source \u00e0 la Sodecoton a confirm\u00e9 \u00e0 EcoMatin que cette dette n\u2019avait toujours pas \u00e9t\u00e9 r\u00e9gl\u00e9e, et qu\u2019en d\u00e9pit de tout, elle allait continuer \u00e0 approvisionner l\u2019usine Cicam de Garoua en coton.<\/p>\n<p><strong>Lire aussi<\/strong> : <strong><a href=\"https:\/\/ecomatin.net\/covid-19-la-cicam-se-lance-dans-la-production-des-masques\/\">Covid-19 : la Cicam se lance dans la production des masques<\/a><\/strong><\/p>\n<p>Aussi, l\u2019entreprise fait aussi face \u00e0 la v\u00e9tust\u00e9 de son outil de production et l\u2019absence d\u2019un plan de renouvellement progressif, qui l\u2019ont conduit \u00e0 supporter de lourdes charges de maintenance et d\u2019importants co\u00fbts li\u00e9s \u00e0 sa faible activit\u00e9, selon le rapport 2020 de la Commission technique de r\u00e9habilitation des entreprises publiques et parapubliques (CTR). Toutefois, de nouveaux \u00e9quipements acquis dans le cadre du contrat-plan de 13,2 milliards de FCFA, sign\u00e9 en 2015 avec l\u2019Etat augurent des lendemains meilleurs pour l\u2019entreprise. Il s\u2019agit entre autres de 24 nouveaux m\u00e9tiers \u00e0 tisser, d\u2019un ourdissoir et d\u2019une encolleuse, destin\u00e9s \u00e0 son usine de Garoua.<\/p>\n<p>Auteur: Yannick KENNE<br \/>\n<a href=\"https:\/\/ecomatin.net\/filiere-textile-la-cicam-mise-sur-son-usine-de-garoua-pour-sauver-son-chiffre-daffaires-en-2021\/\">Cliquez ici pour lire l&rsquo;article depuis sa source.<\/a><\/p>\n","protected":false},"excerpt":{"rendered":"<p>La Cotonni\u00e8re industrielle du Cameroun (Cicam) pr\u00e9sente une situation \u00e9conomique et financi\u00e8re pas tr\u00e8s reluisante ces derni\u00e8res ann\u00e9es, exacerb\u00e9e au cours de l\u2019ann\u00e9e 2020 par la pand\u00e9mie de Coronavirus, qui a s\u00e9rieusement impact\u00e9 ses activit\u00e9s. En effet, le contexte de crise sanitaire obligeant, les c\u00e9l\u00e9brations autour de traditionnels rendez-vous festifs au Cameroun ont \u00e9t\u00e9 annul\u00e9es, [&hellip;]<\/p>\n","protected":false},"author":1969,"featured_media":0,"comment_status":"closed","ping_status":"closed","sticky":false,"template":"","format":"standard","meta":{"fifu_image_url":"","fifu_image_alt":"","footnotes":""},"categories":[82,78],"tags":[],"class_list":["post-117400","post","type-post","status-publish","format-standard","hentry","category-cameroun","category-economie"],"_links":{"self":[{"href":"https:\/\/linitiative.ca\/International\/wp-json\/wp\/v2\/posts\/117400","targetHints":{"allow":["GET"]}}],"collection":[{"href":"https:\/\/linitiative.ca\/International\/wp-json\/wp\/v2\/posts"}],"about":[{"href":"https:\/\/linitiative.ca\/International\/wp-json\/wp\/v2\/types\/post"}],"author":[{"embeddable":true,"href":"https:\/\/linitiative.ca\/International\/wp-json\/wp\/v2\/users\/1969"}],"replies":[{"embeddable":true,"href":"https:\/\/linitiative.ca\/International\/wp-json\/wp\/v2\/comments?post=117400"}],"version-history":[{"count":0,"href":"https:\/\/linitiative.ca\/International\/wp-json\/wp\/v2\/posts\/117400\/revisions"}],"wp:attachment":[{"href":"https:\/\/linitiative.ca\/International\/wp-json\/wp\/v2\/media?parent=117400"}],"wp:term":[{"taxonomy":"category","embeddable":true,"href":"https:\/\/linitiative.ca\/International\/wp-json\/wp\/v2\/categories?post=117400"},{"taxonomy":"post_tag","embeddable":true,"href":"https:\/\/linitiative.ca\/International\/wp-json\/wp\/v2\/tags?post=117400"}],"curies":[{"name":"wp","href":"https:\/\/api.w.org\/{rel}","templated":true}]}}