{"id":117407,"date":"2021-05-26T11:29:07","date_gmt":"2021-05-26T15:29:07","guid":{"rendered":"https:\/\/linitiative.ca\/International\/efficacite-energetique-le-maroc-un-pays-competitif-selon-m-elalamy\/"},"modified":"2021-05-26T11:29:07","modified_gmt":"2021-05-26T15:29:07","slug":"efficacite-energetique-le-maroc-un-pays-competitif-selon-m-elalamy","status":"publish","type":"post","link":"https:\/\/linitiative.ca\/International\/efficacite-energetique-le-maroc-un-pays-competitif-selon-m-elalamy\/","title":{"rendered":"Efficacit\u00e9 \u00e9nerg\u00e9tique : Le Maroc, un pays comp\u00e9titif, selon M.Elalamy"},"content":{"rendered":"<figure class=\"post-thumbnail\" itemprop=\"associatedMedia\" itemscope=\"itemscope\" itemtype=\"http:\/\/schema.org\/ImageObject\"><img decoding=\"async\" class=\"post_layout_5_img\" src=\"http:\/\/aujourdhui.ma\/wp-content\/uploads\/2021\/03\/Moulay-Hafid-Elalamy.jpg\" alt=\"Efficacit\u00e9 \u00e9nerg\u00e9tique : Le Maroc, un pays comp\u00e9titif, selon M.Elalamy\"\/><\/figure>\n<p><span class=\"c7\"><strong>Le chantier de d\u00e9veloppement de l\u2019\u00e9conomie verte place le Maroc parmi les pays les plus comp\u00e9titifs au monde en mati\u00e8re de production d\u2019\u00e9nergie \u00e0 base de sources renouvelables, a affirm\u00e9, mercredi \u00e0 Casablanca, le ministre de l\u2019Industrie, du commerce et de l\u2019\u00e9conomie verte et num\u00e9rique, Moulay Hafid Elalamy.<\/strong><\/span><span id=\"more-377428\"\/><\/p>\n<p>Aujourd\u2019hui, ce positionnement offre \u00e0 la base industrielle marocaine un avantage concurrentiel exceptionnel lui permettant de proposer aux op\u00e9rateurs et aux investisseurs une \u00e9nergie propre \u00e0 des co\u00fbts extr\u00eamement comp\u00e9titifs, a pr\u00e9cis\u00e9 M. Elalamy qui s\u2019exprimant lors de l\u2019ouverture de la 6\u00e8me \u00e9dition des Rencontres Africaines de l\u2019efficacit\u00e9 \u00e9nerg\u00e9tique.<\/p>\n<p>\u00ab\u00a0En effet, le monde impose progressivement une taxe carbone et par ailleurs l\u2019\u00e9nergie verte est en baisse continue en termes de jours\u00a0\u00bb, a fait remarquer M. Elalamy, soulignant que pour le Royaume, ce constat constitue une v\u00e9ritable opportunit\u00e9 qu\u2019il faut imp\u00e9rativement saisir pour garantir une durabilit\u00e9 et une p\u00e9rennit\u00e9 en la mati\u00e8re.<\/p>\n<p>De m\u00eame, il a estim\u00e9 que le renforcement de l\u2019efficacit\u00e9 \u00e9nerg\u00e9tique passe par le d\u00e9veloppement de plusieurs aspects li\u00e9s \u00e0 la r\u00e9glementation, \u00e0 la normalisation et au renforcement des capacit\u00e9s, appelant \u00e0 cet \u00e9gard \u00e0 un partage d\u2019exp\u00e9riences et un \u00e9change \u00ab\u00a0riche et b\u00e9n\u00e9fique\u00a0\u00bb dans le domaine des \u00e9nergies, \u00e0 l\u2019\u00e9chelle du continent africain.<\/p>\n<p>De son c\u00f4t\u00e9, le directeur g\u00e9n\u00e9ral de l\u2019Agence marocaine de l\u2019efficacit\u00e9 \u00e9nerg\u00e9tique (AMEE), Said Mouline, a mis l\u2019accent sur la n\u00e9cessit\u00e9 de changer de paradigme \u00e9conomique et de passer \u00e0 une \u00e9conomie verte pour r\u00e9ussir le pari de la transition \u00e9conomique et de la r\u00e9duction des gaz \u00e0 effets de serre, responsable du r\u00e9chauffement climatique.<\/p>\n<p>D\u2019apr\u00e8s lui, \u00ab\u00a0l\u2019\u00e9conomie verte rec\u00e8le un important potentiel en termes de cr\u00e9ation d\u2019emplois pour la jeunesse au Sud et au Nord de la M\u00e9diterran\u00e9e. Le nombre d\u2019emplois dans des m\u00e9tiers d\u2019avenir li\u00e9s au digital et \u00e0 l\u2019\u00e9conomie verte pourrait augmenter consid\u00e9rablement, gr\u00e2ce \u00e0 l\u2019accompagnement et au renforcement des capacit\u00e9s\u00a0\u00bb.<\/p>\n<p>L\u2019\u00e9conomie verte, a-t-il soutenu, a gagn\u00e9 d\u2019importance dans le contexte de la pand\u00e9mie, particuli\u00e8rement en Afrique o\u00f9 la relance doit porter sur des axes comme l\u2019acc\u00e8s \u00e0 l\u2019\u00e9nergie renouvelable, la mobilit\u00e9 durable, la d\u00e9carbonisation de l\u2019industrie et l\u2019efficacit\u00e9 \u00e9nerg\u00e9tique.<\/p>\n<p>Il a, par ailleurs, mis en avant les efforts d\u00e9ploy\u00e9s par l\u2019AMEE en mati\u00e8re de d\u00e9veloppement de l\u2019efficacit\u00e9 \u00e9nerg\u00e9tique dans les diff\u00e9rents secteurs dont l\u2019industrie, notant que dans ce sens plusieurs actions ont \u00e9t\u00e9 men\u00e9es, notamment une proposition de mesures fiscales et incitatives pour les \u00e9quipements industriels \u00e0 haute efficacit\u00e9 \u00e9nerg\u00e9tique.<\/p>\n<p>Au menu de cette \u00e9dition des Rencontres Africaines de l\u2019efficacit\u00e9 \u00e9nerg\u00e9tique, plac\u00e9e sous le th\u00e8me \u00ab\u00a0L\u2019innovation au service de l\u2019efficacit\u00e9 \u00e9nerg\u00e9tique\u00a0\u00bb, figure le projet du Buyers Club ciblant les \u00e9quipements de climatisation au Maroc et dans la r\u00e9gion d\u2019Afrique de l\u2019Ouest.<\/p>\n<p>Ce projet in\u00e9dit et de dimension continentale, initi\u00e9 par l\u2019AMEE et l\u2019Institut pour la gouvernance durable (Washington) IGSD, est \u00e9galement soutenu par Bank of Africa BOA (BMCE Groupe), et vise \u00e0 mutualiser les achats de climatiseurs des agences de la BOA, afin d\u2019op\u00e9rer des achats group\u00e9s de climatiseurs nouvelle g\u00e9n\u00e9ration conformes au protocole de Montr\u00e9al et consommant moins d\u2019\u00e9nergie que les climatiseurs disponibles aujourd\u2019hui sur le march\u00e9.<\/p>\n<p>Selon les organisateurs, l\u2019\u00e9v\u00e9nement est l\u2019occasion de pr\u00e9senter les premiers r\u00e9sultats des tests r\u00e9alis\u00e9s en 2020, et qui ont r\u00e9v\u00e9l\u00e9 des \u00e9conomies d\u2019\u00e9nergie allant jusqu\u2019\u00e0 moins de 70%, sur des climatiseurs n\u2019utilisant que des gaz de refroidissement non nocifs et conformes aux normes environnementales.<\/p>\n<p>Parmi les experts intervenants lors de ces rencontres, Amory Lovins, inventeur de l\u2019unit\u00e9 de mesure n\u00e9gawatt et fondateur du Rocky Mountain Institute, un des laboratoires de recherche en efficacit\u00e9 \u00e9nerg\u00e9tique reconnus mondialement. Figure \u00e9galement Beno\u00eet Lebot directeur g\u00e9n\u00e9ral de l\u2019Agence internationale pour la coop\u00e9ration en efficacit\u00e9 \u00e9nerg\u00e9tique de 2014 \u00e0 2020 et sp\u00e9cialiste des politiques publiques pour la promotion de l\u2019efficacit\u00e9 \u00e9nerg\u00e9tique ou encore Mohamed Youbi Idrissi, pr\u00e9sident de l\u2019Association fran\u00e7aise du froid et Souhir Hammami, experte en efficacit\u00e9 \u00e9nerg\u00e9tique aupr\u00e8s du Programme des Nations Unies pour l\u2019environnement.<\/p>\n<p>Initi\u00e9e par AOB Group en partenariat avec l\u2019AMEE, cette \u00e9dition tenue en format hybride est soutenue par le patronat ivoirien CGECI, le think-thank am\u00e9ricain IGSD, l\u2019institut de recherche l\u2019IRESEN, la Caisse Centrale de Garantie CCG), le fabricant et int\u00e9grateur de solutions solaires Solart Export et l\u2019organisation onusienne (ONUDI), ainsi que la F\u00e9d\u00e9ration nationale de l\u2019\u00e9lectricit\u00e9 de l\u2019\u00e9lectronique et des \u00e9nergies renouvelables (FENELEC).<\/p>\n<p>Auteur: ALM<br \/>\n<a href=\"https:\/\/aujourdhui.ma\/economie\/efficacite-energetique-le-maroc-un-pays-competitif-selon-m-elalamy\">Cliquez ici pour lire l&rsquo;article depuis sa source.<\/a><\/p>\n","protected":false},"excerpt":{"rendered":"<p>Le chantier de d\u00e9veloppement de l\u2019\u00e9conomie verte place le Maroc parmi les pays les plus comp\u00e9titifs au monde en mati\u00e8re de production d\u2019\u00e9nergie \u00e0 base de sources renouvelables, a affirm\u00e9, mercredi \u00e0 Casablanca, le ministre de l\u2019Industrie, du commerce et de l\u2019\u00e9conomie verte et num\u00e9rique, Moulay Hafid Elalamy. Aujourd\u2019hui, ce positionnement offre \u00e0 la base [&hellip;]<\/p>\n","protected":false},"author":1759,"featured_media":0,"comment_status":"closed","ping_status":"closed","sticky":false,"template":"","format":"standard","meta":{"fifu_image_url":"http:\/\/aujourdhui.ma\/wp-content\/uploads\/2021\/03\/Moulay-Hafid-Elalamy.jpg","fifu_image_alt":"Efficacit\u00e9 \u00e9nerg\u00e9tique : Le Maroc, un pays comp\u00e9titif, selon M.Elalamy","footnotes":""},"categories":[73,54],"tags":[],"class_list":["post-117407","post","type-post","status-publish","format-standard","hentry","category-actualite","category-maroc"],"_links":{"self":[{"href":"https:\/\/linitiative.ca\/International\/wp-json\/wp\/v2\/posts\/117407","targetHints":{"allow":["GET"]}}],"collection":[{"href":"https:\/\/linitiative.ca\/International\/wp-json\/wp\/v2\/posts"}],"about":[{"href":"https:\/\/linitiative.ca\/International\/wp-json\/wp\/v2\/types\/post"}],"author":[{"embeddable":true,"href":"https:\/\/linitiative.ca\/International\/wp-json\/wp\/v2\/users\/1759"}],"replies":[{"embeddable":true,"href":"https:\/\/linitiative.ca\/International\/wp-json\/wp\/v2\/comments?post=117407"}],"version-history":[{"count":0,"href":"https:\/\/linitiative.ca\/International\/wp-json\/wp\/v2\/posts\/117407\/revisions"}],"wp:attachment":[{"href":"https:\/\/linitiative.ca\/International\/wp-json\/wp\/v2\/media?parent=117407"}],"wp:term":[{"taxonomy":"category","embeddable":true,"href":"https:\/\/linitiative.ca\/International\/wp-json\/wp\/v2\/categories?post=117407"},{"taxonomy":"post_tag","embeddable":true,"href":"https:\/\/linitiative.ca\/International\/wp-json\/wp\/v2\/tags?post=117407"}],"curies":[{"name":"wp","href":"https:\/\/api.w.org\/{rel}","templated":true}]}}