{"id":117408,"date":"2021-05-25T14:00:00","date_gmt":"2021-05-25T18:00:00","guid":{"rendered":"https:\/\/linitiative.ca\/International\/un-prsonnage-controverse-et-figure-incontournable-du-sport-automobile\/"},"modified":"2021-05-25T14:00:00","modified_gmt":"2021-05-25T18:00:00","slug":"un-prsonnage-controverse-et-figure-incontournable-du-sport-automobile","status":"publish","type":"post","link":"https:\/\/linitiative.ca\/International\/un-prsonnage-controverse-et-figure-incontournable-du-sport-automobile\/","title":{"rendered":"Un prsonnage controvers\u00e9 et figure incontournable du sport automobile"},"content":{"rendered":"<p class=\"has-text-align-center has-vivid-cyan-blue-color has-text-color\"><strong>Mort \u00e0 81 ans de Max Mosley, ancien pr\u00e9sident de la FIA<\/strong><\/p>\n<p><strong>Max Mosley, ancien pr\u00e9sident de la F\u00e9d\u00e9ration internationale automobile de 1993 \u00e0 2009 et figure controvers\u00e9e du sport mondial, est mort \u00e0 l\u2019\u00e2ge de 81 ans, a annonc\u00e9 lundi l\u2019ancien patron de la F1 Bernie Ecclestone.<\/strong><\/p>\n<p>Le Britannique a domin\u00e9 la sc\u00e8ne du sport automobile mondial pendant un quart de si\u00e8cle, accomplissant trois mandats \u00e0 la t\u00eate de la puissante FIA. Il \u00e9tait atteint d\u2019un cancer.<\/p>\n<p>\u00ab\u00a0Max \u00e9tait comme un membre de ma famille, pour moi. Nous \u00e9tions comme des fr\u00e8res. Dans un sens, je suis soulag\u00e9, parce qu\u2019il souffrait depuis trop longtemps\u00a0\u00bb, a expliqu\u00e9 Ecclestone \u00e0 l\u2019agence britannique PA.<\/p>\n<p>\u00ab\u00a0Nous sommes attrist\u00e9 d\u2019apprendre que l\u2019ancien pr\u00e9sident de la FIA Max Mosley n\u2019est plus\u00a0\u00bb, ont de leur c\u00f4t\u00e9 r\u00e9agi les organisateurs du championnat du monde de l\u2019\u00e9preuve reine automobile, \u00e9voquant \u00ab\u00a0une grande figure de la transformation de la Formule 1\u00a0\u00bb.<\/p>\n<p>Plusieurs \u00e9pisodes sulfureux ont jalonn\u00e9 l\u2019existence de cet avocat, n\u00e9 \u00e0 Londres le 13 avril 1940, \u00e0 quelques semaines de la bataille d\u2019Angleterre.<\/p>\n<p>Max Mosley \u00e9tait le fils d\u2019Oswald Mosley, fondateur dans les ann\u00e9es 1930 du parti Brisith Union of Fascists, remari\u00e9 en Allemagne en pr\u00e9sence d\u2019Adolf Hitler et de Joseph Goebbels, intern\u00e9 en 1940 au premier rangs des sympathisants de l\u2019Allemagne nazie du Royaume-Uni.<\/p>\n<p>Apr\u00e8s des \u00e9tudes de physique puis de droit \u00e0 Oxford, Max Mosley \u00e9tait devenu avocat sp\u00e9cialiste des questions de brevets et de marques.<\/p>\n<p>Il avait tr\u00e8s t\u00f4t d\u00e9velopp\u00e9 un go\u00fbt pour la course automobile qui l\u2019avait men\u00e9 au sein de l\u2019\u00e9quipe de Fomule 2 de Brabham and Lotus, jusqu\u2019\u00e0 sa retraite comme pilote en 1969.<\/p>\n<p>Il avait ensuite \u00e9t\u00e9 cofondateur et dirigeant de l\u2019\u00e9curie March (1969-1977) avant d\u2019occuper diverses fonctions au sommet du sport automobile mondial, dont trois mandats comme pr\u00e9sident de la FIA.<\/p>\n<p>Il v\u00e9cut notamment, \u00e0 ce poste, la mort en course du Br\u00e9silien Ayrton Senna, lors du Grand-Prix de Saint-Marin en 1994, qui entra\u00eena une refonte des politiques de s\u00e9curit\u00e9 autour des circuits.<\/p>\n<p>Max Mosley a c\u00e9d\u00e9 les commandes de la FIA au Fran\u00e7ais Jean Todt en 2009, apr\u00e8s avoir \u00e9t\u00e9 au centre du scandale dit de \u00ab\u00a0l\u2019orgie nazie\u00a0\u00bb, apr\u00e8s la diffusion de photos et vid\u00e9o d\u2019une s\u00e9ance de sado-masochisme o\u00f9 il apparaissait en compagnie de cinq jeunes prostitu\u00e9es s\u2019exprimant en allemand. Certaines \u00e9taient en tenue ray\u00e9e de prisonnier, d\u2019autres en uniforme, notamment celui de la Luftwaffe.<\/p>\n<p>En juillet 2008, il avait obtenu plus de 76.000 euros de dommages et int\u00e9r\u00eats de l\u2019hebdomadaire dominical News of the World, \u00e0 l\u2019origine de cette r\u00e9v\u00e9lation.<\/p>\n<p>La justice britannique avait estim\u00e9 que la sc\u00e8ne d\u2019\u00e9bats sado-masochistes, diffus\u00e9es par le journal sur son site, ne pr\u00e9sentait pas de caract\u00e8re \u00ab\u00a0nazi\u00a0\u00bb et que l\u2019enregistrement de la vid\u00e9o n\u2019\u00e9tait pas justifi\u00e9 par le droit du public \u00e0 l\u2019information.<\/p>\n<p>Auteur: M&rsquo;hammed rahal<br \/>\n<a href=\"http:\/\/albayane.press.ma\/un-prsonnage-controverse-et-figure-incontournable-du-sport-automobile.html\">Cliquez ici pour lire l&rsquo;article depuis sa source.<\/a><\/p>\n","protected":false},"excerpt":{"rendered":"<p>Mort \u00e0 81 ans de Max Mosley, ancien pr\u00e9sident de la FIA Max Mosley, ancien pr\u00e9sident de la F\u00e9d\u00e9ration internationale automobile de 1993 \u00e0 2009 et figure controvers\u00e9e du sport mondial, est mort \u00e0 l\u2019\u00e2ge de 81 ans, a annonc\u00e9 lundi l\u2019ancien patron de la F1 Bernie Ecclestone. Le Britannique a domin\u00e9 la sc\u00e8ne du [&hellip;]<\/p>\n","protected":false},"author":1760,"featured_media":0,"comment_status":"closed","ping_status":"closed","sticky":false,"template":"","format":"standard","meta":{"fifu_image_url":"","fifu_image_alt":"","footnotes":""},"categories":[73,54],"tags":[],"class_list":["post-117408","post","type-post","status-publish","format-standard","hentry","category-actualite","category-maroc"],"_links":{"self":[{"href":"https:\/\/linitiative.ca\/International\/wp-json\/wp\/v2\/posts\/117408","targetHints":{"allow":["GET"]}}],"collection":[{"href":"https:\/\/linitiative.ca\/International\/wp-json\/wp\/v2\/posts"}],"about":[{"href":"https:\/\/linitiative.ca\/International\/wp-json\/wp\/v2\/types\/post"}],"author":[{"embeddable":true,"href":"https:\/\/linitiative.ca\/International\/wp-json\/wp\/v2\/users\/1760"}],"replies":[{"embeddable":true,"href":"https:\/\/linitiative.ca\/International\/wp-json\/wp\/v2\/comments?post=117408"}],"version-history":[{"count":0,"href":"https:\/\/linitiative.ca\/International\/wp-json\/wp\/v2\/posts\/117408\/revisions"}],"wp:attachment":[{"href":"https:\/\/linitiative.ca\/International\/wp-json\/wp\/v2\/media?parent=117408"}],"wp:term":[{"taxonomy":"category","embeddable":true,"href":"https:\/\/linitiative.ca\/International\/wp-json\/wp\/v2\/categories?post=117408"},{"taxonomy":"post_tag","embeddable":true,"href":"https:\/\/linitiative.ca\/International\/wp-json\/wp\/v2\/tags?post=117408"}],"curies":[{"name":"wp","href":"https:\/\/api.w.org\/{rel}","templated":true}]}}