{"id":117410,"date":"2021-05-25T14:00:00","date_gmt":"2021-05-25T18:00:00","guid":{"rendered":"https:\/\/linitiative.ca\/International\/la-lecon-de-bourita\/"},"modified":"2021-05-25T14:00:00","modified_gmt":"2021-05-25T18:00:00","slug":"la-lecon-de-bourita","status":"publish","type":"post","link":"https:\/\/linitiative.ca\/International\/la-lecon-de-bourita\/","title":{"rendered":"La le\u00e7on de Bourita !"},"content":{"rendered":"<p class=\"has-vivid-cyan-blue-color has-text-color\"><strong>Lors d\u2019une r\u00e9cente sortie m\u00e9diatique avec un m\u00e9dia fran\u00e7ais, Nacer Bourita, ministre des affaires \u00e9trang\u00e8res aura tenu, de bout en bout, un propos concis et incisif pour \u00ab\u00a0clasher \u00bb hardiment l\u2019aversion ib\u00e9rique.<\/strong><\/p>\n<p>La duplicit\u00e9 navrante dont fait montre les d\u00e9cideurs espagnols n\u00e9cessitait, il est vrai, une r\u00e9plique empreinte d\u2019intransigeance sur le principe, mais aussi, de placidit\u00e9 sur l\u2019attitude affich\u00e9e. Affermi par la justesse de la position de notre pays, le diplomate marocain mettait du ton dans le discours, \u00e0 travers un argumentaire sans appel. On ne peut \u00eatre plus clair que cela, plaide-t-il la souverainet\u00e9 nationale, par un verbe si ferme et accusateur\u00a0:\u00a0\u00ab L\u2019Espagne a cr\u00e9\u00e9 la crise et cherche \u00e0 l\u2019endosser \u00e0 l\u2019Union Europ\u00e9enne, dans ce conflit narquois\u00a0! \u00bb. Loin d\u2019\u00eatre dupe, notre pays sait faire la part des choses et n\u2019entend pas tomber dans cet amalgame scabreux, pr\u00e9m\u00e9dit\u00e9 avec la connivence alg\u00e9rienne.<\/p>\n<p>Le Maroc attend une r\u00e9ponse persuasive de la part de son voisin du nord et c\u2019est aussi simple et limpide que l\u2019eau de roche\u00a0:\u00a0\u00ab\u00a0Pourquoi l\u2019Autorit\u00e9 espagnole eut-elle accueilli sur son sol le d\u00e9nomm\u00e9 Brahim Ghali, sous un nom erron\u00e9 et un passeport frauduleux, sans en avoir alert\u00e9 ni son partenaire de choix ni l\u2019UE au sein de laquelle elle tente \u00e0 pr\u00e9sent se r\u00e9fugier pour s\u2019en sortir\u00a0de son immense embarras ? Le plaidoyer \u00e0 la fois affut\u00e9 et percutant que fait d\u00e9gager le jeune responsable marocain aura clou\u00e9 au pilori les d\u00e9tractions mont\u00e9es de toutes pi\u00e8ces autour de l\u2019offense sordide dirig\u00e9e contre l\u2019int\u00e9grit\u00e9 territoriale du Maroc.<\/p>\n<p>\u00ab\u00a0On ne mangera jamais de ce pain\u00a0!\u00a0\u00bb, semble-t-il dire, haut et fort. D\u00e9sormais, notre pays aura cess\u00e9 de jouer le r\u00f4le de\u00a0 \u00ab\u00a0gendarme\u00a0\u00bb pour une mission qu\u2019il n\u2019est pas cens\u00e9 exercer, tout en se montrant coop\u00e9ratif pour une r\u00e9elle r\u00e9ciprocit\u00e9 de partenariat \u00e9quitable et loyal dans tous les domaines, y compris celui du respect de la souverainet\u00e9 nationale mutuelle. A cet \u00e9gard, le Maroc s\u2019est constamment interdit de fourrer le nez dans le conflit des ind\u00e9pendantistes catalans et basques de la p\u00e9ninsule ib\u00e9rique. Ce ne sera pas, pour autant, une raison de brader un partenaire aussi cr\u00e9dible et authentique \u00e0 de niveaux d\u2019une vitalit\u00e9 av\u00e9r\u00e9e pour une poign\u00e9e de gaz, tamis\u00e9e d\u2019apathie hostile.<\/p>\n<p>Ce ne serait non plus, l\u2019assaut massif des garnements dans l\u2019enclave de Sebta sur lequel les gouvernants espagnols essaient vainement d\u2019adosser leur traquenard. Le dilemme est beaucoup plus profond, car il est question de d\u00e9loyaut\u00e9 \u00e0 sens unique et de non confiance sur toute la ligne. Comment peut-on continuer \u00e0 se vouer \u00e0 un partenaire dont le dessein se fonde sur le complot\u00a0? Ce que semble marteler un Nacer Bourita flamboyant, sur le visage d\u2019un \u00a0\u00ab\u00a0alli\u00e9\u00a0\u00bb\u00a0 goguenard et une Europe m\u00e9dus\u00e9e\u00a0! \u00a0\u00a0\u00a0\u00a0\u00a0\u00a0\u00a0\u00a0\u00a0\u00a0\u00a0 \u00a0\u00a0\u00a0\u00a0\u00a0\u00a0\u00a0\u00a0\u00a0\u00a0\u00a0\u00a0\u00a0\u00a0\u00a0\u00a0\u00a0\u00a0\u00a0\u00a0\u00a0\u00a0\u00a0\u00a0 \u00a0\u00a0\u00a0\u00a0\u00a0\u00a0\u00a0\u00a0\u00a0<\/p>\n<p>Auteur: M&rsquo;hammed rahal<br \/>\n<a href=\"http:\/\/albayane.press.ma\/la-lecon-de-bourita.html\">Cliquez ici pour lire l&rsquo;article depuis sa source.<\/a><\/p>\n","protected":false},"excerpt":{"rendered":"<p>Lors d\u2019une r\u00e9cente sortie m\u00e9diatique avec un m\u00e9dia fran\u00e7ais, Nacer Bourita, ministre des affaires \u00e9trang\u00e8res aura tenu, de bout en bout, un propos concis et incisif pour \u00ab\u00a0clasher \u00bb hardiment l\u2019aversion ib\u00e9rique. La duplicit\u00e9 navrante dont fait montre les d\u00e9cideurs espagnols n\u00e9cessitait, il est vrai, une r\u00e9plique empreinte d\u2019intransigeance sur le principe, mais aussi, de [&hellip;]<\/p>\n","protected":false},"author":1760,"featured_media":0,"comment_status":"closed","ping_status":"closed","sticky":false,"template":"","format":"standard","meta":{"fifu_image_url":"","fifu_image_alt":"","footnotes":""},"categories":[73,54],"tags":[],"class_list":["post-117410","post","type-post","status-publish","format-standard","hentry","category-actualite","category-maroc"],"_links":{"self":[{"href":"https:\/\/linitiative.ca\/International\/wp-json\/wp\/v2\/posts\/117410","targetHints":{"allow":["GET"]}}],"collection":[{"href":"https:\/\/linitiative.ca\/International\/wp-json\/wp\/v2\/posts"}],"about":[{"href":"https:\/\/linitiative.ca\/International\/wp-json\/wp\/v2\/types\/post"}],"author":[{"embeddable":true,"href":"https:\/\/linitiative.ca\/International\/wp-json\/wp\/v2\/users\/1760"}],"replies":[{"embeddable":true,"href":"https:\/\/linitiative.ca\/International\/wp-json\/wp\/v2\/comments?post=117410"}],"version-history":[{"count":0,"href":"https:\/\/linitiative.ca\/International\/wp-json\/wp\/v2\/posts\/117410\/revisions"}],"wp:attachment":[{"href":"https:\/\/linitiative.ca\/International\/wp-json\/wp\/v2\/media?parent=117410"}],"wp:term":[{"taxonomy":"category","embeddable":true,"href":"https:\/\/linitiative.ca\/International\/wp-json\/wp\/v2\/categories?post=117410"},{"taxonomy":"post_tag","embeddable":true,"href":"https:\/\/linitiative.ca\/International\/wp-json\/wp\/v2\/tags?post=117410"}],"curies":[{"name":"wp","href":"https:\/\/api.w.org\/{rel}","templated":true}]}}