{"id":117411,"date":"2021-05-25T14:00:00","date_gmt":"2021-05-25T18:00:00","guid":{"rendered":"https:\/\/linitiative.ca\/International\/deces-de-touria-tazi\/"},"modified":"2021-05-25T14:00:00","modified_gmt":"2021-05-25T18:00:00","slug":"deces-de-touria-tazi","status":"publish","type":"post","link":"https:\/\/linitiative.ca\/International\/deces-de-touria-tazi\/","title":{"rendered":"D\u00e9c\u00e8s de Touria Tazi"},"content":{"rendered":"<p class=\"has-text-align-center has-vivid-red-color has-text-color\"><strong>Une camarade de la premi\u00e8re heure s\u2019en va<\/strong><\/p>\n<p><strong>Le Parti du progr\u00e8s et du socialisme a l\u2019immense douleur d\u2019annoncer le d\u00e9c\u00e8s de Touria Tazi, une militante de la premi\u00e8re heure du Parti communiste marocain, qui a continu\u00e9, avec feu son mari, le camarade\u00a0 Si Abdelaziz Tazi, son combat, loin des projecteurs, \u00e0 soutenir, fid\u00e8lement, le PPS. Que Dieu l\u2019ait en sa Sainte mis\u00e9ricorde.<\/strong><\/p>\n<p>La d\u00e9funte, qui s\u2019est \u00e9teinte hier mardi \u00e0 Casablanca, a \u00e9t\u00e9, une pionni\u00e8re du combat\u00a0 de la femme marocaine, ayant adh\u00e9r\u00e9 au PCM en 1958. Avec feu son mari, le couple avait gard\u00e9 d\u2019excellentes relations de grande amiti\u00e9 et de solidarit\u00e9 notamment avec feus Ali Yata et Abdallah Layachi.<\/p>\n<p>Touria Tazi a \u00e9t\u00e9, en 1957,\u00a0 l\u2019une des tout premi\u00e8res infirmi\u00e8res dipl\u00f4m\u00e9es du Maroc ind\u00e9pendant. Une ann\u00e9e apr\u00e8s, elle \u00e9pousa Si Abdelaziz et donneront naissance \u00e0 trois enfants, Karim, Nacer et Hidaya.<br \/>Avec son mari, ils ont continu\u00e9 le combat, autrement, l\u2019un par l\u2019implication dans le domaine industriel (il est le fondateur de Richbond), tout en manifestant sa solidarit\u00e9 mat\u00e9rielle au Parti qu\u2019il a toujours tenu en grande estime, et l\u2019autre par un engagement profond aupr\u00e8s des d\u00e9munies, devenu sa raison d\u2019\u00eatre.<\/p>\n<p>Femme battante, Touria Tazi est l\u2019une des pionni\u00e8res dans la d\u00e9fense des droits de la femme. Elle a repr\u00e9sent\u00e9 le PCM au congr\u00e8s international de la femme en 1962 en Ex-URSS. C\u2019est l\u00e0 qu\u2019elle a fait la connaissance de Valentina Terechkova, la premi\u00e8re femme cosmonaute \u00e0 avoir effectu\u00e9 un voyage solitaire dans l\u2019espace. Ainsi que Youri Gargarine.<\/p>\n<p>Touria consacra par la suite tout son temps \u00e0 l\u2019action associative. Travaillant dans l\u2019ombre, elle a pu mettre sur pied pr\u00e8s d\u2019une vingtaine de cr\u00e8ches et jardins d\u2019enfants \u00e0 Casablanca au profit de la population des quartiers d\u00e9favoris\u00e9s, notamment les m\u00e8res c\u00e9libataires. Son credo, comme elle nous le r\u00e9p\u00e9tait souvent, \u00abc\u2019est de laisser les femmes faire, pas plus\u00bb.<\/p>\n<p>Touria Tazi est tr\u00e8s connue dans le milieu associatif qu\u2019elle a marqu\u00e9 d\u2019une emprunte ind\u00e9l\u00e9bile, par son parti-pris au profit de la cause des femmes et des enfants. Elle avait cr\u00e9\u00e9, d\u00e9j\u00e0 en 1996, son prototype \u00ab\u00a0Basma\u00a0\u00bb, fortement dupliqu\u00e9 depuis.<\/p>\n<p>Elle est rest\u00e9e fid\u00e8le \u00e0 ses id\u00e9aux de jeunesse en faisant fleurir de nombreuses actions, gr\u00e2ce \u00e0 sa fid\u00e9lit\u00e9 caritative, avec modestie, d\u00e9vouement, sagesse et humanisme.<\/p>\n<p>Nous gardons en m\u00e9moire, avec un grand respect et une profonde affection, son engagement, jeune, dans le combat de l\u2019\u00e9dification du Maroc ind\u00e9pendant et ses luttes incessantes au profit de la femme d\u00e9munie.<\/p>\n<p>Pleinement engag\u00e9e dans le combat social, elle n\u2019a cess\u00e9 de jouir de la reconnaissance du tissu associatif auquel elle a contribu\u00e9 \u00e0 renforcer, notamment par son implication directe et personnelle.<\/p>\n<p>Nous nous inclinons devant la m\u00e9moire de cette grande militante des temps modernes qui a consacr\u00e9 sa vie \u00e0 servir les d\u00e9munies.<\/p>\n<p>Nous pr\u00e9sentons nos sinc\u00e8res condol\u00e9ances \u00e0 toute sa famille, \u00e0 ses enfants Karim, Nacer et Hidaya, \u00e0 tous ses petits enfants, aux familles alli\u00e9es, \u00e0 ses proches et \u00e0 ses amies, priant Dieu le tr\u00e8s haut de l\u2019avoir en sa sainte mis\u00e9ricorde et d\u2019accorder aux siens patience et r\u00e9confort.<\/p>\n<p>\u00ab\u00a0Nous sommes \u00e0 Dieu et \u00e0 Lui nous retournons\u00a0\u00bb<\/p>\n<p>Auteur: M&rsquo;hammed rahal<br \/>\n<a href=\"http:\/\/albayane.press.ma\/deces-de-touria-tazi-2.html\">Cliquez ici pour lire l&rsquo;article depuis sa source.<\/a><\/p>\n","protected":false},"excerpt":{"rendered":"<p>Une camarade de la premi\u00e8re heure s\u2019en va Le Parti du progr\u00e8s et du socialisme a l\u2019immense douleur d\u2019annoncer le d\u00e9c\u00e8s de Touria Tazi, une militante de la premi\u00e8re heure du Parti communiste marocain, qui a continu\u00e9, avec feu son mari, le camarade\u00a0 Si Abdelaziz Tazi, son combat, loin des projecteurs, \u00e0 soutenir, fid\u00e8lement, le [&hellip;]<\/p>\n","protected":false},"author":1760,"featured_media":0,"comment_status":"closed","ping_status":"closed","sticky":false,"template":"","format":"standard","meta":{"fifu_image_url":"","fifu_image_alt":"","footnotes":""},"categories":[73,54],"tags":[],"class_list":["post-117411","post","type-post","status-publish","format-standard","hentry","category-actualite","category-maroc"],"_links":{"self":[{"href":"https:\/\/linitiative.ca\/International\/wp-json\/wp\/v2\/posts\/117411","targetHints":{"allow":["GET"]}}],"collection":[{"href":"https:\/\/linitiative.ca\/International\/wp-json\/wp\/v2\/posts"}],"about":[{"href":"https:\/\/linitiative.ca\/International\/wp-json\/wp\/v2\/types\/post"}],"author":[{"embeddable":true,"href":"https:\/\/linitiative.ca\/International\/wp-json\/wp\/v2\/users\/1760"}],"replies":[{"embeddable":true,"href":"https:\/\/linitiative.ca\/International\/wp-json\/wp\/v2\/comments?post=117411"}],"version-history":[{"count":0,"href":"https:\/\/linitiative.ca\/International\/wp-json\/wp\/v2\/posts\/117411\/revisions"}],"wp:attachment":[{"href":"https:\/\/linitiative.ca\/International\/wp-json\/wp\/v2\/media?parent=117411"}],"wp:term":[{"taxonomy":"category","embeddable":true,"href":"https:\/\/linitiative.ca\/International\/wp-json\/wp\/v2\/categories?post=117411"},{"taxonomy":"post_tag","embeddable":true,"href":"https:\/\/linitiative.ca\/International\/wp-json\/wp\/v2\/tags?post=117411"}],"curies":[{"name":"wp","href":"https:\/\/api.w.org\/{rel}","templated":true}]}}