{"id":117412,"date":"2021-05-25T14:31:00","date_gmt":"2021-05-25T18:31:00","guid":{"rendered":"https:\/\/linitiative.ca\/International\/le-maroc-en-passe-de-devenir-le-1er-pays-a-elargir-la-protection-sociale-a-tous-ses-citoyens-afrique\/"},"modified":"2021-05-25T14:31:00","modified_gmt":"2021-05-25T18:31:00","slug":"le-maroc-en-passe-de-devenir-le-1er-pays-a-elargir-la-protection-sociale-a-tous-ses-citoyens-afrique","status":"publish","type":"post","link":"https:\/\/linitiative.ca\/International\/le-maroc-en-passe-de-devenir-le-1er-pays-a-elargir-la-protection-sociale-a-tous-ses-citoyens-afrique\/","title":{"rendered":"Le Maroc en passe de devenir le 1er pays \u00e0 \u00e9largir la protection sociale \u00e0 tous ses citoyens Afrique"},"content":{"rendered":"<p class=\"has-text-align-center has-vivid-green-cyan-color has-text-color\"><strong>Renaud-Basso en<\/strong> <strong>pr\u00e9sidente de la BERD<\/strong><\/p>\n<p><strong>Le Maroc est en passe de devenir le premier pays africain \u00e0 \u00e9largir la protection sociale \u00e0 tous ses citoyens, a indiqu\u00e9 la pr\u00e9sidente de la Banque Europ\u00e9enne pour la Reconstruction et le D\u00e9veloppement (BERD), Odile Renaud-Basso.<\/strong><\/p>\n<p>\u00ab\u00a0Ce tr\u00e8s important et v\u00e9ritable projet de soci\u00e9t\u00e9 aura des effets directs et tangibles sur l\u2019am\u00e9lioration des conditions de vie des citoyens\u00a0\u00bb, a dit Mme Renaud-Basso dans une interview accord\u00e9e \u00e0 la MAP, qui effectue sa premi\u00e8re visite officielle au Maroc les 24 et 25 mai en format virtuel.<\/p>\n<p>Le projet offrira de nouvelles prestations de soins de sant\u00e9 aux travailleurs artisanaux marocains tels que les agriculteurs, les artisans et autres employ\u00e9s priv\u00e9s ind\u00e9pendants, a-t-elle poursuivi.<\/p>\n<p>Renaud-Basso a \u00e9galement soulign\u00e9 que dans le cadre de ce programme, le Maroc va ouvrir son secteur de la sant\u00e9 \u00e0 l\u2019investissement. \u00ab\u00a0Certains des d\u00e9fis auxquels le secteur de la sant\u00e9 est confront\u00e9 seront relev\u00e9s en l\u2019ouvrant aux investissements \u00e9trangers et aux experts\u00a0\u00bb, a-t-elle fait remarquer. \u00ab\u00a0Nous estimons que le Maroc a actuellement besoin de 35.000 m\u00e9decins et 57.000 infirmi\u00e8res suppl\u00e9mentaires pour se conformer aux normes de l\u2019Organisation mondiale de la sant\u00e9\u00a0\u00bb.<\/p>\n<p>La pr\u00e9sidente de la BERD effectue sa premi\u00e8re visite officielle au Maroc en format virtuel pour discuter avec plusieurs responsables du gouvernement et les op\u00e9rateurs du secteur priv\u00e9 et les acteurs de la soci\u00e9t\u00e9 civile de diff\u00e9rentes questions li\u00e9es notamment \u00e0 la reprise post-covid-19 et les investissements de la banque.<\/p>\n<p>Lundi, elle s\u2019est entretenue avec le ministre de l\u2019Economie, des Finances et de la R\u00e9forme de l\u2019administration, Mohamed Bencha\u00e2boun et le ministre des Affaires \u00e9trang\u00e8res, de la coop\u00e9ration africaine et des Marocains r\u00e9sidant \u00e0 l\u2019\u00e9tranger, Nasser Bourita.<\/p>\n<p>Auteur: M&rsquo;hammed rahal<br \/>\n<a href=\"http:\/\/albayane.press.ma\/le-maroc-en-passe-de-devenir-le-1er-pays-a-elargir-la-protection-sociale-a-tous-ses-citoyens-afrique.html\">Cliquez ici pour lire l&rsquo;article depuis sa source.<\/a><\/p>\n","protected":false},"excerpt":{"rendered":"<p>Renaud-Basso en pr\u00e9sidente de la BERD Le Maroc est en passe de devenir le premier pays africain \u00e0 \u00e9largir la protection sociale \u00e0 tous ses citoyens, a indiqu\u00e9 la pr\u00e9sidente de la Banque Europ\u00e9enne pour la Reconstruction et le D\u00e9veloppement (BERD), Odile Renaud-Basso. \u00ab\u00a0Ce tr\u00e8s important et v\u00e9ritable projet de soci\u00e9t\u00e9 aura des effets directs [&hellip;]<\/p>\n","protected":false},"author":1760,"featured_media":0,"comment_status":"closed","ping_status":"closed","sticky":false,"template":"","format":"standard","meta":{"fifu_image_url":"","fifu_image_alt":"","footnotes":""},"categories":[73,54],"tags":[],"class_list":["post-117412","post","type-post","status-publish","format-standard","hentry","category-actualite","category-maroc"],"_links":{"self":[{"href":"https:\/\/linitiative.ca\/International\/wp-json\/wp\/v2\/posts\/117412","targetHints":{"allow":["GET"]}}],"collection":[{"href":"https:\/\/linitiative.ca\/International\/wp-json\/wp\/v2\/posts"}],"about":[{"href":"https:\/\/linitiative.ca\/International\/wp-json\/wp\/v2\/types\/post"}],"author":[{"embeddable":true,"href":"https:\/\/linitiative.ca\/International\/wp-json\/wp\/v2\/users\/1760"}],"replies":[{"embeddable":true,"href":"https:\/\/linitiative.ca\/International\/wp-json\/wp\/v2\/comments?post=117412"}],"version-history":[{"count":0,"href":"https:\/\/linitiative.ca\/International\/wp-json\/wp\/v2\/posts\/117412\/revisions"}],"wp:attachment":[{"href":"https:\/\/linitiative.ca\/International\/wp-json\/wp\/v2\/media?parent=117412"}],"wp:term":[{"taxonomy":"category","embeddable":true,"href":"https:\/\/linitiative.ca\/International\/wp-json\/wp\/v2\/categories?post=117412"},{"taxonomy":"post_tag","embeddable":true,"href":"https:\/\/linitiative.ca\/International\/wp-json\/wp\/v2\/tags?post=117412"}],"curies":[{"name":"wp","href":"https:\/\/api.w.org\/{rel}","templated":true}]}}